{"id":26931,"date":"2021-02-28T15:13:54","date_gmt":"2021-02-28T18:13:54","guid":{"rendered":"https:\/\/pcb.org.br\/portal2\/?p=26931"},"modified":"2021-02-28T15:13:54","modified_gmt":"2021-02-28T18:13:54","slug":"100-anos-do-partido-comunista-portugues","status":"publish","type":"post","link":"https:\/\/pcb.org.br\/portal2\/26931","title":{"rendered":"100 anos do Partido Comunista Portugu\u00eas"},"content":{"rendered":"<p><img decoding=\"async\" class=\"imagem\" title=\"imagem\" src=\"https:\/\/i0.wp.com\/pbs.twimg.com\/media\/Eu7IQp2XAAI2T2O.jpg\" alt=\"imagem\" \/><!--more-->Jornal AVANTE!<\/p>\n<p>Na semana do Centen\u00e1rio: levar mais longe o Partido e o seu projeto<\/p>\n<p>Assinalando os 100 anos de luta do Partido Comunista Portugu\u00eas, partido da classe oper\u00e1ria e de todos os trabalhadores, na pr\u00f3xima semana realizar-se-\u00e1 um conjunto de a\u00e7\u00f5es por todo o Pa\u00eds afirmando o PCP, que nasceu em 6 de mar\u00e7o de 1921, com a for\u00e7a da sua hist\u00f3ria her\u00f3ica de 100 anos, afirmando hoje o seu projeto de futuro.<\/p>\n<p>Ser\u00e1 uma semana integrada por diversas iniciativas, com o seu momento culminante no s\u00e1bado, dia 6 de mar\u00e7o de 2021, quando far\u00e1 100 anos que foi fundado o Partido Comunista Portugu\u00eas.<\/p>\n<p>Ser\u00e1 uma semana em que, assinalando um percurso inigual\u00e1vel, pelos direitos, a melhoria das condi\u00e7\u00f5es de vida e o progresso social, contra a explora\u00e7\u00e3o e o empobrecimento, pela liberdade, a democracia e o socialismo, se afirmar\u00e1 que este \u00e9 o Partido da alternativa \u00e0 pol\u00edtica de direita, da pol\u00edtica patri\u00f3tica e de esquerda, vinculada aos valores de Abril, com respostas para os problemas dos trabalhadores, do povo e do Pa\u00eds, por uma vida melhor e uma sociedade mais justa.<\/p>\n<p>Durante toda a semana, distribuindo um folheto, o PCP contatar\u00e1 os trabalhadores nas empresas e locais de trabalho, como o seu Partido, o Partido que est\u00e1 ao seu lado todos os dias e cujo projeto \u00e9 indissoci\u00e1vel dos seus interesses e aspira\u00e7\u00f5es a uma vida melhor, \u00e0 liberta\u00e7\u00e3o de todas as formas de explora\u00e7\u00e3o e opress\u00e3o.<\/p>\n<p>De igual modo, ser\u00e3o instaladas bandeiras do PCP em diversas localidades, pintados murais e preparadas e colocadas faixas projetando a sua mensagem, as suas propostas, o ideal e o projeto comunistas.<\/p>\n<p>Ser\u00e1 uma semana de afirma\u00e7\u00e3o do PCP, onde se destacam as ac\u00e7\u00f5es que tratamos com pormenor nestas p\u00e1ginas.<\/p>\n<p>2 de mar\u00e7o, ter\u00e7a-feira<\/p>\n<p>Homenagem aos her\u00f3is ca\u00eddos na luta<\/p>\n<p>Dezenas de militantes comunistas, homens e mulheres, filhos do povo trabalhador, intelectuais e artistas, ca\u00edram na luta, assassinados pela ditadura fascista, ou, j\u00e1 depois do 25 de Abril de 1974, na resist\u00eancia \u00e0 contrarrevolu\u00e7\u00e3o e em defesa das conquistas da Revolu\u00e7\u00e3o de Abril.<\/p>\n<p>Lutaram contra a opress\u00e3o e o terror e pela liberdade de todos os portugueses, pelo desenvolvimento soberano do Pa\u00eds e pelo progresso social. Her\u00f3is ca\u00eddos na luta legaram-nos sementes de liberdade. O seu exemplo e o seu sacrif\u00edcio jamais ser\u00e3o esquecidos.<\/p>\n<p>Para homenagear estes her\u00f3is ca\u00eddos na luta, decorrer\u00e3o iniciativas no dia 2 de mar\u00e7o, em cinco locais distintos. Atrav\u00e9s desta iniciativa presta-se homenagem, simbolicamente, a todos os homens e mulheres que, tendo dedicado as suas vidas \u00e0 luta dos trabalhadores e do povo portugu\u00eas e ao ideal e projeto comunistas, tombaram nesse combate.<\/p>\n<p>Os locais simb\u00f3licos ser\u00e3o:<\/p>\n<p>Cemit\u00e9rio do Alto de S. Jo\u00e3o (Lisboa), junto ao Monumento \u00e0 mem\u00f3ria das v\u00edtimas do Tarrafal;<\/p>\n<p>Alc\u00e2ntara (Lisboa), na Rua da Creche, junto \u00e0 placa alusiva que homenageia Jos\u00e9 Dias Coelho, assassinado pela PIDE em 19 de dezembro de 1961;<\/p>\n<p>Baleiz\u00e3o (Beja), junto ao memorial a Catarina Euf\u00e9mia, onde foi assassinada a 19 de maio de 1954;<\/p>\n<p>Estrada de Bucelas(Loures), no local onde Alfredo Diniz (Alex) foi assassinado, em 4 de julho de 1945;<\/p>\n<p>Escoural (Montemor-o-Novo), junto ao monumento a Caravela e Casquinha, assassinados em setembro de 1979.<\/p>\n<p>4 de mar\u00e7o, quinta-feira<\/p>\n<p>Venda especial do Avante!<\/p>\n<p>A venda especial do Avante! vai decorrer em todo o Pa\u00eds, nas ruas e pra\u00e7as de diversas localidades, em bancas de rua e porta-a porta, junto a empresas e locais de trabalho.<\/p>\n<p>O Avante! especial da pr\u00f3xima semana incluir\u00e1 um suplemento de 8 p\u00e1ginas em papel couch\u00e9, cujos conte\u00fados dar\u00e3o centralidade ao percurso exemplar de 100 anos de luta do PCP e ao seu projeto exaltante que se afirma na atualidade e no futuro, e incluir\u00e1 ainda um poster alusivo ao Centen\u00e1rio do PCP.<\/p>\n<p>6 de mar\u00e7o, s\u00e1bado<\/p>\n<p>100 anos, 100 a\u00e7\u00f5es<\/p>\n<p>A 6 de mar\u00e7o, dia em que assinala o seu Centen\u00e1rio, o Partido Comunista Portugu\u00eas promove em todo o Pa\u00eds um vasto conjunto de iniciativas, centrado nos problemas do Pa\u00eds, dos trabalhadores e do povo.<\/p>\n<p>Com o lema Liberdade, Democracia, Socialismo \u2013 Pelos direitos, a melhoria das condi\u00e7\u00f5es de vida e o progresso social. Contra a explora\u00e7\u00e3o e o empobrecimento, o PCP traz para a rua a exig\u00eancia de uma pol\u00edtica que responda aos problemas, aos anseios e reivindica\u00e7\u00f5es que se colocam aos trabalhadores e ao povo portugu\u00eas.<\/p>\n<p>Uma pol\u00edtica que:<\/p>\n<p>\u2022 valorize o trabalho e os trabalhadores;<\/p>\n<p>\u2022 defenda a produ\u00e7\u00e3o nacional e o emprego;<\/p>\n<p>\u2022 garanta o direito \u00e0 educa\u00e7\u00e3o e \u00e0 cultura;<\/p>\n<p>\u2022 reforce o Servi\u00e7o Nacional de Sa\u00fade e os servi\u00e7os p\u00fablicos;<\/p>\n<p>\u2022 garanta uma vida digna para os mais idosos e os direitos das crian\u00e7as e da juventude;<\/p>\n<p>\u2022 assegure \u00e0s mulheres a igualdade na lei e na vida;<\/p>\n<p>\u2022 promova um ambiente equilibrado;<\/p>\n<p>\u2022 assegure o acesso \u00e0 justi\u00e7a e o combate \u00e0 corrup\u00e7\u00e3o;<\/p>\n<p>\u2022 proteja a paz e a coopera\u00e7\u00e3o;<\/p>\n<p>\u2022 defenda a soberania e a independ\u00eancia nacional;<\/p>\n<p>\u2022 afirme os valores de Abril e a Constitui\u00e7\u00e3o de Rep\u00fablica Portuguesa.<\/p>\n<p>Valorizando a Constitui\u00e7\u00e3o, o seu efetivo cumprimento e o projeto que comporta para o desenvolvimento do Pa\u00eds, o PCP bate-se pela alternativa patri\u00f3tica e de esquerda, pela democracia avan\u00e7ada, pelo socialismo.<\/p>\n<p>Tal como nestes 100 anos n\u00e3o h\u00e1 avan\u00e7o ou conquista que n\u00e3o tenha contado com a contribui\u00e7\u00e3o, a iniciativa e a luta do PCP. Tamb\u00e9m hoje e no futuro o PCP \u00e9 imprescind\u00edvel e decisivo na luta pelos direitos e a melhoria das condi\u00e7\u00f5es de vida, no avan\u00e7o para uma sociedade mais justa.<\/p>\n<p>O Secret\u00e1rio-geral do Partido participar\u00e1 da iniciativa que se realiza em Lisboa \u00e0s 15:00, no Rossio.<\/p>\n<p>Contato com os trabalhadores<\/p>\n<p>Tal como em toda a semana, tamb\u00e9m no dia 6, da parte da manh\u00e3, o PCP contatar\u00e1 com os trabalhadores nas empresas e locais de trabalho por todo o Pa\u00eds.<\/p>\n","protected":false},"excerpt":{"rendered":"<a class=\"moretag\" href=\"https:\/\/pcb.org.br\/portal2\/26931\"> <\/a>","protected":false},"author":1,"featured_media":0,"comment_status":"closed","ping_status":"closed","sticky":false,"template":"","format":"standard","meta":{"jetpack_post_was_ever_published":false,"_jetpack_newsletter_access":"","_jetpack_dont_email_post_to_subs":false,"_jetpack_newsletter_tier_id":0,"_jetpack_memberships_contains_paywalled_content":false,"_jetpack_memberships_contains_paid_content":false,"footnotes":"","jetpack_publicize_message":"","jetpack_publicize_feature_enabled":true,"jetpack_social_post_already_shared":true,"jetpack_social_options":{"image_generator_settings":{"template":"highway","default_image_id":0,"font":"","enabled":false},"version":2}},"categories":[98],"tags":[227],"class_list":["post-26931","post","type-post","status-publish","format-standard","hentry","category-c111-portugal","tag-5a"],"jetpack_publicize_connections":[],"jetpack_featured_media_url":"","jetpack_shortlink":"https:\/\/wp.me\/p659gw-70n","jetpack-related-posts":[],"jetpack_likes_enabled":true,"jetpack_sharing_enabled":true,"_links":{"self":[{"href":"https:\/\/pcb.org.br\/portal2\/wp-json\/wp\/v2\/posts\/26931","targetHints":{"allow":["GET"]}}],"collection":[{"href":"https:\/\/pcb.org.br\/portal2\/wp-json\/wp\/v2\/posts"}],"about":[{"href":"https:\/\/pcb.org.br\/portal2\/wp-json\/wp\/v2\/types\/post"}],"author":[{"embeddable":true,"href":"https:\/\/pcb.org.br\/portal2\/wp-json\/wp\/v2\/users\/1"}],"replies":[{"embeddable":true,"href":"https:\/\/pcb.org.br\/portal2\/wp-json\/wp\/v2\/comments?post=26931"}],"version-history":[{"count":0,"href":"https:\/\/pcb.org.br\/portal2\/wp-json\/wp\/v2\/posts\/26931\/revisions"}],"wp:attachment":[{"href":"https:\/\/pcb.org.br\/portal2\/wp-json\/wp\/v2\/media?parent=26931"}],"wp:term":[{"taxonomy":"category","embeddable":true,"href":"https:\/\/pcb.org.br\/portal2\/wp-json\/wp\/v2\/categories?post=26931"},{"taxonomy":"post_tag","embeddable":true,"href":"https:\/\/pcb.org.br\/portal2\/wp-json\/wp\/v2\/tags?post=26931"}],"curies":[{"name":"wp","href":"https:\/\/api.w.org\/{rel}","templated":true}]}}