{"id":26959,"date":"2021-03-04T19:21:22","date_gmt":"2021-03-04T22:21:22","guid":{"rendered":"https:\/\/pcb.org.br\/portal2\/?p=26959"},"modified":"2021-03-07T23:24:17","modified_gmt":"2021-03-08T02:24:17","slug":"capitalismo-e-feminismo-nao-podem-coexistir-2","status":"publish","type":"post","link":"https:\/\/pcb.org.br\/portal2\/26959","title":{"rendered":"Capitalismo e feminismo n\u00e3o podem coexistir"},"content":{"rendered":"<p><img decoding=\"async\" class=\"imagem\" title=\"imagem\" src=\"https:\/\/i0.wp.com\/lh3.googleusercontent.com\/pw\/ACtC-3cF3pe--uCn4QGfwloRVTSLoy8sVAUbyS3jZa8iIzG08z_qgefUNMcKGMOnO7NuRruNBS1lowdJfu6ryXChubtmWjuitA480I8vMcw-juprgT8oIzcVxmpSuwJWUc3rd1ocGbPvCQygRNh-3YivJNes=s646-no\" alt=\"imagem\" \/><!--more-->Coletivo Feminista Classista Ana Montenegro de Porto Alegre &#8211; RS<\/p>\n<p>O modelo feminista dominante na conjuntura atual \u00e9 o feminismo liberal, o qual prega o empoderamento individual das mulheres, esse aliado a uma posi\u00e7\u00e3o de poder e sucesso no mercado de trabalho.<\/p>\n<p>Segundo o pensamento hegem\u00f4nico, bastaria as mulheres conseguirem um bom emprego, exercerem seus direitos de voto, n\u00e3o serem propriedades dos seus maridos e amparadas por algumas leis e normas contra a discrimina\u00e7\u00e3o.<\/p>\n<p>\u00c9 evidente a import\u00e2ncia de tais conquistas, por\u00e9m, n\u00e3o podemos deixar de observar que o longo processo para alcan\u00e7\u00e1-las envolveu intensa luta socialista com muitas derrotas e persegui\u00e7\u00f5es.<\/p>\n<p>Al\u00e9m disso, n\u00e3o se pode deixar de lado o fato de que a luta feminista n\u00e3o \u00e9 t\u00e3o somente uma luta de g\u00eanero, mas tamb\u00e9m uma luta racial e de classes. Trata-se de lutar e criar igualdade e uma vida boa para todos, independentemente de sexo, g\u00eanero, ra\u00e7a, etnia, educa\u00e7\u00e3o, renda, religi\u00e3o ou onde morem. Tais objetivos n\u00e3o podemos atingir dentro do capitalismo, pois este sistema n\u00e3o visa melhorar vidas e sim melhorar os lucros. O capitalismo precisou e sempre ir\u00e1 precisar de desigualdades para sobreviver a crises c\u00edclicas. Como sistema hist\u00f3rico, o sexismo e o racismo t\u00eam sido uma parte central das estrat\u00e9gias de acumula\u00e7\u00e3o no capitalismo.<\/p>\n<p>\u00c9 invi\u00e1vel portanto que todas as mulheres tenham, portanto, um trabalho digno, um sal\u00e1rio justo, um sistema de sa\u00fade gratuito e eficaz, alimentos em todas as refei\u00e7\u00f5es dentro de um sistema que se apoia em lucro, desigualdades e pequenas reformas.<\/p>\n<p>O enfrentamento ao patriarcado na ideia feminista liberal, se d\u00e1 de forma n\u00e3o coletiva, se contentando com as pequenas migalhas ofereceidas pelo Estado, sem romper com a principal estrutura que o retroalimenta &#8211; o sistema capitalista. S\u00f3 um projeto coletivo, enraizado na solidariedade e na coopera\u00e7\u00e3o, e organizado em torno do princ\u00edpio de retomar nosso planeta das corpora\u00e7\u00f5es gananciosas, nos oferecer\u00e1 uma chance de luta para alterar nossa trajet\u00f3ria atual.<\/p>\n<p>FEMINISMO CLASSISTA<br \/>\nFUTURO SOCIALISTA!<\/p>\n<p>#MulheresTrabalhadoras #MulheradaQueOusaLutar #8m<\/p>\n","protected":false},"excerpt":{"rendered":"<a class=\"moretag\" href=\"https:\/\/pcb.org.br\/portal2\/26959\"> <\/a>","protected":false},"author":1,"featured_media":0,"comment_status":"closed","ping_status":"closed","sticky":false,"template":"","format":"standard","meta":{"jetpack_post_was_ever_published":false,"_jetpack_newsletter_access":"","_jetpack_dont_email_post_to_subs":false,"_jetpack_newsletter_tier_id":0,"_jetpack_memberships_contains_paywalled_content":false,"_jetpack_memberships_contains_paid_content":false,"footnotes":"","jetpack_publicize_message":"","jetpack_publicize_feature_enabled":true,"jetpack_social_post_already_shared":true,"jetpack_social_options":{"image_generator_settings":{"template":"highway","default_image_id":0,"font":"","enabled":false},"version":2}},"categories":[22,20],"tags":[221],"class_list":["post-26959","post","type-post","status-publish","format-standard","hentry","category-c3-coletivo-ana-montenegro","category-c1-popular","tag-2a"],"jetpack_publicize_connections":[],"jetpack_featured_media_url":"","jetpack_shortlink":"https:\/\/wp.me\/p659gw-70P","jetpack-related-posts":[],"jetpack_likes_enabled":true,"jetpack_sharing_enabled":true,"_links":{"self":[{"href":"https:\/\/pcb.org.br\/portal2\/wp-json\/wp\/v2\/posts\/26959","targetHints":{"allow":["GET"]}}],"collection":[{"href":"https:\/\/pcb.org.br\/portal2\/wp-json\/wp\/v2\/posts"}],"about":[{"href":"https:\/\/pcb.org.br\/portal2\/wp-json\/wp\/v2\/types\/post"}],"author":[{"embeddable":true,"href":"https:\/\/pcb.org.br\/portal2\/wp-json\/wp\/v2\/users\/1"}],"replies":[{"embeddable":true,"href":"https:\/\/pcb.org.br\/portal2\/wp-json\/wp\/v2\/comments?post=26959"}],"version-history":[{"count":0,"href":"https:\/\/pcb.org.br\/portal2\/wp-json\/wp\/v2\/posts\/26959\/revisions"}],"wp:attachment":[{"href":"https:\/\/pcb.org.br\/portal2\/wp-json\/wp\/v2\/media?parent=26959"}],"wp:term":[{"taxonomy":"category","embeddable":true,"href":"https:\/\/pcb.org.br\/portal2\/wp-json\/wp\/v2\/categories?post=26959"},{"taxonomy":"post_tag","embeddable":true,"href":"https:\/\/pcb.org.br\/portal2\/wp-json\/wp\/v2\/tags?post=26959"}],"curies":[{"name":"wp","href":"https:\/\/api.w.org\/{rel}","templated":true}]}}