{"id":27,"date":"2009-12-05T02:29:02","date_gmt":"2009-12-05T02:29:02","guid":{"rendered":"http:\/\/pcb.org.br\/portal2\/?p=27"},"modified":"2009-12-05T02:29:02","modified_gmt":"2009-12-05T02:29:02","slug":"obama-repete-johnson-nixon-e-bush","status":"publish","type":"post","link":"https:\/\/pcb.org.br\/portal2\/27","title":{"rendered":"Obama repete Johnson, Nixon e Bush"},"content":{"rendered":"\n<p>Ontem, dirigindo-se aos oficiais da Academia Militar de West Point, Barack Obama tornou p\u00fablica a decis\u00e3o de enviar mais 30.000 soldados para o Afeganist\u00e3o.<\/p>\n<p>O discurso patrioteiro que ali pronunciou \u00e9 uma pe\u00e7a orat\u00f3ria que traz \u00e0 mem\u00f3ria outros de Johnson e Nixon, a justificar a escalada no Vietnam, e de George W.Bush em defesa da agress\u00e3o ao Iraque.<\/p>\n<p>A linguagem difere, mas a inten\u00e7\u00e3o de enganar, a mentira consciente e a hipocrisia s\u00e3o muito similares.<\/p>\n<p>N\u00e3o houve surpresa. Sabia-se que o Presidente iria ceder \u00e0s press\u00f5es do Pent\u00e1gono e dos generais Petraeus e Mc Chrystal.<\/p>\n<p>A d\u00favida estava no montante do \u201crefor\u00e7o\u201d. Foi a variante m\u00e1xima que prevaleceu. Para Cabul v\u00e3o ser enviados mais 30.000 militares estado-unidenses.<\/p>\n<p>O revestimento ret\u00f3rico da mensagem \u00e9 rid\u00edculo e farisaico.<\/p>\n<p>Obama debita os estafados argumentos sobre a necessidade de transferir responsabilidades para o ex\u00e9rcito afeg\u00e3o, a fim de que a retirada das tropas norte-americanas e da NATO possa principiar em meados de 2011. Simula advertir ao presidente fantoche Hamid Karzai de que n\u00e3o tolerar\u00e1 mais a corrup\u00e7\u00e3o que devasta o pa\u00eds, e, como \u00e9 da praxe, atribui aos talibans e \u00e0 Al Quaeda a responsabilidade pela insurrei\u00e7\u00e3o afeg\u00e3.<\/p>\n<p>Tudo indica que o objectivo de sensibilizar os principais aliados europeus n\u00e3o ser\u00e1 atingido. A Fran\u00e7a e a Alemanha j\u00e1 informaram que se recusam a enviar mais tropas para a caldeira afeg\u00e3. O Reino Unido confirmou que refor\u00e7ar\u00e1 o seu contingente, mas apenas com 500 soldados. Zapatero e S\u00f3crates, vassalos d\u00f3ceis do imperialismo, comprometeram-se a enviar respectivamente mais 200 e 150. Uma meia d\u00fazia de pa\u00edses fixam datas para retirar as tropas que ali mant\u00eam.<\/p>\n<p>\u00c9 significativo que alguns correspondentes desmintam nas suas cr\u00f3nicas a vis\u00e3o da guerra apresentada por Obama em West Point. Segundo eles a presen\u00e7a dos talibans nas tribos da fronteira com o Paquist\u00e3o que lutam contra americanos e brit\u00e2nicos \u00e9 inexpressiva. Quanto \u00e0 Al Quaeda, a organiza\u00e7\u00e3o terrorista de Bin Laden, \u00e9 ficcional o que afirmam o Presidente e o general Mc Chrystal. Este \u00e9 um oficial de extrema-direita que sugere agora aos seus soldados que estudem hist\u00f3ria e aprendam a falar pelo menos as duas l\u00ednguas oficiais do Afeganist\u00e3o, o dari (persa) e o pachto; cabe lembrar que o \u00e1rabe \u00e9 uma l\u00edngua desconhecida para o povo afeg\u00e3o.<\/p>\n<p>At\u00e9 quando Barack Obama, Pr\u00e9mio Nobel da Paz, conseguir\u00e1 manter e intensificar esta monstruosa guerra de agress\u00e3o a um dos mais pobres povos do mundo, envolvendo nela uma agress\u00e3o simult\u00e2nea aos habitantes das prov\u00edncias fronteiri\u00e7as do Paquist\u00e3o?<\/p>\n<p>O combate a essa estrat\u00e9gia imperial tornou-se um dever para a humanidade progressista.<\/p>\n<p>O governo S\u00f3crates anuncia, depois hesita, em enviar mais tropas portuguesas para Cabul no in\u00edcio do pr\u00f3ximo ano. O povo de Abril rejeita e n\u00e3o quer pactuar com esse projecto ofensivo.<\/p>\n<p><a href=\"http:\/\/www.odiario.info\/b2lhart_imp.php?p=1393&#038;more=1&#038;c=1\" target=\"_blank\"><\/p>\n<p>OS EDITORES DE ODIARIO.INFO<\/a><\/p>\n","protected":false},"excerpt":{"rendered":"\n\n\nCr\u00e9dito: www.odiario.info\n\n\n\n\nNota dos Editores\nObama repete Johnson, Nixon e Bush\nOs Editores &#8211; 03.12.09\nA popularidade de Obama continua em queda acelerada. No mundo em geral e nos Estados Unidos. A campanha medi\u00e1tica montada para apresentar o jovem presidente norte-americano como um estadista super dotado, vocacionado para superar a crise estrutural do capitalismo e abrir caminho a uma era de paz universal fracassou. O mito n\u00e3o resistiu ao confronto com a realidade.\n<a class=\"moretag\" href=\"https:\/\/pcb.org.br\/portal2\/27\"> <\/a>","protected":false},"author":1,"featured_media":0,"comment_status":"open","ping_status":"open","sticky":false,"template":"","format":"standard","meta":{"jetpack_post_was_ever_published":false,"_jetpack_newsletter_access":"","_jetpack_dont_email_post_to_subs":false,"_jetpack_newsletter_tier_id":0,"_jetpack_memberships_contains_paywalled_content":false,"_jetpack_memberships_contains_paid_content":false,"footnotes":"","jetpack_publicize_message":"","jetpack_publicize_feature_enabled":true,"jetpack_social_post_already_shared":false,"jetpack_social_options":{"image_generator_settings":{"template":"highway","default_image_id":0,"font":"","enabled":false},"version":2}},"categories":[38],"tags":[],"class_list":["post-27","post","type-post","status-publish","format-standard","hentry","category-c43-imperialismo"],"jetpack_publicize_connections":[],"jetpack_featured_media_url":"","jetpack_shortlink":"https:\/\/wp.me\/p659gw-r","jetpack-related-posts":[],"jetpack_likes_enabled":true,"jetpack_sharing_enabled":true,"_links":{"self":[{"href":"https:\/\/pcb.org.br\/portal2\/wp-json\/wp\/v2\/posts\/27","targetHints":{"allow":["GET"]}}],"collection":[{"href":"https:\/\/pcb.org.br\/portal2\/wp-json\/wp\/v2\/posts"}],"about":[{"href":"https:\/\/pcb.org.br\/portal2\/wp-json\/wp\/v2\/types\/post"}],"author":[{"embeddable":true,"href":"https:\/\/pcb.org.br\/portal2\/wp-json\/wp\/v2\/users\/1"}],"replies":[{"embeddable":true,"href":"https:\/\/pcb.org.br\/portal2\/wp-json\/wp\/v2\/comments?post=27"}],"version-history":[{"count":0,"href":"https:\/\/pcb.org.br\/portal2\/wp-json\/wp\/v2\/posts\/27\/revisions"}],"wp:attachment":[{"href":"https:\/\/pcb.org.br\/portal2\/wp-json\/wp\/v2\/media?parent=27"}],"wp:term":[{"taxonomy":"category","embeddable":true,"href":"https:\/\/pcb.org.br\/portal2\/wp-json\/wp\/v2\/categories?post=27"},{"taxonomy":"post_tag","embeddable":true,"href":"https:\/\/pcb.org.br\/portal2\/wp-json\/wp\/v2\/tags?post=27"}],"curies":[{"name":"wp","href":"https:\/\/api.w.org\/{rel}","templated":true}]}}