{"id":27035,"date":"2021-03-22T18:46:37","date_gmt":"2021-03-22T21:46:37","guid":{"rendered":"https:\/\/pcb.org.br\/portal2\/?p=27035"},"modified":"2021-03-22T18:46:37","modified_gmt":"2021-03-22T21:46:37","slug":"tratamento-precoce-contra-a-covid-e-vacina","status":"publish","type":"post","link":"https:\/\/pcb.org.br\/portal2\/27035","title":{"rendered":"Tratamento precoce contra a Covid \u00e9 vacina"},"content":{"rendered":"<p><img decoding=\"async\" class=\"imagem\" title=\"imagem\" src=\"https:\/\/i0.wp.com\/lh3.googleusercontent.com\/pw\/ACtC-3fG2iDnuZcJcw1lnlWkDq4ue1u8-3f_NNqd2qbqXXjrvsn4ll4sz6hRnrkHUuQ410yR7JBXQq__1os40BDn7RlWMKhF_Lu3qMQPCP7ABIfJ_fgNrlXuQI1T2TKWqXBhY2CJ5G0Dc2roV3OYQHwPEOx_=w550-h687-no\" alt=\"imagem\" \/><!--more-->NOTA POL\u00cdTICA DO PCB SOROCABA<\/p>\n<p>O prefeito de Sorocaba, Rodrigo \u201cManga\u201d Maganhato, anunciou nesta sexta-feira, 19\/03\/2021, que a cidade adotar\u00e1 o chamado \u201ctratamento precoce contra Covid-19\u201d, indicado pelo Minist\u00e9rio da Sa\u00fade do governo federal, \u00e0 base de ivermectina e azitromicina (1).<\/p>\n<p>Alguns dias antes, a C\u00e2mara Municipal ratificou o protocolo de inten\u00e7\u00e3o de compra de trezentas mil vacinas da empresa estadunidense Novavax, ainda em testes, assinado pelo prefeito (2). Na ocasi\u00e3o, Rodrigo Manga ainda permitiu que o com\u00e9rcio da cidade funcionasse via \u201cdrive-thru\u201d e afirmou que a inten\u00e7\u00e3o da Prefeitura \u00e9 que a iniciativa privada adquira vacinas, com base na legisla\u00e7\u00e3o aprovada na semana passada pelo governo federal (3).<\/p>\n<p>A Prefeitura de Sorocaba se encontra, portanto, abra\u00e7ada ao genocida governo Bolsonaro e orgulhosa de sua posi\u00e7\u00e3o de vanguarda do atraso e do obscurantismo.<\/p>\n<p>A ivermectina serve para o tratamento de infesta\u00e7\u00f5es de parasitas ou insetos, como sarna, piolho e etc. E a azitromicina combate infec\u00e7\u00f5es bacterianas. Nenhum dos medicamentos tem qualquer efeito no combate a um v\u00edrus que afeta principalmente os pulm\u00f5es, como \u00e9 sabido por quem tem preocupa\u00e7\u00f5es m\u00ednimas com a vida.<\/p>\n<p>Os estudos n\u00e3o apenas concluem pela inutilidade e inefic\u00e1cia desses medicamentos no combate \u00e0 COVID-19 como indicam potenciais riscos colaterais de muita gravidade, como no caso da ivermectina, que pode causar danos ao f\u00edgado do paciente (4, 5 e 6).<\/p>\n<p>Nas palavras da Sociedade Brasileira de Pneumologia e Tisiologia (SBPT), em nota emitida em 17\/01\/2021, foi expressamente afirmado que \u201cIvermectina e Nitazoxanide: n\u00e3o h\u00e1 dados conclusivos sobre a seguran\u00e7a e efic\u00e1cia destes f\u00e1rmacos para o tratamento ou profilaxia da COVID 19. A recomenda\u00e7\u00e3o da SBPT \u00e9 contr\u00e1ria ao uso da ivermectina ou nitazoxanide na preven\u00e7\u00e3o ou tratamento da COVID 19. Esta recomenda\u00e7\u00e3o \u00e9 compartilhada pela OMS e NIH (diretrizes elaboradas pelas principais sociedades m\u00e9dicas)\u201d (7).<\/p>\n<p>Na nota, a SBPT ainda alerta que \u201cat\u00e9 o presente momento n\u00e3o existe tratamento farmacol\u00f3gico precoce da COVID-19 com efic\u00e1cia e seguran\u00e7a comprovadas\u201d.<\/p>\n<p>Ou seja, o Prefeito de Sorocaba mente ao dizer que h\u00e1 debate na comunidade m\u00e9dica e incentiva o uso de rem\u00e9dios ineficazes e potencialmente danosos, gastando dinheiro p\u00fablico para tanto, seguindo orienta\u00e7\u00e3o do Minist\u00e9rio da Sa\u00fade, respons\u00e1vel por quase trezentas mil mortes de brasileiros e brasileiras, por testes vencidos (8), por envio de vacinas para o Estado errado (9), pela completa imobilidade mesmo ap\u00f3s ser alertado do iminente colapso da sa\u00fade na cidade de Manaus\/AM (10), para ficarmos em alguns exemplos.<\/p>\n<p>Com rela\u00e7\u00e3o \u00e0 vacina, mais pr\u00f3ximos do povo que o Presidente genocida, o Prefeito e o Secret\u00e1rio Municipal de Sa\u00fade n\u00e3o conseguem fugir da press\u00e3o popular e anunciaram o j\u00e1 mencionado protocolo de inten\u00e7\u00e3o de compra, confirmado pelo legislativo local, ainda que insistam no \u201ctratamento precoce\u201d.<\/p>\n<p>Apesar disso, o n\u00famero de vacinas constante da inten\u00e7\u00e3o de compras \u00e9 muito baixo para a cidade. Segundo o Vacin\u00f4metro do Governo Estadual, que informa as vacinas aplicadas em tempo real, at\u00e9 o dia 19\/03\/2021 em Sorocaba foram aplicadas 51.885 doses, sendo que apenas 14.590 pessoas tomaram as duas doses necess\u00e1rias \u00e0 imuniza\u00e7\u00e3o nos \u00edndices da vacina (11).<\/p>\n<p>As trezentas mil doses a serem compradas pela Prefeitura, de uma vacina ainda em testes, sem previs\u00e3o concreta de libera\u00e7\u00e3o e que depende de participa\u00e7\u00e3o da iniciativa privada, atingir\u00e3o menos de \u00bc da popula\u00e7\u00e3o, j\u00e1 que s\u00e3o necess\u00e1rias duas doses por pessoa.<\/p>\n<p>Dessa forma, o PCB Sorocaba DENUNCIA os crimes praticados pelo Prefeito Rodrigo Manga, bolsonarista, obscurantista e anti-ci\u00eancia, na mesma linha do Presidente Bolsonaro Genocida: \u201cimunidade por rebanho\u201d, poucas vacinas, muitas mortes evit\u00e1veis, dinheiro jorrando para rem\u00e9dios ineficazes e chantagem contra o povo, obrigando as pessoas a se exporem pela falta de amparo governamental com aux\u00edlio emergencial e formas de manuten\u00e7\u00e3o dos empregos e da sobreviv\u00eancia de trabalhadores e pequenos empres\u00e1rios.<\/p>\n<p>TRATAMENTO PRECOCE \u00c9 VACINA!<br \/>\nVACINA\u00c7\u00c3O PARA TODOS, J\u00c1!<br \/>\nAUX\u00cdLIO EMERGENCIAL DE NO M\u00cdNIMO 600 REAIS PARA TODOS QUE NECESSITAM!<br \/>\nABAIXO A CARESTIA!<br \/>\nLOCKDOWN EM DEFESA DA VIDA, COM AMPARO GOVERNAMENTAL QUE GARANTA SUA REALIZA\u00c7\u00c3O!<br \/>\nPELO PODER POPULAR E PELO SOCIALISMO!<\/p>\n<p>(1) https:\/\/www.jornalcruzeiro.com.br\/covid-19\/sorocaba-autoriza-tratamento-precoce-para-pacientes-com-covid-19\/<br \/>\n(2) http:\/\/noticias.sorocaba.sp.gov.br\/prefeitura-assina-intencao-de-compra-de-300-mil-doses-de-vacina\/<br \/>\n(3) https:\/\/www.jornalcruzeiro.com.br\/sorocaba\/prefeitura-autoriza-uso-de-vagas-para-drive-thru-em-frente-de-estabelecimentos-comerciais\/<br \/>\n(4) https:\/\/piaui.folha.uol.com.br\/lupa\/2021\/03\/12\/verificamos-pesquisas-eficacia-ivermectina\/<br \/>\n(5) http:\/\/www.crfsp.org.br\/noticias\/11380-crf-sp-emite-nota-sobre-o-uso-de-ivermectina-no-tratamento-de-covid-19.html<br \/>\n(6) https:\/\/www.brasildefato.com.br\/2021\/02\/14\/uso-de-ivermectina-contra-covid-esta-comprometendo-figado-de-pacientes-dizem-medicos<br \/>\n(7) https:\/\/sbpt.org.br\/portal\/wp-content\/uploads\/2021\/01\/Posicionamento-SBPT-tratamento-precoce-COVID19-17-01-2021-1.pdf<br \/>\n(8) https:\/\/www.poder360.com.br\/coronavirus\/governo-tenta-desencalhar-testes-de-covid-quase-vencidos-com-doacao-ao-haiti\/<br \/>\n(9) https:\/\/oglobo.globo.com\/sociedade\/vacina\/ministerio-da-saude-troca-remessa-de-vacinas-manda-doses-do-amazonas-para-amapa-24897507<br \/>\n(10) https:\/\/www1.folha.uol.com.br\/equilibrioesaude\/2021\/01\/governo-bolsonaro-ignorou-alertas-em-serie-sobre-falta-de-oxigenio-em-manaus.shtml<br \/>\n(11) https:\/\/vacinaja.sp.gov.br\/vacinometro\/<br \/>\nEnviado via ProtonMail m\u00f3vel<\/p>\n","protected":false},"excerpt":{"rendered":"<a class=\"moretag\" href=\"https:\/\/pcb.org.br\/portal2\/27035\"> <\/a>","protected":false},"author":1,"featured_media":0,"comment_status":"closed","ping_status":"closed","sticky":false,"template":"","format":"standard","meta":{"jetpack_post_was_ever_published":false,"_jetpack_newsletter_access":"","_jetpack_dont_email_post_to_subs":false,"_jetpack_newsletter_tier_id":0,"_jetpack_memberships_contains_paywalled_content":false,"_jetpack_memberships_contains_paid_content":false,"footnotes":"","jetpack_publicize_message":"","jetpack_publicize_feature_enabled":true,"jetpack_social_post_already_shared":true,"jetpack_social_options":{"image_generator_settings":{"template":"highway","default_image_id":0,"font":"","enabled":false},"version":2}},"categories":[26,197],"tags":[226],"class_list":["post-27035","post","type-post","status-publish","format-standard","hentry","category-c25-notas-politicas-do-pcb","category-saude","tag-4b"],"jetpack_publicize_connections":[],"jetpack_featured_media_url":"","jetpack_shortlink":"https:\/\/wp.me\/p659gw-723","jetpack-related-posts":[],"jetpack_likes_enabled":true,"jetpack_sharing_enabled":true,"_links":{"self":[{"href":"https:\/\/pcb.org.br\/portal2\/wp-json\/wp\/v2\/posts\/27035","targetHints":{"allow":["GET"]}}],"collection":[{"href":"https:\/\/pcb.org.br\/portal2\/wp-json\/wp\/v2\/posts"}],"about":[{"href":"https:\/\/pcb.org.br\/portal2\/wp-json\/wp\/v2\/types\/post"}],"author":[{"embeddable":true,"href":"https:\/\/pcb.org.br\/portal2\/wp-json\/wp\/v2\/users\/1"}],"replies":[{"embeddable":true,"href":"https:\/\/pcb.org.br\/portal2\/wp-json\/wp\/v2\/comments?post=27035"}],"version-history":[{"count":0,"href":"https:\/\/pcb.org.br\/portal2\/wp-json\/wp\/v2\/posts\/27035\/revisions"}],"wp:attachment":[{"href":"https:\/\/pcb.org.br\/portal2\/wp-json\/wp\/v2\/media?parent=27035"}],"wp:term":[{"taxonomy":"category","embeddable":true,"href":"https:\/\/pcb.org.br\/portal2\/wp-json\/wp\/v2\/categories?post=27035"},{"taxonomy":"post_tag","embeddable":true,"href":"https:\/\/pcb.org.br\/portal2\/wp-json\/wp\/v2\/tags?post=27035"}],"curies":[{"name":"wp","href":"https:\/\/api.w.org\/{rel}","templated":true}]}}