{"id":27041,"date":"2021-03-22T21:49:24","date_gmt":"2021-03-23T00:49:24","guid":{"rendered":"https:\/\/pcb.org.br\/portal2\/?p=27041"},"modified":"2021-03-22T21:49:24","modified_gmt":"2021-03-23T00:49:24","slug":"perdao-ou-mais-uma-conciliacao-pelo-alto","status":"publish","type":"post","link":"https:\/\/pcb.org.br\/portal2\/27041","title":{"rendered":"Perd\u00e3o ou mais uma concilia\u00e7\u00e3o pelo alto?"},"content":{"rendered":"<p><img decoding=\"async\" class=\"imagem\" title=\"imagem\" src=\"https:\/\/i0.wp.com\/murciatransparente.net\/wp-content\/uploads\/2020\/04\/imagen_1538238002.jpg\" alt=\"imagem\" \/><!--more-->Jones Manoel &#8211; historiador e militante do PCB<\/p>\n<p>A ideologia jur\u00eddica burguesa diz que todos s\u00e3o iguais, cidad\u00e3os, que o meu voto vale o mesmo que o voto do dono da Rede Globo. Na pr\u00e1tica, por\u00e9m, n\u00e3o \u00e9 assim. Eu, professor, trabalhador, pobre, n\u00e3o tenho os mesmos meios para influenciar a pol\u00edtica que um bilion\u00e1rio. N\u00e3o tenho cadeia de TV, r\u00e1dio ou um grande jornal; n\u00e3o financio partidos pol\u00edticos; n\u00e3o controlo instituto de pesquisas etc. No plano jur\u00eddico, somos iguais, no mundo real, n\u00e3o. Nesse sentido, \u00e9 ilus\u00e3o falar abstratamente em &#8220;eleitor de Bolsonaro&#8221;.<\/p>\n<p>Seu Z\u00e9 e Dona Maria, despolitizados, levados pela propaganda do zap, influ\u00eancia do pastor ou a simples onda do momento, votaram em Bolsonaro. N\u00e3o s\u00e3o fascistas. Precisam ser conquistados, organizados, acolhidos. Para eles, todo di\u00e1logo do mundo!<\/p>\n<p>E o burgu\u00eas que apoiou o bolsonarismo? E o jornalista, pastor, pol\u00edtico, celebridade e afins que pregaram voto em Bolsonaro? Esses s\u00e3o respons\u00e1veis diretos pela trag\u00e9dia que vivemos. Ainda na campanha eleitoral, Bolsonaro falou, por exemplo, em metralhar a favela da Rocinha!<\/p>\n<p>Quando Luciano Huck mesmo assim declara apoio a Bolsonaro e o Estad\u00e3o diz que \u00e9 &#8220;uma escolha muito dif\u00edcil&#8221;, eles n\u00e3o sabiam que Bolsonaro falava em metralhar pobre? Sabiam sim. Foi escolha totalmente consciente.<\/p>\n<p>A burguesia fez sua escolha sabendo o que poderia acontecer. A expectativa era aumentar a viol\u00eancia policial nas favelas, no campo, contra os movimentos populares. Mas, no meio do caminho, veio uma pandemia. O problema deles nunca foi, por exemplo, com o &#8220;excludente de ilicitude&#8221; de Sergio Moro, para poder matar mais preto e pobre.<\/p>\n<p>O problema \u00e9 que o Brasil \u00e9 olhado como uma bomba viral e uma m\u00e1quina de matar gente pelo mundo. Come\u00e7aram a sentir medo e de que \u00e9 poss\u00edvel que tenhamos puni\u00e7\u00e3o para o genoc\u00eddio que vivemos. Por isso, querem mais uma &#8220;anistia ampla, geral e irrestrita&#8221;. Sentem que o barco t\u00e1 afundando. Matar nas favelas \u00e9 de boas. Ser not\u00edcia mundial a partir de um genoc\u00eddio, n\u00e3o. Nessa situa\u00e7\u00e3o, recorrem ao cinismo de dizer que todos, desde o Seu Z\u00e9 at\u00e9 a Fiesp, o bilion\u00e1rio e o formador de opini\u00e3o, t\u00eam a mesma responsabilidade. N\u00e3o t\u00eam!<\/p>\n<p>Pagamos um pre\u00e7o muito caro por n\u00e3o ter passado a limpo a mem\u00f3ria da ditadura, n\u00e3o ter punido os torturadores, n\u00e3o ter dado um fim ao &#8220;entulho autorit\u00e1rio&#8221; no Estado e por seguir convivendo com os &#8220;filhotes da ditadura&#8221;. S\u00f3 um pa\u00eds sem mem\u00f3ria poderia aceitar um f\u00e3 de Ustra sem problemas.<\/p>\n<p>Voc\u00ea deseja repetir o mesmo roteiro? Jogar os mortos para debaixo do tapete, confraternizar com os assassinos, pregar uma nova &#8220;uni\u00e3o nacional&#8221;, normalizando esse genoc\u00eddio? Esse pa\u00eds n\u00e3o ter\u00e1 futuro enquanto for normal matar em massa e seguir como figura respeit\u00e1vel.<\/p>\n<p>E lembre-se que apoiar uma pol\u00edtica de &#8220;esquecimento nacional&#8221; \u00e9 dizer para os que morreram que sua morte n\u00e3o significou nada e que tudo segue normal. Eu quero sim dialogar, disputar e debater com todo povo trabalhador que votou em Bolsonaro. Mas vou lutar, e lutar muito, para n\u00e3o acontecer outra pol\u00edtica de concilia\u00e7\u00e3o pelo alto, outro grande pacto de &#8220;esquecimento nacional&#8221;, outra alian\u00e7a com os filhotes do genoc\u00eddio. J\u00e1 basta! Precisamos aprender com nossa hist\u00f3ria e n\u00e3o repetir os erros.<\/p>\n","protected":false},"excerpt":{"rendered":"<a class=\"moretag\" href=\"https:\/\/pcb.org.br\/portal2\/27041\"> <\/a>","protected":false},"author":1,"featured_media":0,"comment_status":"closed","ping_status":"closed","sticky":false,"template":"","format":"standard","meta":{"jetpack_post_was_ever_published":false,"_jetpack_newsletter_access":"","_jetpack_dont_email_post_to_subs":false,"_jetpack_newsletter_tier_id":0,"_jetpack_memberships_contains_paywalled_content":false,"_jetpack_memberships_contains_paid_content":false,"footnotes":"","jetpack_publicize_message":"","jetpack_publicize_feature_enabled":true,"jetpack_social_post_already_shared":true,"jetpack_social_options":{"image_generator_settings":{"template":"highway","default_image_id":0,"font":"","enabled":false},"version":2}},"categories":[7],"tags":[223],"class_list":["post-27041","post","type-post","status-publish","format-standard","hentry","category-s8-brasil","tag-3a"],"jetpack_publicize_connections":[],"jetpack_featured_media_url":"","jetpack_shortlink":"https:\/\/wp.me\/p659gw-729","jetpack-related-posts":[],"jetpack_likes_enabled":true,"jetpack_sharing_enabled":true,"_links":{"self":[{"href":"https:\/\/pcb.org.br\/portal2\/wp-json\/wp\/v2\/posts\/27041","targetHints":{"allow":["GET"]}}],"collection":[{"href":"https:\/\/pcb.org.br\/portal2\/wp-json\/wp\/v2\/posts"}],"about":[{"href":"https:\/\/pcb.org.br\/portal2\/wp-json\/wp\/v2\/types\/post"}],"author":[{"embeddable":true,"href":"https:\/\/pcb.org.br\/portal2\/wp-json\/wp\/v2\/users\/1"}],"replies":[{"embeddable":true,"href":"https:\/\/pcb.org.br\/portal2\/wp-json\/wp\/v2\/comments?post=27041"}],"version-history":[{"count":0,"href":"https:\/\/pcb.org.br\/portal2\/wp-json\/wp\/v2\/posts\/27041\/revisions"}],"wp:attachment":[{"href":"https:\/\/pcb.org.br\/portal2\/wp-json\/wp\/v2\/media?parent=27041"}],"wp:term":[{"taxonomy":"category","embeddable":true,"href":"https:\/\/pcb.org.br\/portal2\/wp-json\/wp\/v2\/categories?post=27041"},{"taxonomy":"post_tag","embeddable":true,"href":"https:\/\/pcb.org.br\/portal2\/wp-json\/wp\/v2\/tags?post=27041"}],"curies":[{"name":"wp","href":"https:\/\/api.w.org\/{rel}","templated":true}]}}