{"id":27088,"date":"2021-03-30T22:40:37","date_gmt":"2021-03-31T01:40:37","guid":{"rendered":"https:\/\/pcb.org.br\/portal2\/?p=27088"},"modified":"2021-04-07T23:06:39","modified_gmt":"2021-04-08T02:06:39","slug":"ditadura-e-golpismo-nunca-mais","status":"publish","type":"post","link":"https:\/\/pcb.org.br\/portal2\/27088","title":{"rendered":"Ditadura e golpismo nunca mais!"},"content":{"rendered":"<p><img decoding=\"async\" class=\"imagem\" title=\"imagem\" src=\"https:\/\/i0.wp.com\/static.dw.com\/image\/45312793_403.jpg\" alt=\"imagem\" \/><!--more-->Diante de uma descomunal crise sanit\u00e1ria que j\u00e1 ceifou mais de 300 mil vidas no Brasil, que colocou em colapso o sistema de Sa\u00fade, agravando para a classe trabalhadora os efeitos perversos da profunda crise econ\u00f4mica que, al\u00e9m das altas taxas de desemprego, trouxe \u00e0 tona o flagelo da carestia, da mis\u00e9ria e da fome, o governo genocida de Jair Bolsonaro, mais uma vez, alardeia sua inten\u00e7\u00e3o golpista com a comemora\u00e7\u00e3o do anivers\u00e1rio do golpe empresarial-militar de 1964, que imp\u00f4s uma ditadura sangrenta de 21 anos no pa\u00eds.<\/p>\n<p>Em clara queda nos \u00edndices de aprova\u00e7\u00e3o, perdendo apoio de diversos setores da sociedade, Bolsonaro mant\u00e9m a mesma postura arrivista em rela\u00e7\u00e3o \u00e0s conquistas democr\u00e1ticas e ao flerte com o golpismo, visando manter sua base ideol\u00f3gica reacion\u00e1ria. Ao mesmo tempo, busca desviar a aten\u00e7\u00e3o da popula\u00e7\u00e3o para a gravidade das consequ\u00eancias de uma gest\u00e3o deliberadamente irrespons\u00e1vel e assassina, que fez do negacionismo, das fake news e de amea\u00e7as golpistas a \u00fanica estrat\u00e9gia de governo para lidar com o agravamento da crise.<\/p>\n<p>A recente autoriza\u00e7\u00e3o do Tribunal Regional Federal da 5\u00ba Regi\u00e3o para que o Governo Federal possa \u201ccomemorar\u201d o Golpe de 1964 \u00e9 n\u00e3o s\u00f3 um acinte \u00e0 luta hist\u00f3rica de todos aqueles e aquelas que combateram a ditadura, mas um desrespeito \u00e0s v\u00edtimas e familiares atingidos pelas barbaridades promovidas pelos agentes policiais. Al\u00e9m disso, trata-se de uma evidente provoca\u00e7\u00e3o e est\u00edmulo a manifesta\u00e7\u00f5es golpistas e protofascistas, no contexto atual de instabilidade pol\u00edtica vivida pelo governo.<\/p>\n<p>O PCB, neste momento delicado e preocupante da conjuntura pol\u00edtica, vem mais uma vez denunciar as manobras golpistas do governo genocida de Jair Bolsonaro, uma administra\u00e7\u00e3o que demonstra total desprezo pelas liberdades democr\u00e1ticas e insufla o \u00f3dio, promove a distor\u00e7\u00e3o hist\u00f3rica e flerta com os segmentos mais reacion\u00e1rios, que desejam o recrudescimento da viol\u00eancia do Estado contra a classe trabalhadora e a juventude, em sua a\u00e7\u00e3o sistem\u00e1tica em prol da destrui\u00e7\u00e3o de direitos sociais e pol\u00edticos, a servi\u00e7o dos interesses capitalistas e de um projeto autorit\u00e1rio de poder.<\/p>\n<p>\u00c9 preciso estar atento e mobilizar o conjunto dos setores democr\u00e1ticos e populares contra as tentativas golpistas em curso, como o projeto para conceder super poderes ao presidente durante a pandemia; a criminaliza\u00e7\u00e3o dos partidos de esquerda, dos lutadores e das lutadoras sociais, por meio da amplia\u00e7\u00e3o da defini\u00e7\u00e3o de &#8220;terrorismo&#8221;; o controle sobre as pol\u00edcias civil e militar, para que ajam como mil\u00edcias a mando do presidente. Estes e outros gestos golpistas devem ser repudiados com veem\u00eancia e derrotados pela a\u00e7\u00e3o organizada da luta social.<\/p>\n<p>De igual forma, n\u00e3o devemos subestimar as poss\u00edveis manifesta\u00e7\u00f5es reacion\u00e1rias que, a pretexto da comemora\u00e7\u00e3o do golpe empresarial-militar de 1964, poder\u00e3o ocorrer no Brasil. Devemos sim relembrar e denunciar os crimes cometidos pela ditadura e seus agentes civis e militares, o retrocesso social que a interven\u00e7\u00e3o militar proporcionou \u00e0 hist\u00f3ria brasileira e as sequelas que ainda est\u00e3o presentes na estrutura social e pol\u00edtica desse pa\u00eds, como parte integrante do mecanismo de explora\u00e7\u00e3o e subjuga\u00e7\u00e3o da classe trabalhadora at\u00e9 nossos dias.<\/p>\n<p>Por isso convocamos a milit\u00e2ncia partid\u00e1ria e dos nossos coletivos a participar, com todos os cuidados necess\u00e1rios neste momento de pandemia, dos atos p\u00fablicos organizados pelas for\u00e7as populares e de esquerda em todo o pa\u00eds, em defesa das liberdades democr\u00e1ticas, dos direitos da classe trabalhadora e de rep\u00fadio a qualquer intento golpista.<\/p>\n<p>Em mem\u00f3ria de todas e todos que lutaram contra as arbitrariedades, a tortura, a censura, o ex\u00edlio for\u00e7ado, os sequestros e assassinatos promovidos pelo regime militar e sua camarilha; em mem\u00f3ria de todos os camaradas ca\u00eddos na luta contra a ditadura, dizemos: \u201cDitadura e Golpismo Nunca Mais\u201d!<\/p>\n<p>PELAS LIBERDADES DEMOCR\u00c1TICAS!<br \/>\nEM DEFESA DOS DIREITOS DA CLASSE TRABALHADORA!<br \/>\nPELO DIREITO \u00c0 VERDADE, MEM\u00d3RIA E JUSTI\u00c7A!<br \/>\nFORA BOLSONARO E MOUR\u00c3O!<br \/>\nPELO PODER POPULAR NO RUMO DO SOCIALISMO!<\/p>\n<p>Comiss\u00e3o Pol\u00edtica Nacional do PCB &#8211; Partido Comunista Brasileiro<\/p>\n","protected":false},"excerpt":{"rendered":"<a class=\"moretag\" href=\"https:\/\/pcb.org.br\/portal2\/27088\"> <\/a>","protected":false},"author":1,"featured_media":0,"comment_status":"closed","ping_status":"closed","sticky":false,"template":"","format":"standard","meta":{"jetpack_post_was_ever_published":false,"_jetpack_newsletter_access":"","_jetpack_dont_email_post_to_subs":false,"_jetpack_newsletter_tier_id":0,"_jetpack_memberships_contains_paywalled_content":false,"_jetpack_memberships_contains_paid_content":false,"footnotes":"","jetpack_publicize_message":"","jetpack_publicize_feature_enabled":true,"jetpack_social_post_already_shared":true,"jetpack_social_options":{"image_generator_settings":{"template":"highway","default_image_id":0,"font":"","enabled":false},"version":2}},"categories":[53],"tags":[221,246],"class_list":["post-27088","post","type-post","status-publish","format-standard","hentry","category-c64-ditadura","tag-2a","tag-np"],"jetpack_publicize_connections":[],"jetpack_featured_media_url":"","jetpack_shortlink":"https:\/\/wp.me\/p659gw-72U","jetpack-related-posts":[],"jetpack_likes_enabled":true,"jetpack_sharing_enabled":true,"_links":{"self":[{"href":"https:\/\/pcb.org.br\/portal2\/wp-json\/wp\/v2\/posts\/27088","targetHints":{"allow":["GET"]}}],"collection":[{"href":"https:\/\/pcb.org.br\/portal2\/wp-json\/wp\/v2\/posts"}],"about":[{"href":"https:\/\/pcb.org.br\/portal2\/wp-json\/wp\/v2\/types\/post"}],"author":[{"embeddable":true,"href":"https:\/\/pcb.org.br\/portal2\/wp-json\/wp\/v2\/users\/1"}],"replies":[{"embeddable":true,"href":"https:\/\/pcb.org.br\/portal2\/wp-json\/wp\/v2\/comments?post=27088"}],"version-history":[{"count":0,"href":"https:\/\/pcb.org.br\/portal2\/wp-json\/wp\/v2\/posts\/27088\/revisions"}],"wp:attachment":[{"href":"https:\/\/pcb.org.br\/portal2\/wp-json\/wp\/v2\/media?parent=27088"}],"wp:term":[{"taxonomy":"category","embeddable":true,"href":"https:\/\/pcb.org.br\/portal2\/wp-json\/wp\/v2\/categories?post=27088"},{"taxonomy":"post_tag","embeddable":true,"href":"https:\/\/pcb.org.br\/portal2\/wp-json\/wp\/v2\/tags?post=27088"}],"curies":[{"name":"wp","href":"https:\/\/api.w.org\/{rel}","templated":true}]}}