{"id":27108,"date":"2021-04-05T18:02:50","date_gmt":"2021-04-05T21:02:50","guid":{"rendered":"https:\/\/pcb.org.br\/portal2\/?p=27108"},"modified":"2021-04-09T23:55:37","modified_gmt":"2021-04-10T02:55:37","slug":"em-defesa-dos-povos-indigenas","status":"publish","type":"post","link":"https:\/\/pcb.org.br\/portal2\/27108","title":{"rendered":"Em defesa dos povos ind\u00edgenas!"},"content":{"rendered":"<p><img decoding=\"async\" class=\"imagem\" title=\"imagem\" src=\"https:\/\/scontent.fpoa5-1.fna.fbcdn.net\/v\/t1.6435-9\/169452063_4002184493175294_3791217220765051803_n.jpg?_nc_cat=100&amp;ccb=1-3&amp;_nc_sid=8bfeb9&amp;_nc_ohc=OFLINy4irP4AX_aUIpv&amp;_nc_ht=scontent.fpoa5-1.fna&amp;oh=7523fe7b780c05aabc35bedb4875d640&amp;oe=60929E2A\" alt=\"imagem\" \/><!--more-->PCB REPUDIA DECLARA\u00c7\u00c3O DO VEREADOR DE APODI EM RELA\u00c7\u00c3O AOS IND\u00cdGENAS TAPUIAS PAIACUS<\/p>\n<p>Comit\u00ea Regional do PCB\/RN<\/p>\n<p>O Partido Comunista Brasileiro \u2013 PCB \u2013 manifesta seu rep\u00fadio \u00e0s declara\u00e7\u00f5es estereotipadas, caluniosas e de \u00f3dio do vereador de Apodi, Charton R\u00eago (MDB), desferidas contra os ind\u00edgenas da regi\u00e3o: os Tapuias Paiacus.<\/p>\n<p>Na ocasi\u00e3o, na sess\u00e3o ordin\u00e1ria remota da c\u00e2mara legislativa deste munic\u00edpio, na \u00faltima quinta-feira, dia 01-04, o vereador criticou a prioridade dos ind\u00edgenas na vacina\u00e7\u00e3o \u2013 indicando que, no seu entender, \u201co maior problema\u201d da vacina\u00e7\u00e3o em Apodi \u00e9 o acesso ao imunizante pelos ind\u00edgenas cadastrados na Funai. Charton R\u00eago acusa os ind\u00edgenas de n\u00e3o terem \u201cvergonha na cara\u201d e de estarem \u201ctirando o direito de prioridade\u201d de outras pessoas.<\/p>\n<p>Al\u00e9m de verbalizar frases pejorativas quanto \u00e0s culturas tradicionais dos povos ind\u00edgenas, o vereador, quando reitera que apenas \u201caldeados\u201d deveriam ser vacinados, reproduz as recorrentes concep\u00e7\u00f5es que escondem e negam as lutas desses povos, entre outras, pelo reconhecimento de suas terras (que \u00e9 uma responsabilidade do Estado \u2013 fruto de in\u00fameras conquistas cristalizadas na Constitui\u00e7\u00e3o de 1988).<\/p>\n<p>Conforme j\u00e1 apontamos meses atr\u00e1s, quando realizamos uma Campanha pela Vacina\u00e7\u00e3o Imediata dos Povos Ind\u00edgenas no RN, os ind\u00edgenas s\u00e3o grupo priorit\u00e1rio, portanto, devem ser vacinados como grupo priorit\u00e1rio. N\u00e3o os vacinar seria uma dupla puni\u00e7\u00e3o: primeiro, por n\u00e3o terem suas terras demarcadas; segundo, e como consequ\u00eancia, por n\u00e3o realizarem o seu direito de serem vacinados contra a Covid-19 no grupo priorit\u00e1rio.<\/p>\n<p>A vacina\u00e7\u00e3o dos Tapuias Paiacus \u00e9 uma relevante conquista desse povo tradicional da Chapada do Apodi. Uma conquista que foi resultado de muitas mobiliza\u00e7\u00e3o do movimento ind\u00edgena articulado com seus parceiros de luta em todo o Rio Grande do Norte \u2013 do qual, todos os povos ind\u00edgenas no nosso estado, independentemente do seu territ\u00f3rio, come\u00e7aram os seus processos de vacina\u00e7\u00e3o, inclusive, e mais recentemente, os ind\u00edgena no espa\u00e7o urbano (que quase sempre deslocaram-se pelas amea\u00e7as no campo) e os imigrantes venezuelanos Warao (conforme defendemos nessa soma de esfor\u00e7os de luta).<\/p>\n<p>O PCB presta toda solidariedade aos povos ind\u00edgenas Tapuias Paiacus, que est\u00e3o sendo v\u00edtimas das for\u00e7as pol\u00edticas que operam contra as lutas populares no campo.<\/p>\n<p>Todo o nosso rep\u00fadio \u00e0s palavras do vereador Charton R\u00eago e \u00e0s concep\u00e7\u00f5es pol\u00edticas que essas palavras expressam.<\/p>\n<p>VIVA OS TAPUIAS PAIACUS DO APODI!<\/p>\n<p>VIVA OS POVOS IND\u00cdGENAS!<\/p>\n<p>VIVA AS LUTAS DOS POVOS TRADICIONAIS!<\/p>\n<p>VACINA\u00c7\u00c3O E DEMARCA\u00c7\u00c3O, J\u00c1!<\/p>\n<p>FORA BOLSONARO-MOUR\u00c3O E SEUS ALIADOS DESSA POL\u00cdTICA GENOCIDA!<\/p>\n<p>#vacina #ind\u00edgenas #indigenas #repudio #rep\u00fadio #Demarca\u00e7\u00e3oJ\u00e1<\/p>\n","protected":false},"excerpt":{"rendered":"<a class=\"moretag\" href=\"https:\/\/pcb.org.br\/portal2\/27108\"> <\/a>","protected":false},"author":1,"featured_media":0,"comment_status":"closed","ping_status":"closed","sticky":false,"template":"","format":"standard","meta":{"jetpack_post_was_ever_published":false,"_jetpack_newsletter_access":"","_jetpack_dont_email_post_to_subs":false,"_jetpack_newsletter_tier_id":0,"_jetpack_memberships_contains_paywalled_content":false,"_jetpack_memberships_contains_paid_content":false,"footnotes":"","jetpack_publicize_message":"","jetpack_publicize_feature_enabled":true,"jetpack_social_post_already_shared":true,"jetpack_social_options":{"image_generator_settings":{"template":"highway","default_image_id":0,"font":"","enabled":false},"version":2}},"categories":[163,20],"tags":[222],"class_list":["post-27108","post","type-post","status-publish","format-standard","hentry","category-movimento-indigena","category-c1-popular","tag-2b"],"jetpack_publicize_connections":[],"jetpack_featured_media_url":"","jetpack_shortlink":"https:\/\/wp.me\/p659gw-73e","jetpack-related-posts":[],"jetpack_likes_enabled":true,"jetpack_sharing_enabled":true,"_links":{"self":[{"href":"https:\/\/pcb.org.br\/portal2\/wp-json\/wp\/v2\/posts\/27108","targetHints":{"allow":["GET"]}}],"collection":[{"href":"https:\/\/pcb.org.br\/portal2\/wp-json\/wp\/v2\/posts"}],"about":[{"href":"https:\/\/pcb.org.br\/portal2\/wp-json\/wp\/v2\/types\/post"}],"author":[{"embeddable":true,"href":"https:\/\/pcb.org.br\/portal2\/wp-json\/wp\/v2\/users\/1"}],"replies":[{"embeddable":true,"href":"https:\/\/pcb.org.br\/portal2\/wp-json\/wp\/v2\/comments?post=27108"}],"version-history":[{"count":0,"href":"https:\/\/pcb.org.br\/portal2\/wp-json\/wp\/v2\/posts\/27108\/revisions"}],"wp:attachment":[{"href":"https:\/\/pcb.org.br\/portal2\/wp-json\/wp\/v2\/media?parent=27108"}],"wp:term":[{"taxonomy":"category","embeddable":true,"href":"https:\/\/pcb.org.br\/portal2\/wp-json\/wp\/v2\/categories?post=27108"},{"taxonomy":"post_tag","embeddable":true,"href":"https:\/\/pcb.org.br\/portal2\/wp-json\/wp\/v2\/tags?post=27108"}],"curies":[{"name":"wp","href":"https:\/\/api.w.org\/{rel}","templated":true}]}}