{"id":2715,"date":"2012-04-20T16:52:11","date_gmt":"2012-04-20T16:52:11","guid":{"rendered":"http:\/\/pcb.org.br\/portal2\/?p=2715"},"modified":"2017-09-11T05:42:16","modified_gmt":"2017-09-11T08:42:16","slug":"esta-no-ar-a-historia-do-pcb-parte-1-em-quadrinhos","status":"publish","type":"post","link":"https:\/\/pcb.org.br\/portal2\/2715","title":{"rendered":"EST\u00c1 NO AR A HIST\u00d3RIA DO PCB (PARTE 1) EM QUADRINHOS!"},"content":{"rendered":"<p><img data-recalc-dims=\"1\" decoding=\"async\" class=\"imagem\" title=\"imagem\" src=\"https:\/\/i0.wp.com\/pcb.org.br\/portal\/images\/stories\/hist-quad-pcb.png?w=747&#038;ssl=1\" alt=\"imagem\" \/><!--more-->Camaradas, companheir@s e amig@s,conclu\u00edmos a primeira parte do projeto de produ\u00e7\u00e3o da Hist\u00f3ria do PCB em Quadrinhos. Os arquivos est\u00e3o dispon\u00edveis para download na p\u00e1gina do Partido Comunista Brasileiro (www.pcb.org.br).<\/p>\n<p>Durante o Congresso da UJC (Uni\u00e3o da Juventude Comunista), sair\u00e1 uma tiragem impressa para distribui\u00e7\u00e3o.<\/p>\n<p>O trabalho foi todo desenvolvido a partir da colabora\u00e7\u00e3o volunt\u00e1ria de desenhistas de quadrinhos, alguns deles profissionais, que participaram do Concurso Nacional divulgado pela p\u00e1gina do PCB: feras como Rosali Colares, Alex D&#8217;Ates e Luciano Irrthum. Daniel Oliveira e M\u00e1rcio Rodrigues foram respons\u00e1veis pelo roteiro e argumentos, com supervis\u00e3o de Ricardo Costa. Dario Silva produziu a capa e Luiz Coutinho fez a diagrama\u00e7\u00e3o e ainda colaborou com desenhos, revelando uma face at\u00e9 ent\u00e3o pouco conhecida deste camarada, sempre solicitado pelo PCB para trabalhos gr\u00e1ficos.<\/p>\n<p>O resultado final \u00e9 impactante e belo, pela obra art\u00edstica sens\u00edvel dos desenhistas, cujos desenhos m\u00e1gicos deram forma a hist\u00f3rias que jamais poder\u00e3o ser apagadas. Mas tamb\u00e9m o \u00e9 em virtude da fant\u00e1stica hist\u00f3ria de lutas abordada e que envolveu tantos homens e mulheres neste pa\u00eds, os quais dedicaram suas vidas em prol da erradica\u00e7\u00e3o da explora\u00e7\u00e3o e pela constru\u00e7\u00e3o de novas rela\u00e7\u00f5es entre os povos, fraternas e justas.<\/p>\n<p>Este resultado s\u00f3 foi poss\u00edvel gra\u00e7as ao trabalho solid\u00e1rio e entusiasmado de todos aqueles que participaram do projeto desde o in\u00edcio. O PCB, ao longo de toda sua hist\u00f3ria, sempre contou com o apoio de pessoas que, mesmo tendo no peito o ardor da justi\u00e7a, n\u00e3o militam organicamente em nossas fileiras. Amigos que nos esconderam da pris\u00e3o,da tortura e da morte, quando estas bateram \u00e0s nossas portas. Amigos que disponibilizaram seus jornais e revistas para que nossas ideias, censuradas, pudessem aflorar. Amigos que exigiram a legalidade do Partido, mesmo nele n\u00e3o estando filiadas, que choraram conosco as nossas perdas e reveses, que nos estenderam as m\u00e3os&#8230;<\/p>\n<p>Esta \u00e9 a hist\u00f3ria do PCB, uma hist\u00f3ria feita por combatentes e militantes, mas tamb\u00e9m pelos seus amigos e simpatizantes!<\/p>\n<table class=\"imagemp\">\n<tbody>\n<tr>\n<td><\/td>\n<td><strong>Para acessar a Hist\u00f3ria em Quadrinhos do PCB, clique nos links abaixo:<\/strong><\/td>\n<td><\/td>\n<\/tr>\n<tr>\n<td><\/td>\n<td><strong><a href=\"https:\/\/docs.google.com\/file\/d\/0B8_gvWjrwU3ZZzA3UmN2a0VvYlk\/edit\" target=\"_blank\" rel=\"noopener\">Arquivo 1<\/a><\/strong><\/p>\n<p><strong><a href=\"https:\/\/docs.google.com\/file\/d\/0B8_gvWjrwU3ZZWJaUFRqUXVaTW8\/edit\" target=\"_blank\" rel=\"noopener\">Arquivo 2<\/a><\/strong><\/p>\n<p><strong><a href=\"https:\/\/docs.google.com\/file\/d\/0B8_gvWjrwU3ZcWlfS1hGZ2tTWEE\/edit\" target=\"_blank\" rel=\"noopener\">Arquivo 3<\/a><\/strong><\/p>\n<p><strong><a href=\"https:\/\/docs.google.com\/file\/d\/0B8_gvWjrwU3ZQlh4SWhHTUJXVVU\/edit\" target=\"_blank\" rel=\"noopener\">Arquivo 4<\/a><\/strong><\/td>\n<td><\/td>\n<\/tr>\n<\/tbody>\n<\/table>\n<p>Em breve estaremos produzindo o volume dois, que abordar\u00e1 a hist\u00f3ria do Partido das lutas contra a ditadura civil-militar de 64 aos dias atuais. Quem gostou da experi\u00eancia e quiser contribuir para o pr\u00f3ximo volume, ser\u00e1 um grande prazer.<\/p>\n<p>A HQ do PCB ser\u00e1 mais um instrumento de trabalho pol\u00edtico e de forma\u00e7\u00e3o da nossa milit\u00e2ncia, para divulga\u00e7\u00e3o da hist\u00f3ria de lutas do PCB, no ano em que comemoramos os 90 anos de funda\u00e7\u00e3o do Partido. \u00c9 tamb\u00e9m material fundamental de difus\u00e3o da linha pol\u00edtica e ideol\u00f3gica atual.<\/p>\n<p>Forte abra\u00e7o a todos e boa leitura!<\/p>\n<p>Daniel Oliveira &#8211; militante do PCB de Minas Gerais e editor do Blog Cultural Rosa do Povo<\/p>\n<p>Ricardo Costa (Rico) &#8211; Secret\u00e1rio Nacional de Forma\u00e7\u00e3o Pol\u00edtica do PCB<\/p>\n","protected":false},"excerpt":{"rendered":"\n\n\nCr\u00e9dito: PCB\n\n\n\n\n\n\n\n\nCamaradas, companheir@s e amig@s,conclu\u00edmos a primeira parte do projeto de produ\u00e7\u00e3o da Hist\u00f3ria do PCB em Quadrinhos. Os arquivos est\u00e3o dispon\u00edveis para download na p\u00e1gina do Partido Comunista Brasileiro (www.pcb.org.br).\n<a class=\"moretag\" href=\"https:\/\/pcb.org.br\/portal2\/2715\"> <\/a>","protected":false},"author":1,"featured_media":0,"comment_status":"closed","ping_status":"closed","sticky":false,"template":"","format":"standard","meta":{"jetpack_post_was_ever_published":false,"_jetpack_newsletter_access":"","_jetpack_dont_email_post_to_subs":false,"_jetpack_newsletter_tier_id":0,"_jetpack_memberships_contains_paywalled_content":false,"_jetpack_memberships_contains_paid_content":false,"footnotes":"","jetpack_publicize_message":"","jetpack_publicize_feature_enabled":true,"jetpack_social_post_already_shared":false,"jetpack_social_options":{"image_generator_settings":{"template":"highway","default_image_id":0,"font":"","enabled":false},"version":2}},"categories":[99,46],"tags":[],"class_list":["post-2715","post","type-post","status-publish","format-standard","hentry","category-c112-hq","category-c56-memoria"],"jetpack_publicize_connections":[],"jetpack_featured_media_url":"","jetpack_shortlink":"https:\/\/wp.me\/p659gw-HN","jetpack-related-posts":[],"jetpack_likes_enabled":true,"jetpack_sharing_enabled":true,"_links":{"self":[{"href":"https:\/\/pcb.org.br\/portal2\/wp-json\/wp\/v2\/posts\/2715","targetHints":{"allow":["GET"]}}],"collection":[{"href":"https:\/\/pcb.org.br\/portal2\/wp-json\/wp\/v2\/posts"}],"about":[{"href":"https:\/\/pcb.org.br\/portal2\/wp-json\/wp\/v2\/types\/post"}],"author":[{"embeddable":true,"href":"https:\/\/pcb.org.br\/portal2\/wp-json\/wp\/v2\/users\/1"}],"replies":[{"embeddable":true,"href":"https:\/\/pcb.org.br\/portal2\/wp-json\/wp\/v2\/comments?post=2715"}],"version-history":[{"count":0,"href":"https:\/\/pcb.org.br\/portal2\/wp-json\/wp\/v2\/posts\/2715\/revisions"}],"wp:attachment":[{"href":"https:\/\/pcb.org.br\/portal2\/wp-json\/wp\/v2\/media?parent=2715"}],"wp:term":[{"taxonomy":"category","embeddable":true,"href":"https:\/\/pcb.org.br\/portal2\/wp-json\/wp\/v2\/categories?post=2715"},{"taxonomy":"post_tag","embeddable":true,"href":"https:\/\/pcb.org.br\/portal2\/wp-json\/wp\/v2\/tags?post=2715"}],"curies":[{"name":"wp","href":"https:\/\/api.w.org\/{rel}","templated":true}]}}