{"id":27190,"date":"2021-04-26T22:39:09","date_gmt":"2021-04-27T01:39:09","guid":{"rendered":"https:\/\/pcb.org.br\/portal2\/?p=27190"},"modified":"2021-04-26T22:39:09","modified_gmt":"2021-04-27T01:39:09","slug":"pcch-lanca-candidato-a-presidente","status":"publish","type":"post","link":"https:\/\/pcb.org.br\/portal2\/27190","title":{"rendered":"PCCh lan\u00e7a candidato a presidente"},"content":{"rendered":"<p><img decoding=\"async\" class=\"imagem\" title=\"imagem\" src=\"https:\/\/i0.wp.com\/pbs.twimg.com\/media\/EzyLNLPWQAMuy5a.jpg\" alt=\"imagem\" \/><!--more-->Comunicado p\u00fablico do Comit\u00ea Central do Partido Comunista do Chile<\/p>\n<p>O V Plen\u00e1rio do Comit\u00ea Central do Partido Comunista formalizou a candidatura do camarada Daniel Jadue \u00e0 Presid\u00eancia da Rep\u00fablica, acolhendo a demanda ampla e transversal do povo chileno que o colocou em um lugar de expectativa nas prefer\u00eancias dos cidad\u00e3os. Sua proclama\u00e7\u00e3o ser\u00e1 uma express\u00e3o dessa caracter\u00edstica. O mesmo que o Comando Nacional, com uma presen\u00e7a pol\u00edtica, social e independente, com paridade de g\u00eanero, que o acompanhar\u00e1 nesta important\u00edssima tarefa hist\u00f3rica, porque pela primeira vez se vislumbra claramente uma alternativa ao atual modelo de profunda desigualdade, abuso e impunidade, que representa o neoliberalismo.<\/p>\n<p>O Partido Comunista do Chile acolhe as express\u00f5es de base que come\u00e7am a se materializar em comit\u00eas de apoio nas comunas, nos munic\u00edpios, nos setores dos trabalhadores, entre os povos ind\u00edgenas; tamb\u00e9m artistas, intelectuais, pequenos empres\u00e1rios, nas universidades e especialmente entre os jovens, em todas as regi\u00f5es do pa\u00eds sem exce\u00e7\u00e3o. O Comit\u00ea Central em uma pr\u00f3xima sess\u00e3o plen\u00e1ria come\u00e7ar\u00e1 a protocolar a participa\u00e7\u00e3o nas prim\u00e1rias presidenciais de Daniel Jadue e a aceita\u00e7\u00e3o ou realiza\u00e7\u00e3o de coliga\u00e7\u00f5es parlamentares e de Cores pelo Partido.<\/p>\n<p>Uma parte substancial da discuss\u00e3o foi a considera\u00e7\u00e3o da legitimidade da luta popular contra o governo de direita que n\u00e3o enfrentou a crise social agravada pela pandemia. Reivindica\u00e7\u00f5es a que o governo responde com repress\u00e3o e viola\u00e7\u00f5es dos direitos humanos. Exigimos o fim da criminaliza\u00e7\u00e3o das lutas sociais e da repress\u00e3o, com a liberta\u00e7\u00e3o dos presos pol\u00edticos. De imediato exigimos o atendimento \u00e0s demandas sinceras da popula\u00e7\u00e3o, para o que, junto com a retirada de 10% dos fundos de pens\u00f5es, devem se adotar medidas a fim de amenizar o sofrimento de milh\u00f5es de pessoas, como o imposto sobre os super-ricos e os royalties sobre a extra\u00e7\u00e3o de cobre e l\u00edtio, nossa principal riqueza nacional.<\/p>\n<p>Nosso programa do governo ser\u00e1 o resultado de um debate em todos os rinc\u00f5es do Chile, de todos os setores sociais e pol\u00edticos que aderirem a esta proposta de mudan\u00e7as. Sua ess\u00eancia deve ser um desenvolvimento progressivo, que contemple todas as potencialidades do pa\u00eds de forma sustent\u00e1vel e crit\u00e9rios de g\u00eanero, que permita a cria\u00e7\u00e3o de empregos com sal\u00e1rios decentes para as trabalhadoras e os trabalhadores.<\/p>\n<p>De acordo com toda a trajet\u00f3ria anterior, o Partido Comunistade do Chile conclama seus militantes e amigos que fa\u00e7am o m\u00e1ximo esfor\u00e7o nos dias que faltam para que, em 15\/16 de maio, possa culminar com \u00eaxito a elei\u00e7\u00e3o de deputados, prefeitos, vereadores e governadores. Devemos contribuir para a derrota dos partidos que defenderam a rejei\u00e7\u00e3o da Nova Constitui\u00e7\u00e3o e fortalecer as listas da coliga\u00e7\u00e3o Aprovo Dignidade e Chile Digno, e as candidaturas dos povos ind\u00edgenas que nos representam.<\/p>\n<p>A indica\u00e7\u00e3o de Daniel Jadue nos enche de orgulho e mostra que mais uma vez o Partido Comunista tem a capacidade de avan\u00e7ar na luta pela democracia e estabelecer um caminho de esperan\u00e7a para a parte mais substancial de nossa sociedade. Come\u00e7a um caminho de vit\u00f3ria popular para o qual contribuiremos com todas as nossas for\u00e7as e com a convic\u00e7\u00e3o de levar o camarada \u00e0 presid\u00eancia do Chile.<\/p>\n<p>Comit\u00ea Central do Partido Comunista de Chile<\/p>\n<p>24 de abril de 2021<\/p>\n<p>Tradu\u00e7\u00e3o: Partido Comunista Brasileiro (PCB)<\/p>\n<p>Fonte:<\/p>\n<blockquote class=\"wp-embedded-content\" data-secret=\"8iWA0peLMU\"><p><a href=\"http:\/\/pcchile.cl\/2021\/04\/25\/comunicado-publico-v-pleno-comite-central\/\">Comunicado p\u00fablico V pleno Comit\u00e9 Central<\/a><\/p><\/blockquote>\n<p><iframe loading=\"lazy\" class=\"wp-embedded-content\" sandbox=\"allow-scripts\" security=\"restricted\" style=\"position: absolute; clip: rect(1px, 1px, 1px, 1px);\" title=\"\u00abComunicado p\u00fablico V pleno Comit\u00e9 Central\u00bb \u2014 PC CHILE\" src=\"http:\/\/pcchile.cl\/2021\/04\/25\/comunicado-publico-v-pleno-comite-central\/embed\/#?secret=8iWA0peLMU\" data-secret=\"8iWA0peLMU\" width=\"600\" height=\"338\" frameborder=\"0\" marginwidth=\"0\" marginheight=\"0\" scrolling=\"no\"><\/iframe><\/p>\n","protected":false},"excerpt":{"rendered":"<a class=\"moretag\" href=\"https:\/\/pcb.org.br\/portal2\/27190\"> <\/a>","protected":false},"author":1,"featured_media":0,"comment_status":"closed","ping_status":"closed","sticky":false,"template":"","format":"standard","meta":{"jetpack_post_was_ever_published":false,"_jetpack_newsletter_access":"","_jetpack_dont_email_post_to_subs":false,"_jetpack_newsletter_tier_id":0,"_jetpack_memberships_contains_paywalled_content":false,"_jetpack_memberships_contains_paid_content":false,"footnotes":"","jetpack_publicize_message":"","jetpack_publicize_feature_enabled":true,"jetpack_social_post_already_shared":true,"jetpack_social_options":{"image_generator_settings":{"template":"highway","default_image_id":0,"font":"","enabled":false},"version":2}},"categories":[87],"tags":[234],"class_list":["post-27190","post","type-post","status-publish","format-standard","hentry","category-c100-chile","tag-6b"],"jetpack_publicize_connections":[],"jetpack_featured_media_url":"","jetpack_shortlink":"https:\/\/wp.me\/p659gw-74y","jetpack-related-posts":[],"jetpack_likes_enabled":true,"jetpack_sharing_enabled":true,"_links":{"self":[{"href":"https:\/\/pcb.org.br\/portal2\/wp-json\/wp\/v2\/posts\/27190","targetHints":{"allow":["GET"]}}],"collection":[{"href":"https:\/\/pcb.org.br\/portal2\/wp-json\/wp\/v2\/posts"}],"about":[{"href":"https:\/\/pcb.org.br\/portal2\/wp-json\/wp\/v2\/types\/post"}],"author":[{"embeddable":true,"href":"https:\/\/pcb.org.br\/portal2\/wp-json\/wp\/v2\/users\/1"}],"replies":[{"embeddable":true,"href":"https:\/\/pcb.org.br\/portal2\/wp-json\/wp\/v2\/comments?post=27190"}],"version-history":[{"count":0,"href":"https:\/\/pcb.org.br\/portal2\/wp-json\/wp\/v2\/posts\/27190\/revisions"}],"wp:attachment":[{"href":"https:\/\/pcb.org.br\/portal2\/wp-json\/wp\/v2\/media?parent=27190"}],"wp:term":[{"taxonomy":"category","embeddable":true,"href":"https:\/\/pcb.org.br\/portal2\/wp-json\/wp\/v2\/categories?post=27190"},{"taxonomy":"post_tag","embeddable":true,"href":"https:\/\/pcb.org.br\/portal2\/wp-json\/wp\/v2\/tags?post=27190"}],"curies":[{"name":"wp","href":"https:\/\/api.w.org\/{rel}","templated":true}]}}