{"id":27212,"date":"2021-04-30T20:32:42","date_gmt":"2021-04-30T23:32:42","guid":{"rendered":"https:\/\/pcb.org.br\/portal2\/?p=27212"},"modified":"2021-04-30T20:32:42","modified_gmt":"2021-04-30T23:32:42","slug":"em-cuba-pleno-emprego","status":"publish","type":"post","link":"https:\/\/pcb.org.br\/portal2\/27212","title":{"rendered":"Em Cuba: pleno emprego"},"content":{"rendered":"<p><img decoding=\"async\" class=\"imagem\" title=\"imagem\" src=\"https:\/\/i0.wp.com\/pt.granma.cu\/file\/img\/2021\/04\/medium\/f0021029.jpg\" alt=\"imagem\" \/><!--more-->O emprego \u00e9 uma das principais garantias para os cidad\u00e3os. Foto: Miguel Febles Hern\u00e1ndez.<\/p>\n<p>Autor: Liz Conde S\u00e1nchez | internet@granma.cu<\/p>\n<p>A taxa de desemprego em Cuba, h\u00e1 mais de dez anos, \u00e9 inferior a 4,0%, o que permite afirmar, segundo par\u00e2metros internacionais, que h\u00e1 pleno emprego, informou o minist\u00e9rio da Economia e do Planejamento, por meio de sua conta no Twitter.<\/p>\n<p>Atualmente, o pa\u00eds tem 3,1 milh\u00f5es de trabalhadores no setor estatal, 48% deles no setor empresarial, e mais de 600 mil s\u00e3o trabalhadores aut\u00f4nomos ou independentes, de acordo com o Minist\u00e9rio do Trabalho e Previd\u00eancia Social (MTSS).<\/p>\n<p>A dire\u00e7\u00e3o do Governo e do Estado cubano est\u00e1 fazendo um enorme esfor\u00e7o para garantir o direito ao trabalho da popula\u00e7\u00e3o cubana, em meio ao aprofundamento do bloqueio econ\u00f4mico dos Estados Unidos e \u00e0 emerg\u00eancia provocada pela pandemia da Covid-19.<\/p>\n<p>Com o apoio da Central dos Trabalhadores de Cuba, durante este ano, o MTSS prev\u00ea a cria\u00e7\u00e3o de 32 mil novos empregos, de acordo com o relat\u00f3rio apresentado na 58\u00aa sess\u00e3o plen\u00e1ria do Conselho Nacional da organiza\u00e7\u00e3o oper\u00e1ria. Desse total, 22 mil s\u00e3o do setor estatal e 10 mil aut\u00f4nomos. Estima-se que o ano de 2021 ser\u00e1 encerrado com um n\u00edvel de emprego de 4,6 milh\u00f5es (4.619.200) de trabalhadores, sendo 3.1 milh\u00f5es (3.107.500) no setor estatal e 1,5 milh\u00e3o (1.511.700) no setor n\u00e3o estatal.<\/p>\n<p>O abra\u00e7o de um pa\u00eds em um desfile virtual<\/p>\n<p>No dia Primeiro de Maio, em fotos, v\u00eddeos, selfies e hashtags, ser\u00e1 expressa nossa verdade, nossas conquistas e os desafios de um povo her\u00f3ico e trabalhador<\/p>\n<p>Autor: Mailenys Oliva Ferrales | informacion@granmai.cu<\/p>\n<p>Porque muitos esfor\u00e7os foram compartilhados, porque a for\u00e7a de um pa\u00eds est\u00e1 em seu povo, e porque nos emocionamos com os motivos para festejar o compromisso de nossos trabalhadores, este dia 1o de maio uma grande pra\u00e7a nas redes sociais testemunhar\u00e1 o abra\u00e7o virtual dos que desde a Ponta de Mais\u00ed at\u00e9 o Cabo de San Antonio, se levantam todos os dias para fazer avan\u00e7ar este arquip\u00e9lago de unidade e resist\u00eancia desde o sulco, usinas, hospitais, escolas e tantos outros locais de trabalho.<\/p>\n<p>Nesse palco digital, nossa verdade, nossas conquistas e nossos desafios desfilar\u00e3o em fotos, v\u00eddeos, selfies e hashtags.<\/p>\n<p>Sob o lema \u00abUnidos: N\u00f3s fazemos Cuba\u00bb, o movimento sindical cubano e os trabalhadores tamb\u00e9m mostrar\u00e3o seu apoio \u00e0s transforma\u00e7\u00f5es no cen\u00e1rio trabalhista, que incluem a nova pol\u00edtica para dar maior autonomia \u00e0 empresa estatal socialista, a melhoria do setor n\u00e3o estatal e a implementa\u00e7\u00e3o da Tarefa Ordena\u00e7\u00e3o.<\/p>\n<p>Ali\u00e1s, ser\u00e1 um 1o de maio de emo\u00e7\u00f5es, alegrias e gratid\u00e3o, porque Cuba tem em seus profissionais, t\u00e9cnicos, oper\u00e1rios e camponeses, um imenso baluarte.<\/p>\n<p>Est\u00e3o os trabalhadores da Sa\u00fade e da Ci\u00eancia, com sua dedica\u00e7\u00e3o e contribui\u00e7\u00e3o no combate \u00e0 pandemia da Covid-19, aqui e em mais de 46 pa\u00edses. H\u00e1 tamb\u00e9m os que continuaram trabalhando na produ\u00e7\u00e3o dos setores prim\u00e1rios da na\u00e7\u00e3o, os que se deslocaram voluntariamente para apoiar as zonas vermelhas e os que continuam oferecendo seu trabalho por meio de plataformas digitais; todos reunidos em um festival virtual que n\u00e3o para de apoiar organiza\u00e7\u00f5es sindicais e de trabalhadores v\u00edtimas das pol\u00edticas neoliberais no mundo.<\/p>\n<p>Com Cuba, a solidariedade tamb\u00e9m chegar\u00e1 de forma digital, por meio de um novo encontro internacional, que acontecer\u00e1 nos dias 30 de abril e 1\u00ba de maio, organizado pela Central dos Trabalhadores de Cuba (CTC) e pelo Instituto Cubano de Amizade com os Povos (ICAP).<\/p>\n<p>Em uma entrevista coletiva, o Her\u00f3i da Rep\u00fablica de Cuba, Fernando Gonz\u00e1lez Llort, presidente do ICAP, explicou que, apesar do atual contexto epidemiol\u00f3gico, n\u00e3o se renuncia a esta celebra\u00e7\u00e3o, que permitir\u00e1 que se encontrem, em um virtual abra\u00e7o de solidariedade , com estrangeiros e representantes de organiza\u00e7\u00f5es sindicais de v\u00e1rias na\u00e7\u00f5es que tradicionalmente participam de nossos desfiles.<\/p>\n<p>Mencionou que as redes sociais da CTC e do ICAP estar\u00e3o abertas a todos os interessados em participar dos debates sobre solidariedade e luta contra o bloqueio econ\u00f4mico, financeiro e comercial dos Estados Unidos contra Cuba, al\u00e9m de outros foros continentais em Europa, \u00c1sia, \u00c1frica, Oriente M\u00e9dio e Am\u00e9rica, onde participar\u00e3o mais de 80 representantes de organiza\u00e7\u00f5es sindicais e pol\u00edticas de todo o mundo.<\/p>\n","protected":false},"excerpt":{"rendered":"<a class=\"moretag\" href=\"https:\/\/pcb.org.br\/portal2\/27212\"> <\/a>","protected":false},"author":1,"featured_media":0,"comment_status":"closed","ping_status":"closed","sticky":false,"template":"","format":"standard","meta":{"jetpack_post_was_ever_published":false,"_jetpack_newsletter_access":"","_jetpack_dont_email_post_to_subs":false,"_jetpack_newsletter_tier_id":0,"_jetpack_memberships_contains_paywalled_content":false,"_jetpack_memberships_contains_paid_content":false,"footnotes":"","jetpack_publicize_message":"","jetpack_publicize_feature_enabled":true,"jetpack_social_post_already_shared":true,"jetpack_social_options":{"image_generator_settings":{"template":"highway","default_image_id":0,"font":"","enabled":false},"version":2}},"categories":[48],"tags":[225],"class_list":["post-27212","post","type-post","status-publish","format-standard","hentry","category-c58-cuba","tag-4a"],"jetpack_publicize_connections":[],"jetpack_featured_media_url":"","jetpack_shortlink":"https:\/\/wp.me\/p659gw-74U","jetpack-related-posts":[],"jetpack_likes_enabled":true,"jetpack_sharing_enabled":true,"_links":{"self":[{"href":"https:\/\/pcb.org.br\/portal2\/wp-json\/wp\/v2\/posts\/27212","targetHints":{"allow":["GET"]}}],"collection":[{"href":"https:\/\/pcb.org.br\/portal2\/wp-json\/wp\/v2\/posts"}],"about":[{"href":"https:\/\/pcb.org.br\/portal2\/wp-json\/wp\/v2\/types\/post"}],"author":[{"embeddable":true,"href":"https:\/\/pcb.org.br\/portal2\/wp-json\/wp\/v2\/users\/1"}],"replies":[{"embeddable":true,"href":"https:\/\/pcb.org.br\/portal2\/wp-json\/wp\/v2\/comments?post=27212"}],"version-history":[{"count":0,"href":"https:\/\/pcb.org.br\/portal2\/wp-json\/wp\/v2\/posts\/27212\/revisions"}],"wp:attachment":[{"href":"https:\/\/pcb.org.br\/portal2\/wp-json\/wp\/v2\/media?parent=27212"}],"wp:term":[{"taxonomy":"category","embeddable":true,"href":"https:\/\/pcb.org.br\/portal2\/wp-json\/wp\/v2\/categories?post=27212"},{"taxonomy":"post_tag","embeddable":true,"href":"https:\/\/pcb.org.br\/portal2\/wp-json\/wp\/v2\/tags?post=27212"}],"curies":[{"name":"wp","href":"https:\/\/api.w.org\/{rel}","templated":true}]}}