{"id":27246,"date":"2021-05-06T21:56:48","date_gmt":"2021-05-07T00:56:48","guid":{"rendered":"https:\/\/pcb.org.br\/portal2\/?p=27246"},"modified":"2021-05-10T00:11:46","modified_gmt":"2021-05-10T03:11:46","slug":"indigena-e-indigena-dentro-e-fora-de-suas-terras","status":"publish","type":"post","link":"https:\/\/pcb.org.br\/portal2\/27246","title":{"rendered":"Ind\u00edgena \u00e9 ind\u00edgena dentro e fora de suas terras"},"content":{"rendered":"<p><img decoding=\"async\" class=\"imagem\" title=\"imagem\" src=\"https:\/\/i0.wp.com\/www.diariodepernambuco.com.br\/static\/app\/noticia_127983242361\/2021\/02\/26\/853731\/20210226203542341254a.jpeg\" alt=\"imagem\" \/><!--more-->Foto: Marcos Fabr\u00edcio &#8211; Prefeitura de Maric\u00e1 &#8211; RJ<\/p>\n<p>Vacina para tod@s j\u00e1!<\/p>\n<p>Fra\u00e7\u00e3o Nacional Ind\u00edgena do PCB<\/p>\n<p>A pandemia do novo coronav\u00edrus j\u00e1 contaminou mais de 50 mil ind\u00edgenas e matou, pelo menos, mil deles em todo o pa\u00eds. A r\u00e1pida dissemina\u00e7\u00e3o do v\u00edrus contou com o envolvimento do governo Bolsonaro, que al\u00e9m de n\u00e3o ter feito nada para conter a propaga\u00e7\u00e3o dos cont\u00e1gios, mostrou-se omisso com as invas\u00f5es \u00e0s terras ind\u00edgenas por madeireiros e garimpeiros e distribuiu centenas de caixas de cloroquina e ivermectina nas aldeias, a despeito da conhecida inutilidade desses medicamentos no combate \u00e0 Covid-19.<\/p>\n<p>Vale registrar que apenas em novembro de 2020, oito meses depois da chegada da pandemia no pa\u00eds, o governo Bolsonaro apresentou um plano geral de enfrentamento \u00e0 Covid-19, obedecendo uma determina\u00e7\u00e3o do Supremo Tribunal Federal (STF). Contudo, por se encontrar com inconsist\u00eancias, o mencionado plano ainda n\u00e3o foi integralmente homologado pelo Ministro do STF, Lu\u00eds Roberto Barroso.<\/p>\n<p>Uma das inconsist\u00eancias do plano apresentado pelo governo Bolsonaro \u00e9 a exclus\u00e3o dos ind\u00edgenas em contexto urbano (desaldeados) do processo de vacina\u00e7\u00e3o priorit\u00e1ria contra a Covid-19. Essa medida exclui mais de 40% da popula\u00e7\u00e3o ind\u00edgena do cronograma nacional de imuniza\u00e7\u00e3o, contraria orienta\u00e7\u00e3o do Conselho Nacional de Sa\u00fade (CNS) e ignora estudos cient\u00edficos que apontam uma maior preval\u00eancia do coronav\u00edrus na popula\u00e7\u00e3o ind\u00edgena urbana frente \u00e0 encontrada na popula\u00e7\u00e3o branca.<\/p>\n<p>Em decorr\u00eancia dessa absurda exclus\u00e3o t\u00eam se acumulado relatos de ind\u00edgenas privados do acesso \u00e0s vacinas. Em Pariconha, munic\u00edpio do Sert\u00e3o Alagoano, ind\u00edgenas Jeripank\u00f3, a poucos metros da ex\u00edgua terra demarcada, n\u00e3o estavam com seus nomes habilitados no Sistema de Informa\u00e7\u00e3o da Aten\u00e7\u00e3o \u00e0 Sa\u00fade Ind\u00edgena (SIASI), motivo pelo qual n\u00e3o receberam o imunizante. Do mesmo modo, alguns jovens Jeripank\u00f3 que migraram para trabalhar na colheita do caf\u00e9, no estado do Esp\u00edrito Santo, ficaram de fora das doses oferecidas. Situa\u00e7\u00e3o semelhante ocorreu entre os ind\u00edgenas do Rio Grande do Sul e de outros estados.<\/p>\n<p>O movimento ind\u00edgena e organiza\u00e7\u00f5es indigenistas t\u00eam amplamente denunciado a exclus\u00e3o dos ind\u00edgenas em contexto urbano do cronograma priorit\u00e1rio de vacina\u00e7\u00e3o. O flagrante desrespeito constitucional levou o Minist\u00e9rio P\u00fablico Federal (MPF) a recomendar ou ajuizar a\u00e7\u00e3o p\u00fablica em algumas unidades da federa\u00e7\u00e3o \u2013 a exemplo de Acre, Amazonas e Minas Gerais \u2013 para que as secretarias estaduais de sa\u00fade assegurem a cobertura vacinal \u00e0 totalidade dos ind\u00edgenas, independente de local de resid\u00eancia.<\/p>\n<p>A Fra\u00e7\u00e3o Ind\u00edgena do Partido Comunista Brasileiro (PCB) repudia veementemente essa decis\u00e3o discriminat\u00f3ria levada a cabo pelo governo federal. Trata-se de uma exclus\u00e3o que isenta o Estado brasileiro de sua responsabilidade constitucional, bem como oculta s\u00e9culos de opress\u00e3o e desterritorializa\u00e7\u00e3o impostos sobre os povos ind\u00edgenas. Salientamos que ind\u00edgena segue sendo ind\u00edgena ainda que fora de suas terras.<\/p>\n<p>O PCB, por sua Fra\u00e7\u00e3o Ind\u00edgena, empresta sua solidariedade irrestrita aos povos ind\u00edgenas, ao tempo que se soma \u00e0s lutas pela extens\u00e3o do cronograma vacinal \u00e0queles que se encontrem em contexto urbano.<\/p>\n","protected":false},"excerpt":{"rendered":"<a class=\"moretag\" href=\"https:\/\/pcb.org.br\/portal2\/27246\"> <\/a>","protected":false},"author":1,"featured_media":0,"comment_status":"closed","ping_status":"closed","sticky":false,"template":"","format":"standard","meta":{"jetpack_post_was_ever_published":false,"_jetpack_newsletter_access":"","_jetpack_dont_email_post_to_subs":false,"_jetpack_newsletter_tier_id":0,"_jetpack_memberships_contains_paywalled_content":false,"_jetpack_memberships_contains_paid_content":false,"footnotes":"","jetpack_publicize_message":"","jetpack_publicize_feature_enabled":true,"jetpack_social_post_already_shared":true,"jetpack_social_options":{"image_generator_settings":{"template":"highway","default_image_id":0,"font":"","enabled":false},"version":2}},"categories":[163,20],"tags":[224],"class_list":["post-27246","post","type-post","status-publish","format-standard","hentry","category-movimento-indigena","category-c1-popular","tag-3b"],"jetpack_publicize_connections":[],"jetpack_featured_media_url":"","jetpack_shortlink":"https:\/\/wp.me\/p659gw-75s","jetpack-related-posts":[],"jetpack_likes_enabled":true,"jetpack_sharing_enabled":true,"_links":{"self":[{"href":"https:\/\/pcb.org.br\/portal2\/wp-json\/wp\/v2\/posts\/27246","targetHints":{"allow":["GET"]}}],"collection":[{"href":"https:\/\/pcb.org.br\/portal2\/wp-json\/wp\/v2\/posts"}],"about":[{"href":"https:\/\/pcb.org.br\/portal2\/wp-json\/wp\/v2\/types\/post"}],"author":[{"embeddable":true,"href":"https:\/\/pcb.org.br\/portal2\/wp-json\/wp\/v2\/users\/1"}],"replies":[{"embeddable":true,"href":"https:\/\/pcb.org.br\/portal2\/wp-json\/wp\/v2\/comments?post=27246"}],"version-history":[{"count":0,"href":"https:\/\/pcb.org.br\/portal2\/wp-json\/wp\/v2\/posts\/27246\/revisions"}],"wp:attachment":[{"href":"https:\/\/pcb.org.br\/portal2\/wp-json\/wp\/v2\/media?parent=27246"}],"wp:term":[{"taxonomy":"category","embeddable":true,"href":"https:\/\/pcb.org.br\/portal2\/wp-json\/wp\/v2\/categories?post=27246"},{"taxonomy":"post_tag","embeddable":true,"href":"https:\/\/pcb.org.br\/portal2\/wp-json\/wp\/v2\/tags?post=27246"}],"curies":[{"name":"wp","href":"https:\/\/api.w.org\/{rel}","templated":true}]}}