{"id":27273,"date":"2021-05-12T13:59:16","date_gmt":"2021-05-12T16:59:16","guid":{"rendered":"https:\/\/pcb.org.br\/portal2\/?p=27273"},"modified":"2021-05-12T13:59:16","modified_gmt":"2021-05-12T16:59:16","slug":"basta-de-repressao-contra-o-povo-colombiano","status":"publish","type":"post","link":"https:\/\/pcb.org.br\/portal2\/27273","title":{"rendered":"Basta de repress\u00e3o contra o povo colombiano"},"content":{"rendered":"<p><img decoding=\"async\" class=\"imagem\" title=\"imagem\" src=\"https:\/\/i0.wp.com\/resistir.info\/colombia\/imagens\/sos.jpg\" alt=\"imagem\" \/><!--more-->por FARC-EP<\/p>\n<p>A tonta arrog\u00e2ncia de Duque [1] \u00e9 a causa desta bela subleva\u00e7\u00e3o da dignidade e do despertar das consci\u00eancias. Fica sabendo este governo de v\u00e2ndalos e monstros repressores que o povo tem a for\u00e7a para derrub\u00e1-lo. E o povo constatou que, se lutar unido sob a bandeira da mudan\u00e7a, n\u00e3o haver\u00e1 mau governo que lhe resista. Se esse caudal bravio, de povo, for orientado em dire\u00e7\u00e3o ao Pal\u00e1cio de Nari\u00f1o [2], suportado por militares e policiais com sentimento de p\u00e1tria e humanidade, teremos novo governo, ou pela for\u00e7a irresist\u00edvel das massas ou pela via constitucional. Isso \u00e9 seguro.<\/p>\n<p>Basta, Duque! N\u00e3o mais repress\u00e3o militar nem tratamento de guerra contra um povo inocente. Pare o uso desproporcionado da for\u00e7a. N\u00e3o ataque o povo com helic\u00f3pteros, nem o intimide com sobrevoos de avi\u00f5es dia e noite sobre as cidades, n\u00e3o corte a energia el\u00e9trica para disparar contra moradores de bairros populares utilizando lentes de vis\u00e3o noturna. Recolha seus sic\u00e1rios paramilitares que agora est\u00e3o disparando contra os dirigentes dos protestos. Atenda \u00e0 exorta\u00e7\u00e3o da ONU e da Uni\u00e3o Europeia para cessar a repress\u00e3o. Responda pelos civis mortos e pelos desaparecidos. N\u00e3o se lembre de decretar a como\u00e7\u00e3o interior [3] porque o povo a esmagar\u00e1 e passar\u00e1 por cima dela.<\/p>\n<p>Ou\u00e7a o povo e atenda suas reivindica\u00e7\u00f5es. Presidente, n\u00e3o minta e n\u00e3o engane mais. \u00c9 muito c\u00ednico da sua parte afirmar que o protesto \u00e9 financiado pelas fac\u00e7\u00f5es do narcotr\u00e1fico, quando o senhor chegou \u00e0 presid\u00eancia gra\u00e7as ao financiamento desses bandos mafiosos. Esse dinheiro do narcotr\u00e1fico que converteu o senhor em presidente da Col\u00f4mbia foi colectado pelo seu amigo \u00d1e\u00f1e Hern\u00e1ndez. Por acaso j\u00e1 se esqueceu? Seu pai pol\u00edtico, o genocida inomin\u00e1vel [4], \u00e9 o fundador deste narco-Estado que temos. E isso pesa muito na hora de falar.<\/p>\n<p>Conclamamos os integrantes da for\u00e7a p\u00fablica a n\u00e3o se deixarem utilizar mais por oligarcas ego\u00edstas e violentos, que converteram uma institui\u00e7\u00e3o \u2013 que por mandato do Libertador [5] deve defender as garantias sociais \u2013 num ex\u00e9rcito privado, guardas dos seus lucros e garantidores da sua perman\u00eancia no poder. Definitivamente n\u00e3o h\u00e1 respeito pelo povo uniformizado. Os senhores tamb\u00e9m podem ser como Ch\u00e1vez, como Torrijos [6], como Velasco Alvarado [7] e o coronel de Abril, Francisco Caama\u00f1o [8]. O posto dos senhores \u00e9 ao lado do povo e com o pr\u00f3prio povo \u2013 em unidade c\u00edvico militar \u2013, apoiar o pacto ou acordo pol\u00edtico nacional para o estabelecimento de um novo governo de paz completa, democracia verdadeira, justi\u00e7a social e soberania p\u00e1tria.<\/p>\n<p>FARC-EP<\/p>\n<p>Segunda Marquet\u00e1lia<\/p>\n<p>[1] Iv\u00e1n Duque Marquez, atual presidente da Col\u00f4mbia.<br \/>\n[2] Pal\u00e1cio da Presid\u00eancia da Rep\u00fablica.<br \/>\n[3] Estado de emerg\u00eancia.<br \/>\n[4] Refere-se a \u00c1lvaro Uribe Velez. A sua biografia n\u00e3o autorizada est\u00e1 aqui .<br \/>\n[5] Sim\u00f3n Bol\u00edvar.<br \/>\n[6] Omar Torrijos, comandante da Guarda Nacional do Panam\u00e1, assassinado pela CIA num acidente simulado de avia\u00e7\u00e3o.<br \/>\n[7] General Velasco Alvarado, ex-presidente do Peru que iniciou a Reforma Agr\u00e1ria no pa\u00eds e promoveu reformas progressistas.<br \/>\n[8] Coronel Francisco Caama\u00f1o, que em 1965 restabeleceu a democracia na Rep\u00fablica Dominicana at\u00e9 que o seu pa\u00eds ser invadido por tropas dos EUA e do Brasil.<\/p>\n<p>Este documento encontra-se em https:\/\/resistir.info\/ .<\/p>\n","protected":false},"excerpt":{"rendered":"<a class=\"moretag\" href=\"https:\/\/pcb.org.br\/portal2\/27273\"> <\/a>","protected":false},"author":1,"featured_media":0,"comment_status":"closed","ping_status":"closed","sticky":false,"template":"","format":"standard","meta":{"jetpack_post_was_ever_published":false,"_jetpack_newsletter_access":"","_jetpack_dont_email_post_to_subs":false,"_jetpack_newsletter_tier_id":0,"_jetpack_memberships_contains_paywalled_content":false,"_jetpack_memberships_contains_paid_content":false,"footnotes":"","jetpack_publicize_message":"","jetpack_publicize_feature_enabled":true,"jetpack_social_post_already_shared":true,"jetpack_social_options":{"image_generator_settings":{"template":"highway","default_image_id":0,"font":"","enabled":false},"version":2}},"categories":[34],"tags":[223],"class_list":["post-27273","post","type-post","status-publish","format-standard","hentry","category-c39-colombia","tag-3a"],"jetpack_publicize_connections":[],"jetpack_featured_media_url":"","jetpack_shortlink":"https:\/\/wp.me\/p659gw-75T","jetpack-related-posts":[],"jetpack_likes_enabled":true,"jetpack_sharing_enabled":true,"_links":{"self":[{"href":"https:\/\/pcb.org.br\/portal2\/wp-json\/wp\/v2\/posts\/27273","targetHints":{"allow":["GET"]}}],"collection":[{"href":"https:\/\/pcb.org.br\/portal2\/wp-json\/wp\/v2\/posts"}],"about":[{"href":"https:\/\/pcb.org.br\/portal2\/wp-json\/wp\/v2\/types\/post"}],"author":[{"embeddable":true,"href":"https:\/\/pcb.org.br\/portal2\/wp-json\/wp\/v2\/users\/1"}],"replies":[{"embeddable":true,"href":"https:\/\/pcb.org.br\/portal2\/wp-json\/wp\/v2\/comments?post=27273"}],"version-history":[{"count":0,"href":"https:\/\/pcb.org.br\/portal2\/wp-json\/wp\/v2\/posts\/27273\/revisions"}],"wp:attachment":[{"href":"https:\/\/pcb.org.br\/portal2\/wp-json\/wp\/v2\/media?parent=27273"}],"wp:term":[{"taxonomy":"category","embeddable":true,"href":"https:\/\/pcb.org.br\/portal2\/wp-json\/wp\/v2\/categories?post=27273"},{"taxonomy":"post_tag","embeddable":true,"href":"https:\/\/pcb.org.br\/portal2\/wp-json\/wp\/v2\/tags?post=27273"}],"curies":[{"name":"wp","href":"https:\/\/api.w.org\/{rel}","templated":true}]}}