{"id":27291,"date":"2021-05-17T23:29:38","date_gmt":"2021-05-18T02:29:38","guid":{"rendered":"https:\/\/pcb.org.br\/portal2\/?p=27291"},"modified":"2021-05-24T00:51:49","modified_gmt":"2021-05-24T03:51:49","slug":"organizar-a-luta-contra-a-lgbtfobia","status":"publish","type":"post","link":"https:\/\/pcb.org.br\/portal2\/27291","title":{"rendered":"Organizar a luta contra a LGBTfobia!"},"content":{"rendered":"<p><img decoding=\"async\" class=\"imagem\" title=\"imagem\" src=\"https:\/\/i0.wp.com\/uploads.jovemnerd.com.br\/wp-content\/uploads\/2021\/03\/esnobados-oscar-2021-indicados-760x428.jpg\" alt=\"imagem\" \/><!--more-->Coletivo LGBT Comunista<\/p>\n<p>No dia 17 de maio comemora-se o dia internacional contra a LGBTfobia. Essa data foi selecionada porque nesse mesmo dia, no ano de 1990, a Organiza\u00e7\u00e3o Mundial de Sa\u00fade (OMS) excluiu a homossexualidade da classifica\u00e7\u00e3o estat\u00edstica Internacional de Doen\u00e7as e Problemas Relacionados com a Sa\u00fade (CID), ou seja, a partir desta data, a homossexualidade n\u00e3o foi mais classificada como doen\u00e7a, ganhando o reconhecimento de que \u00e9 apenas um tra\u00e7o da personalidade da pessoa<br \/>\nAo longo desses 31 anos tivemos diversos avan\u00e7os em rela\u00e7\u00e3o aos direitos e reconhecimentos da popula\u00e7\u00e3o LGBT. No entanto, mais do que uma comemora\u00e7\u00e3o essa data ainda nos relembra sobre a import\u00e2ncia de continuar lutando por melhores condi\u00e7\u00f5es de vida.<\/p>\n<p>Segundo o Grupo Gay da Bahia em seu relat\u00f3rio de 2020, comparativamente aos anos anteriores, observou-se em 2019 uma surpreendente redu\u00e7\u00e3o das mortes violentas de LGBT+. O ano recorde foi 2017, com 445 mortes, seguido em 2018 com 420 e agora 329 mortes em 2019, registando-se, portanto, uma diminui\u00e7\u00e3o de 26% face a 2017 e 22% em rela\u00e7\u00e3o a 2018. Apesar dessa redu\u00e7\u00e3o, ainda encontramos um enorme n\u00famero de pessoas morrendo simplesmente pela varia\u00e7\u00e3o no tra\u00e7o de personalidade. A cada 26 horas uma LGBT+ \u00e9 assassinada ou comete suic\u00eddio, v\u00edtima da LGBTfobia, o que confirma o Brasil como campe\u00e3o mundial de crimes contra as minorias sexuais.<\/p>\n<p>Esses dados deixam mais que evidente a necessidade de revidarmos a viol\u00eancia que sofremos todos os dias. Esse troco n\u00e3o deve ser dado apenas em \u00e2mbito individual, mas de forma organizada que tenha impacto em toda a organiza\u00e7\u00e3o social da nossa sociedade, para que o est\u00edmulo da LGBTfobia finde de uma vez por todas. \u00c9 apenas na constru\u00e7\u00e3o de uma nova sociedade com novos valores morais que podemos de fato construir um mundo em que os tra\u00e7os de personalidade divergentes n\u00e3o sejam interpretados como motivos para sermos mortos ou retirarmos a pr\u00f3pria vida. J\u00e1 passou da hora de termos nossos Lungas da vida real!<\/p>\n<p>Dia Internacional de Combate \u00e0 LGBTfobia!<\/p>\n<p>Como parte integrante da classe trabalhadora, a popula\u00e7\u00e3o LGBT sofre duramente com o governo Bolsonaro, extremamente reacion\u00e1rio. O seu discurso de \u00f3dio somado \u00e0s constantes explora\u00e7\u00f5es e opress\u00f5es capitalistas s\u00e3o primordiais para o aumento da LGBTfobia no Brasil.<\/p>\n<p>Mais especificamente no Cear\u00e1, vivemos no 6\u00ba estado com maior n\u00famero de mortes VIOLENTAS de LGBTs no Brasil, segundo o \u00faltimo relat\u00f3rio do Grupo Gay da Bahia (2019). J\u00e1 o relat\u00f3rio do ANTRA (Associa\u00e7\u00e3o Nacional de Travestis e Transexuais, 2020) nos informa que desde 2017, o Cear\u00e1 consta como um dos cinco estados com mais casos de assassinatos de pessoas trans no pa\u00eds, ocupando o 2\u00ba lugar em 2020.<\/p>\n<p>\u00c9 tarefa do Coletivo Feminista Classista Ana Montenegro se somar ao LGBT Comunista para promover o debate que mostre como a opress\u00e3o capitalista e patriarcal promove e sustenta as pr\u00e1ticas machistas e LGBTf\u00f3bicas e como devemos combat\u00ea-las.<\/p>\n<p>O Coletivo Feminista Classista Ana Montenegro reitera o apoio no combate \u00e0 superexplora\u00e7\u00e3o a qual as trans e travestis est\u00e3o sujeitas: explora\u00e7\u00e3o mais precarizada no mundo do trabalho; dificuldade de inser\u00e7\u00e3o em empregos formais; explora\u00e7\u00e3o sexual.<\/p>\n<p>PELO FIM DA LGBTFOBIA, CRIAR, LUTAR, PODER POPULAR!<\/p>\n<p>Coletivo Feminista Classista Ana Montenegro &#8211; Cear\u00e1<br \/>\nColetivo LGBT Comunista &#8211; Cear\u00e1<\/p>\n","protected":false},"excerpt":{"rendered":"<a class=\"moretag\" href=\"https:\/\/pcb.org.br\/portal2\/27291\"> <\/a>","protected":false},"author":1,"featured_media":0,"comment_status":"closed","ping_status":"closed","sticky":false,"template":"","format":"standard","meta":{"jetpack_post_was_ever_published":false,"_jetpack_newsletter_access":"","_jetpack_dont_email_post_to_subs":false,"_jetpack_newsletter_tier_id":0,"_jetpack_memberships_contains_paywalled_content":false,"_jetpack_memberships_contains_paid_content":false,"footnotes":"","jetpack_publicize_message":"","jetpack_publicize_feature_enabled":true,"jetpack_social_post_already_shared":true,"jetpack_social_options":{"image_generator_settings":{"template":"highway","default_image_id":0,"font":"","enabled":false},"version":2}},"categories":[182,20],"tags":[225],"class_list":["post-27291","post","type-post","status-publish","format-standard","hentry","category-lgbt","category-c1-popular","tag-4a"],"jetpack_publicize_connections":[],"jetpack_featured_media_url":"","jetpack_shortlink":"https:\/\/wp.me\/p659gw-76b","jetpack-related-posts":[],"jetpack_likes_enabled":true,"jetpack_sharing_enabled":true,"_links":{"self":[{"href":"https:\/\/pcb.org.br\/portal2\/wp-json\/wp\/v2\/posts\/27291","targetHints":{"allow":["GET"]}}],"collection":[{"href":"https:\/\/pcb.org.br\/portal2\/wp-json\/wp\/v2\/posts"}],"about":[{"href":"https:\/\/pcb.org.br\/portal2\/wp-json\/wp\/v2\/types\/post"}],"author":[{"embeddable":true,"href":"https:\/\/pcb.org.br\/portal2\/wp-json\/wp\/v2\/users\/1"}],"replies":[{"embeddable":true,"href":"https:\/\/pcb.org.br\/portal2\/wp-json\/wp\/v2\/comments?post=27291"}],"version-history":[{"count":0,"href":"https:\/\/pcb.org.br\/portal2\/wp-json\/wp\/v2\/posts\/27291\/revisions"}],"wp:attachment":[{"href":"https:\/\/pcb.org.br\/portal2\/wp-json\/wp\/v2\/media?parent=27291"}],"wp:term":[{"taxonomy":"category","embeddable":true,"href":"https:\/\/pcb.org.br\/portal2\/wp-json\/wp\/v2\/categories?post=27291"},{"taxonomy":"post_tag","embeddable":true,"href":"https:\/\/pcb.org.br\/portal2\/wp-json\/wp\/v2\/tags?post=27291"}],"curies":[{"name":"wp","href":"https:\/\/api.w.org\/{rel}","templated":true}]}}