{"id":27304,"date":"2021-05-21T00:05:39","date_gmt":"2021-05-21T03:05:39","guid":{"rendered":"https:\/\/pcb.org.br\/portal2\/?p=27304"},"modified":"2021-05-21T21:19:56","modified_gmt":"2021-05-22T00:19:56","slug":"hasta-siempre-camarada-santrich","status":"publish","type":"post","link":"https:\/\/pcb.org.br\/portal2\/27304","title":{"rendered":"Hasta siempre, camarada Santrich!"},"content":{"rendered":"<p><img decoding=\"async\" class=\"imagem\" title=\"imagem\" src=\"https:\/\/i0.wp.com\/lh3.googleusercontent.com\/pw\/ACtC-3f-PP7xsR9mNMu8W0s7McTmPXDiNF2ovYe82nzasjSZA81yG93EE0FDuSWxWGHi4CudKX6_I5054qJN6v0pkzdL7HAZXHL8RGEO7JizI1JNZeK2kZ_IfbuIdcOOCpRX3IjVZfnwIYX2KHQVOxedPQvS=w735-h979-no\" alt=\"imagem\" \/><!--more-->Jes\u00fas Santrich estar\u00e1 presente em todas as nossas lutas!<\/p>\n<p>Ivan Pinheiro<\/p>\n<p>\u201cLevo seus abra\u00e7os, risos e alegrias compartidas. Deixo-lhes o que fui, tal qual me conheceram, com minha alma desnuda a todo momento; deixo-lhes minhas can\u00e7\u00f5es, minhas prosas e meus poemas; deixo-lhes a cor de minhas pinturas e meus pensamentos, como a simples prova de meu apre\u00e7o sincero e dos meus sonhos\u201d.<\/p>\n<p>O Comandante Jes\u00fas Santrich deixou-nos essa despedida premonit\u00f3ria, em 15 de abril de 2018, ainda vivendo em Bogot\u00e1, como um dos deputados nomeados pelas FARC, com base em cl\u00e1usula do acordo que desmobilizou a guerrilha.<\/p>\n<p>Como Iv\u00e1n M\u00e1rquez (ent\u00e3o senador, pelo mesmo crit\u00e9rio), ele tinha consci\u00eancia dos riscos que corria como inimigo do estado terrorista colombiano. Ambos haviam divergido da entrega pr\u00e9via das armas e denunciavam o descumprimento do acordo por parte do governo e o assassinato de centenas de guerrilheiros desmobilizados. H\u00e1 dois anos, abandonaram seus mandatos e voltaram \u00e0s montanhas, para a Segunda Marquetalia.<\/p>\n<p>Conheci os dois em um acampamento das FARC, na selva colombiana, em 2010, durante encontro de alguns dirigentes comunistas latino-americanos com delega\u00e7\u00e3o da insurg\u00eancia, para conhecer seus pontos de vista e estreitar la\u00e7os de solidariedade. Santrich foi o meu interlocutor, nos hor\u00e1rios livres do tempo em que l\u00e1 permaneci. Na v\u00e9spera da minha partida, aceitei sua proposta de gravar uma entrevista para divulga\u00e7\u00e3o na r\u00e1dio guerrilheira, ap\u00f3s a confirma\u00e7\u00e3o de minha segura volta ao Brasil.<\/p>\n<p>Escrevi a respeito dessa reuni\u00e3o o texto \u201cNas montanhas da Col\u00f4mbia\u201d, que transcrevo a seguir. Foi publicado no portal do PCB, em 25 de julho de 2010, quando eu cumpria tarefa como secret\u00e1rio geral do Partido.<\/p>\n<p>Mais tarde, durante os di\u00e1logos com vistas a uma solu\u00e7\u00e3o pol\u00edtica para o conflito colombiano, estive com eles mais algumas vezes, em Havana, na delega\u00e7\u00e3o do Movimento Continental Bolivariano que acompanhava os entendimentos.<br \/>\nJes\u00fas Santrich, al\u00e9m de intelectual org\u00e2nico e revolucion\u00e1rio exemplar, era poeta, m\u00fasico e artista pl\u00e1stico, apesar de sua acentuada defici\u00eancia visual.<\/p>\n<p>Seu assassinato, em covarde emboscada e em meio a intensas mobiliza\u00e7\u00f5es populares em seu pa\u00eds, vai se voltar contra o estado terrorista colombiano e o imperialismo estadunidense, que transformou a Col\u00f4mbia em sua base militar para a Am\u00e9rica Latina e o Caribe.<\/p>\n<p>Juntando-se aos de Guevara, Marighella, Lamarca e tantos outros her\u00f3is da Nuestra America assassinados pelos nossos inimigos, o exemplo de Jes\u00fas Santrich ser\u00e1 mais uma inspira\u00e7\u00e3o, entre os revolucion\u00e1rios, em todas as formas de lutas anticapitalistas e anti-imperialistas.<\/p>\n<p>Hasta siempre, camarada Santrich!<\/p>\n<p>Ivan Pinheiro \u00e9 membro do Comit\u00ea Central do PCB<\/p>\n<blockquote class=\"wp-embedded-content\" data-secret=\"XV3ovssmWX\"><p><a href=\"https:\/\/pcb.org.br\/portal2\/693\/nas-montanhas-da-colombia\/\">NAS MONTANHAS DA COL\u00d4MBIA<\/a><\/p><\/blockquote>\n<p><iframe loading=\"lazy\" class=\"wp-embedded-content\" sandbox=\"allow-scripts\" security=\"restricted\" style=\"position: absolute; clip: rect(1px, 1px, 1px, 1px);\" title=\"&#8220;NAS MONTANHAS DA COL\u00d4MBIA&#8221; &#8212; PCB - Partido Comunista Brasileiro\" src=\"https:\/\/pcb.org.br\/portal2\/693\/nas-montanhas-da-colombia\/embed\/#?secret=XV3ovssmWX\" data-secret=\"XV3ovssmWX\" width=\"600\" height=\"338\" frameborder=\"0\" marginwidth=\"0\" marginheight=\"0\" scrolling=\"no\"><\/iframe><\/p>\n","protected":false},"excerpt":{"rendered":"<a class=\"moretag\" href=\"https:\/\/pcb.org.br\/portal2\/27304\"> <\/a>","protected":false},"author":1,"featured_media":0,"comment_status":"closed","ping_status":"closed","sticky":false,"template":"","format":"standard","meta":{"jetpack_post_was_ever_published":false,"_jetpack_newsletter_access":"","_jetpack_dont_email_post_to_subs":false,"_jetpack_newsletter_tier_id":0,"_jetpack_memberships_contains_paywalled_content":false,"_jetpack_memberships_contains_paid_content":false,"footnotes":"","jetpack_publicize_message":"","jetpack_publicize_feature_enabled":true,"jetpack_social_post_already_shared":true,"jetpack_social_options":{"image_generator_settings":{"template":"highway","default_image_id":0,"font":"","enabled":false},"version":2}},"categories":[34],"tags":[222],"class_list":["post-27304","post","type-post","status-publish","format-standard","hentry","category-c39-colombia","tag-2b"],"jetpack_publicize_connections":[],"jetpack_featured_media_url":"","jetpack_shortlink":"https:\/\/wp.me\/p659gw-76o","jetpack-related-posts":[],"jetpack_likes_enabled":true,"jetpack_sharing_enabled":true,"_links":{"self":[{"href":"https:\/\/pcb.org.br\/portal2\/wp-json\/wp\/v2\/posts\/27304","targetHints":{"allow":["GET"]}}],"collection":[{"href":"https:\/\/pcb.org.br\/portal2\/wp-json\/wp\/v2\/posts"}],"about":[{"href":"https:\/\/pcb.org.br\/portal2\/wp-json\/wp\/v2\/types\/post"}],"author":[{"embeddable":true,"href":"https:\/\/pcb.org.br\/portal2\/wp-json\/wp\/v2\/users\/1"}],"replies":[{"embeddable":true,"href":"https:\/\/pcb.org.br\/portal2\/wp-json\/wp\/v2\/comments?post=27304"}],"version-history":[{"count":0,"href":"https:\/\/pcb.org.br\/portal2\/wp-json\/wp\/v2\/posts\/27304\/revisions"}],"wp:attachment":[{"href":"https:\/\/pcb.org.br\/portal2\/wp-json\/wp\/v2\/media?parent=27304"}],"wp:term":[{"taxonomy":"category","embeddable":true,"href":"https:\/\/pcb.org.br\/portal2\/wp-json\/wp\/v2\/categories?post=27304"},{"taxonomy":"post_tag","embeddable":true,"href":"https:\/\/pcb.org.br\/portal2\/wp-json\/wp\/v2\/tags?post=27304"}],"curies":[{"name":"wp","href":"https:\/\/api.w.org\/{rel}","templated":true}]}}