{"id":27332,"date":"2021-05-28T00:40:32","date_gmt":"2021-05-28T03:40:32","guid":{"rendered":"https:\/\/pcb.org.br\/portal2\/?p=27332"},"modified":"2021-05-29T18:55:58","modified_gmt":"2021-05-29T21:55:58","slug":"emprego-vacina-no-braco-e-comida-no-prato","status":"publish","type":"post","link":"https:\/\/pcb.org.br\/portal2\/27332","title":{"rendered":"Emprego, vacina no bra\u00e7o e comida no prato!"},"content":{"rendered":"<p><img decoding=\"async\" class=\"imagem\" title=\"imagem\" src=\"https:\/\/i0.wp.com\/lh3.googleusercontent.com\/pw\/ACtC-3djc9fmwWjkAFCWL5Nlsb3KKDsAnTn1FsW0fZx6ZY1ZKv_-ufooaEdI16ZP5m_azeGfPxQMQ0I9y_fm-pFrpF0eK_N8klWluBElu_kixy96kR1bKKr7SeVvhpCAMtUc9it6ys0TJO78PfEBmu-uVOZV=s799-no\" alt=\"imagem\" \/><!--more-->Dia 29 \u00e9 Dia Nacional de Luta!<\/p>\n<p>Comiss\u00e3o Pol\u00edtica Nacional do PCB.<\/p>\n<p>O Partido Comunista Brasileiro (PCB), a corrente sindical Unidade Classista, a Uni\u00e3o da Juventude Comunista (UJC), o Coletivo Feminista Classista Ana Montenegro, o Coletivo Negro Minervino de Oliveira e o Coletivo LGBT Comunista est\u00e3o participando ativamente da constru\u00e7\u00e3o do Dia Nacional de Lutas neste dia 29 de maio e convoca sua milit\u00e2ncia, apoiadores e apoiadoras a ocupar \u00e0s ruas.<\/p>\n<p>Chegamos a quase 500 mil mortos, e o Governo Federal tem responsabilidades diretas nessa cat\u00e1strofe humanit\u00e1ria! Bolsonaro e seu grupo sabotaram protocolos sanit\u00e1rios, incentivaram o uso de rem\u00e9dios que n\u00e3o possuem nenhuma confirma\u00e7\u00e3o cient\u00edfica e expandiram sistematicamente a desinforma\u00e7\u00e3o. Essa grave crise sanit\u00e1ria, combinada a uma crise pol\u00edtica e econ\u00f4mica, acentuada pela incompet\u00eancia generalizada dos governadores e prefeitos, faz crescer o fosso da mis\u00e9ria e da desigualdade no Brasil.<\/p>\n<p>Esse Governo se recusou a manter o aux\u00edlio emergencial de R$ 600 para a popula\u00e7\u00e3o de desempregados e os que atuam na economia informal. O aumento de pre\u00e7os dos alimentos corr\u00f3i a renda e torna o custo de sobreviv\u00eancia mais caro para milh\u00f5es de pessoas. Hoje o Brasil \u00e9 o pa\u00eds que conta com a cesta b\u00e1sica mais cara do mundo.<\/p>\n<p>A CPI da COVID tem demonstrado que a campanha de vacina\u00e7\u00e3o poderia ter come\u00e7ado bem antes, com a compra do n\u00famero de doses necess\u00e1rias para vacinar em massa a nossa popula\u00e7\u00e3o. A neglig\u00eancia e a recusa \u00e0 compra de vacinas &#8211; somadas \u00e0 posi\u00e7\u00e3o negacionista do presidente e de sua equipe &#8211; nos custaram centenas de milhares de mortos, atraso na vacina\u00e7\u00e3o, adoecimento da popula\u00e7\u00e3o e impactos nas redes de Sa\u00fade. Faltam leitos em hospitais, pessoas morrem nas filas de atendimento, faltam insumos b\u00e1sicos e equipamentos, como a falta de oxig\u00eanio em Manaus. \u00c9 uma pol\u00edtica deliberada de exterm\u00ednio!<\/p>\n<p>Diante de todos esses ataques e contradi \u00e7\u00f5es &#8211; aumento da fome, da viol\u00eancia urbana que massacra nossos jovens, em destaque a popula\u00e7\u00e3o negra nas periferias, dissemina\u00e7\u00e3o de mentiras e da l\u00f3gica de imuniza\u00e7\u00e3o de rebanho, desemprego, retirada de direitos e conquistas sociais e privatiza\u00e7\u00f5es dos servi\u00e7os p\u00fablicos &#8211; n\u00e3o devemos esperar salvadores da p\u00e1tria e jogar para 2022 a solu\u00e7\u00e3o dos atuais conflitos, que tendem a piorar! Devemos sair \u00e0s ruas para reivindicar o direito \u00e0 vida e lutar para derrotar esse Governo genocida, que promove a escalada da mis\u00e9ria, acentua a desigualdade, estimula a viol\u00eancia social e flerta com o golpismo.<\/p>\n<p>Chega de genoc\u00eddio, mis\u00e9ria e viol\u00eancia, que tem assolado a vida dos(as) trabalhadores(as)! Basta de privatiza\u00e7\u00f5es das empresas p\u00fablicas, que aumentam o lucro do setor privado e buscam garantir a economia de recursos do Estado para repassar aos bancos privados! Chega de ataques aos direitos sociais, amea\u00e7as de golpes e retrocessos!<\/p>\n<p>Neste dia 29\/05 (s\u00e1bado), haver\u00e1 manifesta\u00e7\u00f5es populares em todo o pa\u00eds, as maiores desde o in\u00edcio da pandemia, contra o Governo de Bolsonaro e Mour\u00e3o, os quais, juntamente com os setores hegem\u00f4nicos da burguesia brasileira, s\u00e3o os principais respons\u00e1veis pela mais grave crise social e sanit\u00e1ria da hist\u00f3ria do Brasil!<\/p>\n<p>As trabalhadoras e trabalhadores brasileiros nunca tiveram direito ao isolamento social, mesmo nos momentos em que houve restri\u00e7\u00e3o de funcionamento de atividades ditas n\u00e3o essenciais. Os \u00f4nibus e metr\u00f4s em todo pa\u00eds continuaram circulando lotados de trabalhadores. Neste momento, ocupar as ruas \u00e9 leg\u00edtimo e necess\u00e1rio: s\u00f3 com mobiliza\u00e7\u00e3o popular e luta conseguiremos derrotar esse governo e sua pol\u00edtica antipopular.<\/p>\n<p>Devemos garantir todos os cuidados necess\u00e1rios para resguardar os nossos e garantir seguran\u00e7a sanit\u00e1ria nesse momento t\u00e3o cr\u00edtico, com uso e distribui\u00e7\u00e3o de m\u00e1scaras, \u00e1lcool 70% e o esfor\u00e7o em manter distanciamento.<\/p>\n<p>FORA BOLSONARO E MOUR\u00c3O! IMPEACHMENT J\u00c1!<br \/>\nEM DEFESA DOS DIREITOS SOCIAIS E DAS LIBERDADES DEMOCR\u00c1TICAS!<br \/>\nVACINA PARA TODOS E TODAS!<br \/>\nPELO SUS 100% P\u00daBLICO, GRATUITO E DE QUALIDADE!<br \/>\nPELO PODER POPULAR, RUMO AO SOCIALISMO!<\/p>\n","protected":false},"excerpt":{"rendered":"<a class=\"moretag\" href=\"https:\/\/pcb.org.br\/portal2\/27332\"> <\/a>","protected":false},"author":1,"featured_media":0,"comment_status":"closed","ping_status":"closed","sticky":false,"template":"","format":"standard","meta":{"jetpack_post_was_ever_published":false,"_jetpack_newsletter_access":"","_jetpack_dont_email_post_to_subs":false,"_jetpack_newsletter_tier_id":0,"_jetpack_memberships_contains_paywalled_content":false,"_jetpack_memberships_contains_paid_content":false,"footnotes":"","jetpack_publicize_message":"","jetpack_publicize_feature_enabled":true,"jetpack_social_post_already_shared":true,"jetpack_social_options":{"image_generator_settings":{"template":"highway","default_image_id":0,"font":"","enabled":false},"version":2}},"categories":[22,124,182,26,27,31],"tags":[222],"class_list":["post-27332","post","type-post","status-publish","format-standard","hentry","category-c3-coletivo-ana-montenegro","category-c137-coletivo-minervino-de-oliveira","category-lgbt","category-c25-notas-politicas-do-pcb","category-c27-ujc","category-c31-unidade-classista","tag-2b"],"jetpack_publicize_connections":[],"jetpack_featured_media_url":"","jetpack_shortlink":"https:\/\/wp.me\/p659gw-76Q","jetpack-related-posts":[],"jetpack_likes_enabled":true,"jetpack_sharing_enabled":true,"_links":{"self":[{"href":"https:\/\/pcb.org.br\/portal2\/wp-json\/wp\/v2\/posts\/27332","targetHints":{"allow":["GET"]}}],"collection":[{"href":"https:\/\/pcb.org.br\/portal2\/wp-json\/wp\/v2\/posts"}],"about":[{"href":"https:\/\/pcb.org.br\/portal2\/wp-json\/wp\/v2\/types\/post"}],"author":[{"embeddable":true,"href":"https:\/\/pcb.org.br\/portal2\/wp-json\/wp\/v2\/users\/1"}],"replies":[{"embeddable":true,"href":"https:\/\/pcb.org.br\/portal2\/wp-json\/wp\/v2\/comments?post=27332"}],"version-history":[{"count":0,"href":"https:\/\/pcb.org.br\/portal2\/wp-json\/wp\/v2\/posts\/27332\/revisions"}],"wp:attachment":[{"href":"https:\/\/pcb.org.br\/portal2\/wp-json\/wp\/v2\/media?parent=27332"}],"wp:term":[{"taxonomy":"category","embeddable":true,"href":"https:\/\/pcb.org.br\/portal2\/wp-json\/wp\/v2\/categories?post=27332"},{"taxonomy":"post_tag","embeddable":true,"href":"https:\/\/pcb.org.br\/portal2\/wp-json\/wp\/v2\/tags?post=27332"}],"curies":[{"name":"wp","href":"https:\/\/api.w.org\/{rel}","templated":true}]}}