{"id":2734,"date":"2012-04-25T20:28:52","date_gmt":"2012-04-25T20:28:52","guid":{"rendered":"http:\/\/pcb.org.br\/portal2\/?p=2734"},"modified":"2012-04-25T20:28:52","modified_gmt":"2012-04-25T20:28:52","slug":"pcb-entrega-medalha-dinarco-reis-a-elizeu-alves","status":"publish","type":"post","link":"https:\/\/pcb.org.br\/portal2\/2734","title":{"rendered":"PCB entrega Medalha Dinarco Reis a Elizeu Alves"},"content":{"rendered":"\n<p>O PCB homenageou o centen\u00e1rio militante comunista Elizeu Alves, vereador do Partido no Rio de Janeiro na primeira metade da d\u00e9cada de 1950, com a Medalha Dinarco Reis. A entrega ocorreu durante as comemora\u00e7\u00f5es de 90 anos do PCB, em Ato P\u00fablico ocorrido na Associa\u00e7\u00e3o Brasileira de Imprensa (ABI).<\/p>\n<p>Mesmo aos 100 anos de idade, Elizeu fez quest\u00e3o de subir os altos degraus que d\u00e3o in\u00edcio ao palco da ABI para fazer uso da palavra. Lembrou algumas passagens, camaradas e afirmou categoricamente que &#8220;valores n\u00e3o se compram nem se vendem&#8221;.<\/p>\n<hr \/>\n<p>ELIZEU ALVES<\/p>\n<p>Nascido em Sambueiro, no Cear\u00e1, Elizeu Alves de Oliveira desde cedo aprendeu a necessidade do trabalho duro e, aos 12 anos, foi aterrorizado pelo vig\u00e1rio local sobre a novidade que ent\u00e3o chegava na regi\u00e3o: a vinda da Coluna Prestes, os &#8220;homens de Satan\u00e1s&#8221;.<\/p>\n<p>isso n\u00e3o impediu, entretanto, que a rebeldia e a vontade de descortinar o mundo marcassem encontro com Elizeu, que recentemente completou 100 anos &#8211; sim, ele tem mais anos de vida que o pr\u00f3prio PCB, nasceu em 10 de mar\u00e7o de 1912.<\/p>\n<p>O curto per\u00edodo de conviv\u00eancia com o ent\u00e3o tenente rebelde Luiz Carlos Prestes fez com que este jovem, aos 14 anos, fugisse de casa tr\u00eas vezes para acompanhar a Coluna. J\u00e1 estava tomado por ideias de distribui\u00e7\u00e3o equitativa das riquezas produzidas e contra as injusti\u00e7as vivenciadas no per\u00edodo.<\/p>\n<p>Ao lado do primo, foi para Fortaleza quando o governo criou a comiss\u00e3o Nacional de Obras contra a Seca (CNOCS). Foi o diretor-geral local do \u00f3rg\u00e3o que lhe apresentou, pela primeira vez, o jornal &#8220;A Classe Oper\u00e1ria&#8221;. Ap\u00f3s l\u00e1 trabalhar por certo per\u00edodo, partiu para o Rio de Janeiro, onde serviu guarda no regimento da Escola de Infantaria.<\/p>\n<p>O quartel foi o ambiente no qual Elizeu foi recrutado para as fileiras do Partido Comunista, atrav\u00e9s de indica\u00e7\u00e3o do tenente Humberto. De f\u00e9rias, soube dos acontecimentos do Levante de 1935 pelos matutinos e logo se deslocou para a Base A\u00e9rea de Campos dos Affonsos, para participar do evento junto aos revoltosos. O local, como outros, recebeu cerco e artilharia pesada das for\u00e7as pr\u00f3-governo.<\/p>\n<p>Ali sofreu a primeira das in\u00fameras pris\u00f5es e foi expulso das For\u00e7as Armadas. Com a esposa, Stella Gregory, a quem conheceu em uma reuni\u00e3o do Partido, gr\u00e1vida do primeiro filho, teve de se mudar para Petr\u00f3polis ao sair da cadeia, em busca de sustento.<\/p>\n<p>Mais tarde retorna ao Rio de Janeiro come\u00e7a a trabalhar nos bondes da cidade e se destaca no movimento sindical. Aos lado de outros comunistas, \u00e9 eleito presidente do Sindicato dos Carris, coroando seu trabalho de organizador ativo que foi das associa\u00e7\u00f5es de funcion\u00e1rios da Light. Mas o governo impediu que ele e seus companheiros tomassem posse da entidade.<\/p>\n<p>Seu protagonismo no movimento, entretanto, j\u00e1\u00a0 estava consolidado, e foi isso que o levou a ser convocado para uma reuni\u00e3o, a pedido de Prestes, no ano seguinte (1950). Mesmo a contragosto, saiu de l\u00e1\u00a0candidato a vereador no Rio de Janeiro. Ao lado de Aristides Saldanha e Milton Lobato, comp\u00f4s a bancada comunista na C\u00e2mara Municipal do Rio de Janeiro.<\/p>\n<p>Cumpriu seu mandato nas manifesta\u00e7\u00f5es e ruas: colheu assinaturas pela campanha da paz e contra o envio de tropas para o conflito na Cor\u00e9ia, foi participante ativo da campanha O Petr\u00f3leo \u00e9\u00a0Nosso e defendeu movimentos revolucion\u00e1rios na tribuna parlamentar.<\/p>\n<p>Terminado seu mandato, tentou voltar ao trabalho, mas a Light, ap\u00f3s 22 anos de casa, subornou ju\u00edzes para impedi-lo de voltar aos quadros da empresa atrav\u00e9s de uma demiss\u00e3o por &#8220;INjusta causa&#8221;.<\/p>\n<p>Em 31 de mar\u00e7o de 1964 estava nas ruas, com v\u00e1rios camaradas, esperando pelas armas prometidas &#8211; que nunca chegaram. Durante a ditadura, teve sua casa invadida in\u00fameras vezes pela repress\u00e3o. Teve tomados pela Pol\u00edcia arquivos, documentos, fotografias.<\/p>\n<p>A abertura pol\u00edtica do regime encontra Elizeu ativo participante da Intersindical do Rio de Janeiro, ele que foi um dos fundadores &#8211; por anos presidente &#8211; da Federa\u00e7\u00e3o dos Aposentados.<\/p>\n","protected":false},"excerpt":{"rendered":"\n\n\nCr\u00e9dito: PCB\n\n\n\n\n\n\n\n\n<a class=\"moretag\" href=\"https:\/\/pcb.org.br\/portal2\/2734\"> <\/a>","protected":false},"author":1,"featured_media":0,"comment_status":"open","ping_status":"open","sticky":false,"template":"","format":"standard","meta":{"jetpack_post_was_ever_published":false,"_jetpack_newsletter_access":"","_jetpack_dont_email_post_to_subs":false,"_jetpack_newsletter_tier_id":0,"_jetpack_memberships_contains_paywalled_content":false,"_jetpack_memberships_contains_paid_content":false,"footnotes":"","jetpack_publicize_message":"","jetpack_publicize_feature_enabled":true,"jetpack_social_post_already_shared":false,"jetpack_social_options":{"image_generator_settings":{"template":"highway","default_image_id":0,"font":"","enabled":false},"version":2}},"categories":[46],"tags":[],"class_list":["post-2734","post","type-post","status-publish","format-standard","hentry","category-c56-memoria"],"jetpack_publicize_connections":[],"jetpack_featured_media_url":"","jetpack_shortlink":"https:\/\/wp.me\/p659gw-I6","jetpack-related-posts":[],"jetpack_likes_enabled":true,"jetpack_sharing_enabled":true,"_links":{"self":[{"href":"https:\/\/pcb.org.br\/portal2\/wp-json\/wp\/v2\/posts\/2734","targetHints":{"allow":["GET"]}}],"collection":[{"href":"https:\/\/pcb.org.br\/portal2\/wp-json\/wp\/v2\/posts"}],"about":[{"href":"https:\/\/pcb.org.br\/portal2\/wp-json\/wp\/v2\/types\/post"}],"author":[{"embeddable":true,"href":"https:\/\/pcb.org.br\/portal2\/wp-json\/wp\/v2\/users\/1"}],"replies":[{"embeddable":true,"href":"https:\/\/pcb.org.br\/portal2\/wp-json\/wp\/v2\/comments?post=2734"}],"version-history":[{"count":0,"href":"https:\/\/pcb.org.br\/portal2\/wp-json\/wp\/v2\/posts\/2734\/revisions"}],"wp:attachment":[{"href":"https:\/\/pcb.org.br\/portal2\/wp-json\/wp\/v2\/media?parent=2734"}],"wp:term":[{"taxonomy":"category","embeddable":true,"href":"https:\/\/pcb.org.br\/portal2\/wp-json\/wp\/v2\/categories?post=2734"},{"taxonomy":"post_tag","embeddable":true,"href":"https:\/\/pcb.org.br\/portal2\/wp-json\/wp\/v2\/tags?post=2734"}],"curies":[{"name":"wp","href":"https:\/\/api.w.org\/{rel}","templated":true}]}}