{"id":27344,"date":"2021-05-30T22:49:13","date_gmt":"2021-05-31T01:49:13","guid":{"rendered":"https:\/\/pcb.org.br\/portal2\/?p=27344"},"modified":"2021-06-05T22:55:45","modified_gmt":"2021-06-06T01:55:45","slug":"repudio-a-repressao-policial-em-recife","status":"publish","type":"post","link":"https:\/\/pcb.org.br\/portal2\/27344","title":{"rendered":"Rep\u00fadio \u00e0 repress\u00e3o policial em Recife!"},"content":{"rendered":"<p><img decoding=\"async\" class=\"imagem\" title=\"imagem\" src=\"https:\/\/i0.wp.com\/lh3.googleusercontent.com\/pw\/ACtC-3cuZ4Y-dtuKjmL5VafGHwYy3qmZ_bRSsHn-yuxKY-6skrGTnE3FmKonTRDmrZO-dCLgWzZZBuAjNk5BtGfT-4y_2Hzund4n24M7Y0BuatlUkP7PtFSChQE1HtvpHsEg0y1vIxW6J6hCMSrDJuKEXS4D=w512-h508-no\" alt=\"imagem\" \/><!--more-->PCB repudia a b\u00e1rbara repress\u00e3o policial contra o ato Fora Bolsonaro\/Mour\u00e3o em Recife<\/p>\n<p>O governo de Pernambuco \u00e9 respons\u00e1vel!<\/p>\n<p>Comit\u00ea Regional do PCB de Pernambuco<\/p>\n<p>Diante da brutal repress\u00e3o da Pol\u00edcia Militar do Estado de Pernambuco \u00e0 manifesta\u00e7\u00e3o pelo Fora Bolsonaro e Mour\u00e3o, por vacinas, trabalho e comida no prato realizada em Recife, o PCB vem denunciar o Governo do Estado de Pernambuco (PSB\/PCdoB) como respons\u00e1vel direto pelos danos f\u00edsicos e morais causados a manifestantes, entre eles Daniel Campelo da Silva (51 anos) e Jonas Correia de Fran\u00e7a (29), atingidos no olho por tiros de bala de borracha \u00e0 queima-roupa. O PCB manifesta sua irrestrita solidariedade a Daniel e Jonas e suas fam\u00edlias. O primeiro perdeu a vis\u00e3o do olho esquerdo e conta com a contribui\u00e7\u00e3o e solidariedade de todos(as) atrav\u00e9s de campanha de arrecada\u00e7\u00e3o de fundos que ajudar\u00e1 sua fam\u00edlia enquanto n\u00e3o pode voltar a trabalhar. O Estado deve ser responsabilizado e tem a obriga\u00e7\u00e3o de indenizar as v\u00edtimas pelo estrago causado \u00e0s suas vidas! Manifestamos tamb\u00e9m nossa solidariedade \u00e0 vereadora Liana Cirne (PT), agredida covardemente pela PMPE enquanto buscava o di\u00e1logo.<\/p>\n<p>O governo de Pernambuco, progressista de faz de contas, vergonhosamente foi o \u00fanico a reprimir com tamanha brutalidade a manifesta\u00e7\u00e3o, que ocorreu em diversas capitais e estados da federa\u00e7\u00e3o. O ato, como amplamente atestado por imagens e v\u00eddeos, seguia com extrema organiza\u00e7\u00e3o e disciplina, mantendo o distanciamento social e garantindo a distribui\u00e7\u00e3o de m\u00e1scaras PFF2 e \u00e1lcool para higieniza\u00e7\u00e3o dos manifestantes. Mesmo assim, quando se aproximava o seu final, os manifestantes foram surpreendidos por uma verdadeira emboscada armada pelo choque, que iniciou o b\u00e1rbaro espet\u00e1culo de balas de borracha e bombas de efeito moral para dispers\u00e1-los e, mesmo ap\u00f3s a dispers\u00e3o, viaturas da PM e do choque promoveram uma ca\u00e7a aos grupos que ainda circulavam pelas imedia\u00e7\u00f5es do centro de Recife, atingindo com balas de borracha inclusive pessoas que se encontravam nas paradas de \u00f4nibus aguardando a condu\u00e7\u00e3o para suas casas. A atua\u00e7\u00e3o da Pol\u00edcia Militar nos Atos da Morte promovidos por bolsonaristas, comparada com a brutalidade da persegui\u00e7\u00e3o investida contra as manifesta\u00e7\u00f5es pelo fim do governo genocida de Bolsonaro\/Mour\u00e3o, revela um gritante contraste. Por que isso?<\/p>\n<p>Ap\u00f3s os atos de repress\u00e3o, a vice-governadora, Luciana Santos, falou que a a\u00e7\u00e3o n\u00e3o foi autorizada pelo governo. O governador, Paulo C\u00e2mara, n\u00e3o ofereceu a mesma vers\u00e3o que a vice e disse apenas que os respons\u00e1veis v\u00e3o ser investigados e afastados temporariamente, mas n\u00e3o divulgou os nomes desses investigados. O PCB far\u00e1 parte do esfor\u00e7o para uma verdadeira investiga\u00e7\u00e3o e puni\u00e7\u00e3o dos culpados e desde j\u00e1 pergunta ao governador Paulo C\u00e2mara: seu governo ordenou ou n\u00e3o a presen\u00e7a do Batalh\u00e3o de Choque?<\/p>\n<p>As a\u00e7\u00f5es do Governo do Estado de Pernambuco e sua pol\u00edcia devem ser enquadradas como graves viola\u00e7\u00f5es aos Direitos Humanos. Grave viola\u00e7\u00e3o do direito de protesto contra o genoc\u00eddio em curso em nosso pa\u00eds, contra o qual somente o poder da luta organizada travada nas ruas pode surtir algum efeito.<\/p>\n<p>O Partido Comunista Brasileiro em Pernambuco garante que n\u00e3o sair\u00e1 das ruas enquanto n\u00e3o cair o governo Bolsonaro\/Mour\u00e3o e enquanto o Governo de Pernambuco n\u00e3o for responsabilizado como C\u00daMPLICE da situa\u00e7\u00e3o fora de controle em que estamos! A luta crescer\u00e1!<\/p>\n","protected":false},"excerpt":{"rendered":"<a class=\"moretag\" href=\"https:\/\/pcb.org.br\/portal2\/27344\"> <\/a>","protected":false},"author":1,"featured_media":0,"comment_status":"closed","ping_status":"closed","sticky":false,"template":"","format":"standard","meta":{"jetpack_post_was_ever_published":false,"_jetpack_newsletter_access":"","_jetpack_dont_email_post_to_subs":false,"_jetpack_newsletter_tier_id":0,"_jetpack_memberships_contains_paywalled_content":false,"_jetpack_memberships_contains_paid_content":false,"footnotes":"","jetpack_publicize_message":"","jetpack_publicize_feature_enabled":true,"jetpack_social_post_already_shared":true,"jetpack_social_options":{"image_generator_settings":{"template":"highway","default_image_id":0,"font":"","enabled":false},"version":2}},"categories":[26,244],"tags":[221,246],"class_list":["post-27344","post","type-post","status-publish","format-standard","hentry","category-c25-notas-politicas-do-pcb","category-violencia","tag-2a","tag-np"],"jetpack_publicize_connections":[],"jetpack_featured_media_url":"","jetpack_shortlink":"https:\/\/wp.me\/p659gw-772","jetpack-related-posts":[],"jetpack_likes_enabled":true,"jetpack_sharing_enabled":true,"_links":{"self":[{"href":"https:\/\/pcb.org.br\/portal2\/wp-json\/wp\/v2\/posts\/27344","targetHints":{"allow":["GET"]}}],"collection":[{"href":"https:\/\/pcb.org.br\/portal2\/wp-json\/wp\/v2\/posts"}],"about":[{"href":"https:\/\/pcb.org.br\/portal2\/wp-json\/wp\/v2\/types\/post"}],"author":[{"embeddable":true,"href":"https:\/\/pcb.org.br\/portal2\/wp-json\/wp\/v2\/users\/1"}],"replies":[{"embeddable":true,"href":"https:\/\/pcb.org.br\/portal2\/wp-json\/wp\/v2\/comments?post=27344"}],"version-history":[{"count":0,"href":"https:\/\/pcb.org.br\/portal2\/wp-json\/wp\/v2\/posts\/27344\/revisions"}],"wp:attachment":[{"href":"https:\/\/pcb.org.br\/portal2\/wp-json\/wp\/v2\/media?parent=27344"}],"wp:term":[{"taxonomy":"category","embeddable":true,"href":"https:\/\/pcb.org.br\/portal2\/wp-json\/wp\/v2\/categories?post=27344"},{"taxonomy":"post_tag","embeddable":true,"href":"https:\/\/pcb.org.br\/portal2\/wp-json\/wp\/v2\/tags?post=27344"}],"curies":[{"name":"wp","href":"https:\/\/api.w.org\/{rel}","templated":true}]}}