{"id":2736,"date":"2012-04-25T20:45:56","date_gmt":"2012-04-25T20:45:56","guid":{"rendered":"http:\/\/pcb.org.br\/portal2\/?p=2736"},"modified":"2012-04-25T20:45:56","modified_gmt":"2012-04-25T20:45:56","slug":"partido-comunista-de-venezuela","status":"publish","type":"post","link":"https:\/\/pcb.org.br\/portal2\/2736","title":{"rendered":"Partido Comunista de Venezuela"},"content":{"rendered":"\n<p>Caracas, 12 de mar\u00e7o de 2012.<\/p>\n<p>Camaradas<\/p>\n<p>Ivan Pinheiro<\/p>\n<p>Secret\u00e1rio Geral do PCB<\/p>\n<p>Edmilson Costa<\/p>\n<p>Secret\u00e1rio de Rela\u00e7\u00f5es Internacionais do PCB<\/p>\n<p>Camaradas<\/p>\n<p>Comit\u00ea Central do Partido Comunista Brasileiro (PCB):<\/p>\n<p>O Comit\u00ea Central do Partido Comunista da Venezuela (PCV) faz chegar a sua organiza\u00e7\u00e3o irm\u00e3, o Partido Comunista Brasileiro (PCB), a sauda\u00e7\u00e3o internacionalista e entusiasta pela celebra\u00e7\u00e3o do 90\u00ba Anivers\u00e1rio de sua funda\u00e7\u00e3o.<\/p>\n<p>A comemora\u00e7\u00e3o deste fundamental acontecimento para a hist\u00f3ria do Brasil e da Am\u00e9rica Latina nos enche de satisfa\u00e7\u00e3o, pois se realiza no momento em que as novas gera\u00e7\u00f5es de comunistas assumem com compromisso as tarefas do fortalecimento revolucion\u00e1rio da vanguarda da classe oper\u00e1ria, frente \u00e0s amea\u00e7as do imperialismo e pela constru\u00e7\u00e3o do Socialismo.<\/p>\n<p>As novas situa\u00e7\u00f5es que se est\u00e3o gestando em nossa regi\u00e3o e no mundo requerem hoje, mais que nunca, a atua\u00e7\u00e3o das e dos comunistas brasileiros. Desejamos a elas e eles os nossos maiores votos de \u00eaxito nas diversas atividades organizadas no marco da semana dos 90\u00ba anos do PCB, convencidos de que n\u00e3o perder\u00e3o este momento hist\u00f3rico.<\/p>\n<p>O Partido Comunista da Venezuela est\u00e1 comprometido em acompanh\u00e1-los nas tarefas pela definitiva liberta\u00e7\u00e3o de nossos povos.<\/p>\n<p>Viva o 90\u00ba Anivers\u00e1rio do Partido Comunista Brasileiro!<\/p>\n<p>Viva o internacionalismo prolet\u00e1rio!<\/p>\n<p>Venceremos!<\/p>\n<p>Os saudamos com nosso abra\u00e7o revolucion\u00e1rio,<\/p>\n<p>Pelo Comit\u00ea Central do Partido Comunista da Venezuela \u2013 PCV:<\/p>\n<table border=\"0\" width=\"700\">\n<tbody>\n<tr>\n<td width=\"33%\">\n<p><strong>Jer\u00f3nimo Carrera<\/strong><\/p>\n<p>Presidente<\/p>\n<\/td>\n<td width=\"33%\">\n<p><strong>Oscar Figuera<\/strong><\/p>\n<p>Secretario General<\/p>\n<\/td>\n<td width=\"33%\">\n<p><strong>Carolus Wimmer<\/strong><\/p>\n<p>Secretario de Rela\u00e7\u00f5es\u00a0Internacionais<\/p>\n<\/td>\n<\/tr>\n<\/tbody>\n<\/table>\n","protected":false},"excerpt":{"rendered":"\n\n\nCr\u00e9dito: PCV\n\n\n\n\n\n\n\n\nCOMIT\u00ca CENTRAL\n<a class=\"moretag\" href=\"https:\/\/pcb.org.br\/portal2\/2736\"> <\/a>","protected":false},"author":1,"featured_media":0,"comment_status":"open","ping_status":"open","sticky":false,"template":"","format":"standard","meta":{"jetpack_post_was_ever_published":false,"_jetpack_newsletter_access":"","_jetpack_dont_email_post_to_subs":false,"_jetpack_newsletter_tier_id":0,"_jetpack_memberships_contains_paywalled_content":false,"_jetpack_memberships_contains_paid_content":false,"footnotes":"","jetpack_publicize_message":"","jetpack_publicize_feature_enabled":true,"jetpack_social_post_already_shared":false,"jetpack_social_options":{"image_generator_settings":{"template":"highway","default_image_id":0,"font":"","enabled":false},"version":2}},"categories":[46],"tags":[],"class_list":["post-2736","post","type-post","status-publish","format-standard","hentry","category-c56-memoria"],"jetpack_publicize_connections":[],"jetpack_featured_media_url":"","jetpack_shortlink":"https:\/\/wp.me\/p659gw-I8","jetpack-related-posts":[],"jetpack_likes_enabled":true,"jetpack_sharing_enabled":true,"_links":{"self":[{"href":"https:\/\/pcb.org.br\/portal2\/wp-json\/wp\/v2\/posts\/2736","targetHints":{"allow":["GET"]}}],"collection":[{"href":"https:\/\/pcb.org.br\/portal2\/wp-json\/wp\/v2\/posts"}],"about":[{"href":"https:\/\/pcb.org.br\/portal2\/wp-json\/wp\/v2\/types\/post"}],"author":[{"embeddable":true,"href":"https:\/\/pcb.org.br\/portal2\/wp-json\/wp\/v2\/users\/1"}],"replies":[{"embeddable":true,"href":"https:\/\/pcb.org.br\/portal2\/wp-json\/wp\/v2\/comments?post=2736"}],"version-history":[{"count":0,"href":"https:\/\/pcb.org.br\/portal2\/wp-json\/wp\/v2\/posts\/2736\/revisions"}],"wp:attachment":[{"href":"https:\/\/pcb.org.br\/portal2\/wp-json\/wp\/v2\/media?parent=2736"}],"wp:term":[{"taxonomy":"category","embeddable":true,"href":"https:\/\/pcb.org.br\/portal2\/wp-json\/wp\/v2\/categories?post=2736"},{"taxonomy":"post_tag","embeddable":true,"href":"https:\/\/pcb.org.br\/portal2\/wp-json\/wp\/v2\/tags?post=2736"}],"curies":[{"name":"wp","href":"https:\/\/api.w.org\/{rel}","templated":true}]}}