{"id":2740,"date":"2012-04-25T21:30:03","date_gmt":"2012-04-25T21:30:03","guid":{"rendered":"http:\/\/pcb.org.br\/portal2\/?p=2740"},"modified":"2012-04-25T21:30:03","modified_gmt":"2012-04-25T21:30:03","slug":"sobre-o-codigo-do-desmatamento","status":"publish","type":"post","link":"https:\/\/pcb.org.br\/portal2\/2740","title":{"rendered":"Sobre o C\u00f3digo do Desmatamento"},"content":{"rendered":"<br \/>\n<hr \/>\n<p>\u00a0<\/p>\n<p>Apesar de o texto exato o c\u00f3digo ainda n\u00e3o ter sido conhecido, \u00e9 poss\u00edvel fazer uma an\u00e1lise perante os \u00faltimos acontecimentos. Na \u201cTropa de Choque\u201d da aprova\u00e7\u00e3o do texto, verdadeiro cheque em branco para a continua\u00e7\u00e3o do desmatamento no pa\u00eds, vigorou a bancada ruralista. Defensora dos interesses mais imediatos do agrobusiness, esta refor\u00e7ou sua vis\u00e3o de que rios e matas s\u00e3o meros &#8220;recursos produtivos&#8221;.<\/p>\n<p>O projeto em vota\u00e7\u00e3o \u00e9 p\u00e9ssimo: anistia desmatadores, deixa margem para o uso de encostas para agricultura &#8211; pondo em risco a estabilidade da encosta e abrindo espa\u00e7o para a eros\u00e3o de rios &#8211; e n\u00e3o exige a presen\u00e7a das &#8220;matas ciliares&#8221; na vizinhan\u00e7a dos cursos d&#8217;\u00e1gua.<\/p>\n<p>Em todo o processo de encaminhamento da quest\u00e3o, faltou transpar\u00eancia, espa\u00e7o para a participa\u00e7\u00e3o da sociedade civil e planejamento para o desenvolvimento sustent\u00e1vel e voltado para a justi\u00e7a social. O que n\u00e3o faltou, cabe registrar, foi a posi\u00e7\u00e3o de causar vergonha de parlamentares como Aldo Rebelo (PCdoB-SP).<\/p>\n","protected":false},"excerpt":{"rendered":"\n\n\n\n\n\n\n\n\n\n\n\nO Olhar Comunista desta quarta destaca a vota\u00e7\u00e3o do C\u00f3digo Florestal na C\u00e2mara dos Deputados, que ainda n\u00e3o havia ocorrido at\u00e9 \u00e0s 17h.\n<a class=\"moretag\" href=\"https:\/\/pcb.org.br\/portal2\/2740\"> <\/a>","protected":false},"author":1,"featured_media":0,"comment_status":"open","ping_status":"open","sticky":false,"template":"","format":"standard","meta":{"jetpack_post_was_ever_published":false,"_jetpack_newsletter_access":"","_jetpack_dont_email_post_to_subs":false,"_jetpack_newsletter_tier_id":0,"_jetpack_memberships_contains_paywalled_content":false,"_jetpack_memberships_contains_paid_content":false,"footnotes":"","jetpack_publicize_message":"","jetpack_publicize_feature_enabled":true,"jetpack_social_post_already_shared":false,"jetpack_social_options":{"image_generator_settings":{"template":"highway","default_image_id":0,"font":"","enabled":false},"version":2}},"categories":[100],"tags":[],"class_list":["post-2740","post","type-post","status-publish","format-standard","hentry","category-c113-a-semana-no-olhar-comunista"],"jetpack_publicize_connections":[],"jetpack_featured_media_url":"","jetpack_shortlink":"https:\/\/wp.me\/p659gw-Ic","jetpack-related-posts":[],"jetpack_likes_enabled":true,"jetpack_sharing_enabled":true,"_links":{"self":[{"href":"https:\/\/pcb.org.br\/portal2\/wp-json\/wp\/v2\/posts\/2740","targetHints":{"allow":["GET"]}}],"collection":[{"href":"https:\/\/pcb.org.br\/portal2\/wp-json\/wp\/v2\/posts"}],"about":[{"href":"https:\/\/pcb.org.br\/portal2\/wp-json\/wp\/v2\/types\/post"}],"author":[{"embeddable":true,"href":"https:\/\/pcb.org.br\/portal2\/wp-json\/wp\/v2\/users\/1"}],"replies":[{"embeddable":true,"href":"https:\/\/pcb.org.br\/portal2\/wp-json\/wp\/v2\/comments?post=2740"}],"version-history":[{"count":0,"href":"https:\/\/pcb.org.br\/portal2\/wp-json\/wp\/v2\/posts\/2740\/revisions"}],"wp:attachment":[{"href":"https:\/\/pcb.org.br\/portal2\/wp-json\/wp\/v2\/media?parent=2740"}],"wp:term":[{"taxonomy":"category","embeddable":true,"href":"https:\/\/pcb.org.br\/portal2\/wp-json\/wp\/v2\/categories?post=2740"},{"taxonomy":"post_tag","embeddable":true,"href":"https:\/\/pcb.org.br\/portal2\/wp-json\/wp\/v2\/tags?post=2740"}],"curies":[{"name":"wp","href":"https:\/\/api.w.org\/{rel}","templated":true}]}}