{"id":27411,"date":"2021-06-13T16:56:57","date_gmt":"2021-06-13T19:56:57","guid":{"rendered":"https:\/\/pcb.org.br\/portal2\/?p=27411"},"modified":"2021-06-13T16:56:57","modified_gmt":"2021-06-13T19:56:57","slug":"mulheres-revolucionarias-violeta-parra","status":"publish","type":"post","link":"https:\/\/pcb.org.br\/portal2\/27411","title":{"rendered":"Mulheres revolucion\u00e1rias &#8211; VIOLETA PARRA"},"content":{"rendered":"<p><img decoding=\"async\" class=\"imagem\" title=\"imagem\" src=\"https:\/\/scontent.ffln5-1.fna.fbcdn.net\/v\/t1.6435-9\/194882006_4042503235825996_6010701299698532863_n.jpg?_nc_cat=109&amp;ccb=1-3&amp;_nc_sid=8bfeb9&amp;_nc_ohc=ykTlWWADHFQAX__YxVT&amp;_nc_ht=scontent.ffln5-1.fna&amp;oh=934a813297d88cb22e7bc0c8a32cb5c0&amp;oe=60CB256E\" alt=\"imagem\" \/><!--more-->Coletivo Feminista Classista Ana Montenegro &#8211; Juiz de Fora<\/p>\n<p>Violeta Parra (1917-1967) foi uma cantora, compositora e artista t\u00eaxtil chilena. Foi uma grande representante da m\u00fasica tradicional dita \u201cfolcl\u00f3rica\u201d, com composi\u00e7\u00f5es e obras que denunciavam a realidade de sofrimento, repress\u00e3o e explora\u00e7\u00e3o da classe trabalhadora de seu pa\u00eds, como na letra de \u201cArriba Quemando El Sol\u201d, bem como relatando suas alegrias e motiva\u00e7\u00f5es, como em \u201cGracias a la vida\u201d. Em suas can\u00e7\u00f5es e bordados se encontram poesia e pol\u00edtica, beleza, felicidade e dor que se espelham na terra, nos povos e no saber e cultura popular.<\/p>\n<p>De origem campesina, mudou-se da prov\u00edncia de \u00d1uble para Santiago aos 15 anos, para morar com seu irm\u00e3o ap\u00f3s a morte de seu pai. Forma, mais tarde, a dupla Las Hermanas Parra, com sua irm\u00e3 Hilda. Seu trabalho se destaca e \u00e9 refer\u00eancia no campo da m\u00fasica tradicional, a qual ela ajudou a resgatar e valorizar, sendo precursora do movimento \u201cnova can\u00e7\u00e3o chilena\u201d. No campo das artes visuais, foi a primeira mulher latinoamericana a expor individualmente no museu do Louvre, na Fran\u00e7a.<\/p>\n<p>Tendo sofrido, junto de sua fam\u00edlia, persegui\u00e7\u00f5es pol\u00edticas do governo fascita de Iba\u00f1ez, militou por um curto per\u00edodo de tempo no Partido Comunista Chileno, mas sua obra permanece permeada pelas quest\u00f5es das lutas de classes e as opress\u00f5es que incidem sobre seu povo. Segundo ela , &#8220;a obriga\u00e7\u00e3o de cada artista \u00e9 a de p\u00f4r seu poder criador a servi\u00e7o dos homens [&#8230;] Hoje a vida \u00e9 mais dura e o sofrimento do povo n\u00e3o pode ficar sem aten\u00e7\u00e3o do artista\u201d.<\/p>\n<p>Residiu em diversas cidades, tanto na Europa como na Am\u00e9rica Latina onde desenvolveu variados projetos e trabalhos. Casou-se tr\u00eas vezes e foi m\u00e3e de quatro filhos, tendo perdido a mais nova, Rosita Clara, antes que completasse um ano de vida. Cometeu suic\u00eddio em fevereiro de 1967, em La Reina, deixando um legado vasto e sendo uma das maiores respons\u00e1veis pela resgate cultural da m\u00fasica tradicional chilena, al\u00e9m de deixar suas composi\u00e7\u00f5es, sua voz e suas arpilleiras que podem seguir nos inspirando e fortalecendo, nos lembrando da arduidade da luta e do brilho da resist\u00eancia.<\/p>\n","protected":false},"excerpt":{"rendered":"<a class=\"moretag\" href=\"https:\/\/pcb.org.br\/portal2\/27411\"> <\/a>","protected":false},"author":1,"featured_media":0,"comment_status":"closed","ping_status":"closed","sticky":false,"template":"","format":"standard","meta":{"jetpack_post_was_ever_published":false,"_jetpack_newsletter_access":"","_jetpack_dont_email_post_to_subs":false,"_jetpack_newsletter_tier_id":0,"_jetpack_memberships_contains_paywalled_content":false,"_jetpack_memberships_contains_paid_content":false,"footnotes":"","jetpack_publicize_message":"","jetpack_publicize_feature_enabled":true,"jetpack_social_post_already_shared":true,"jetpack_social_options":{"image_generator_settings":{"template":"highway","default_image_id":0,"font":"","enabled":false},"version":2}},"categories":[22],"tags":[226],"class_list":["post-27411","post","type-post","status-publish","format-standard","hentry","category-c3-coletivo-ana-montenegro","tag-4b"],"jetpack_publicize_connections":[],"jetpack_featured_media_url":"","jetpack_shortlink":"https:\/\/wp.me\/p659gw-787","jetpack-related-posts":[],"jetpack_likes_enabled":true,"jetpack_sharing_enabled":true,"_links":{"self":[{"href":"https:\/\/pcb.org.br\/portal2\/wp-json\/wp\/v2\/posts\/27411","targetHints":{"allow":["GET"]}}],"collection":[{"href":"https:\/\/pcb.org.br\/portal2\/wp-json\/wp\/v2\/posts"}],"about":[{"href":"https:\/\/pcb.org.br\/portal2\/wp-json\/wp\/v2\/types\/post"}],"author":[{"embeddable":true,"href":"https:\/\/pcb.org.br\/portal2\/wp-json\/wp\/v2\/users\/1"}],"replies":[{"embeddable":true,"href":"https:\/\/pcb.org.br\/portal2\/wp-json\/wp\/v2\/comments?post=27411"}],"version-history":[{"count":0,"href":"https:\/\/pcb.org.br\/portal2\/wp-json\/wp\/v2\/posts\/27411\/revisions"}],"wp:attachment":[{"href":"https:\/\/pcb.org.br\/portal2\/wp-json\/wp\/v2\/media?parent=27411"}],"wp:term":[{"taxonomy":"category","embeddable":true,"href":"https:\/\/pcb.org.br\/portal2\/wp-json\/wp\/v2\/categories?post=27411"},{"taxonomy":"post_tag","embeddable":true,"href":"https:\/\/pcb.org.br\/portal2\/wp-json\/wp\/v2\/tags?post=27411"}],"curies":[{"name":"wp","href":"https:\/\/api.w.org\/{rel}","templated":true}]}}