{"id":27438,"date":"2021-06-21T12:16:22","date_gmt":"2021-06-21T15:16:22","guid":{"rendered":"https:\/\/pcb.org.br\/portal2\/?p=27438"},"modified":"2021-06-21T12:16:22","modified_gmt":"2021-06-21T15:16:22","slug":"seguir-nas-ruas-para-derrotar-o-governo-genocida","status":"publish","type":"post","link":"https:\/\/pcb.org.br\/portal2\/27438","title":{"rendered":"Seguir nas ruas para derrotar o governo genocida!"},"content":{"rendered":"<p><img decoding=\"async\" class=\"imagem\" title=\"imagem\" src=\"https:\/\/i0.wp.com\/lh3.googleusercontent.com\/pw\/ACtC-3eXXXh4lpWNXr9nbaqC1tuBimVMo0J7FSrZ3ZZZuIKxbIT-Zf4mI4xswWdHuq5o6BZPtTpC3-jAVX8WBvJAgi2hN38YcPpFv-z7WItK7OjtEsDkVkqRnU8IqRM0l3bhTxPQ8fL1Kx6V3WtqM5kPMzTx=w811-h608-no\" alt=\"imagem\" \/><!--more-->19J EM TODO O BRASIL: DIA NACIONAL DE LUTAS PELO FORA BOLSONARO\/MOUR\u00c3O<\/p>\n<p>POR EMPREGO, VACINA NO BRA\u00c7O E COMIDA NO PRATO!<\/p>\n<p>Jornal O Poder Popular<\/p>\n<p>Neste s\u00e1bado (19 de junho), Dia Nacional de Lutas pelo Fora Bolsonaro-Mour\u00e3o, o Partido Comunista Brasileiro (PCB), a corrente sindical Unidade Classista (UC), a Uni\u00e3o da Juventude Comunista (UJC), o Coletivo Feminista Classista Ana Montenegro (CFCAM), o Coletivo Negro Minervino de Oliveira (CNMO) e o Coletivo LGBT Comunista marcharam nas ruas de todo o Brasil por emprego, vacina no bra\u00e7o e comida no prato do trabalhador.<\/p>\n<p>Em Salvador, Feira de Santana, Vit\u00f3ria da Conquista, Petrolina e Alagoinhas, nossa milit\u00e2ncia voltou \u00e0s ruas para agitar as bandeiras da resist\u00eancia contra os retrocessos do governo Bolsonaro-Mour\u00e3o. Em Aracaju (SE), Imperatriz (MA), em Recife (PE), as ruas centrais das cidades foram tomadas pela presen\u00e7a dos manifestantes, dentre os quais estavam as colunas do PCB, da UJC, da Unidade Classista e dos coletivos partid\u00e1rios. Em Fortaleza (CE), a manifesta\u00e7\u00e3o se concentrou \u00e0 tarde na Pra\u00e7a da Gentil\u00e2ndia, percorrendo as ruas do centro da capital, passando pelo Hospital IJF, onde foi realizada uma homenagem aos profissionais da sa\u00fade que est\u00e3o na linha de frente da pandemia.<\/p>\n<p>Em Natal, nosso partido fez muito bonito na cidade potiguar!! Foram muitas bandeiras, faixas, gritos e agita\u00e7\u00e3o neste grande ato unit\u00e1rio. Estivemos nas ruas com muita disciplina revolucion\u00e1ria para garantir os cuidados de biosseguran\u00e7a. O internacionalismo prolet\u00e1rio tamb\u00e9m foi uma constante em nossa coluna, al\u00e9m da presen\u00e7a dos camaradas ind\u00edgenas da Comunidade Ind\u00edgena do Amarel\u00e3o! Nossa milit\u00e2ncia tamb\u00e9m participou em peso do ato em Mossor\u00f3.<\/p>\n<p>No Rio de Janeiro, em Belo Horizonte, S\u00e3o Paulo e em diversas cidades do interior destes grandes estados que comp\u00f5em o Sudeste brasileiro, o Bloco do Poder Popular, composto pela aguerrida milit\u00e2ncia do PCB e dos Coletivos de luta, invadiu as ruas com gigantescas bandeiras, faixas, baterias e charangas, gritando em alto e bom som as palavras de ordem contra o governo genocida e o capitalismo. O camarada Ant\u00f4nio Carlos Mazzeo, Secret\u00e1rio Pol\u00edtico do PCB-SP afirmou em seu discurso: &#8220;N\u00e3o podemos cair no engodo dos acordos de gabinetes e nas concilia\u00e7\u00f5es partid\u00e1rias da direita ou da socialdemocracia! Somente o povo mobilizado nas ruas, tendo como protagonistas os trabalhadores, unidos na luta por vacina no bra\u00e7o, empregos e comida no prato; na luta por um proposta econ\u00f4mico-social e pol\u00edtica na perspectiva dos interesses dos trabalhadores \u00e9 que iremos derrotar Bolsonaro e sua quadrilha!&#8221;<\/p>\n<p>No Rio Grande do Sul, os comunistas se fizeram presentes nas ruas de Santa Maria, Pelotas, Porto Alegre e outras cidades do interior. Em Santa Catarina, onde as fortes chuvas impediram a realiza\u00e7\u00e3o do ato em Florian\u00f3polis, nossa milit\u00e2ncia compareceu firme e forte em Blumenau e outros munic\u00edpios.<\/p>\n<p>Em Bras\u00edlia, o protesto teve in\u00edcio \u00e0s 9h, na Biblioteca Nacional, e bloqueou completamente o tr\u00e2nsito do Eixo Monumental. L\u00e1 estavam os militantes comunistas com nossas bandeiras e faixas. De igual forma, em Dourados (MS), houve protesto por emprego, vacina no bra\u00e7o e comida no prato!<\/p>\n<p>Em Goi\u00e1s, os atos de rua foram massivos e ocorreram nas cidades de Goi\u00e2nia, An\u00e1polis, Catal\u00e3o, Cidade de Goi\u00e1s, Jata\u00ed, Itumbiara, Piren\u00f3polis, S\u00e3o Lu\u00eds de Montes Belos e Auril\u00e2ndia, nos quais, em todos os lugares, a nossa milit\u00e2ncia esteve presente junto aos milhares de trabalhadores que compuseram as passeatas e carreatas. Em todas as manifesta\u00e7\u00f5es, o PCB e seus coletivos e amigos foram exemplo de disciplina e organiza\u00e7\u00e3o, realizando filas indianas e refor\u00e7ando a biosseguran\u00e7a. Ao todo, mais de 10 mil pessoas participaram das manifesta\u00e7\u00f5es em todo o estado.<\/p>\n<p>Por meio das atua\u00e7\u00f5es de diversas entidades sindicais e estudantis, que se somaram ao F\u00f3rum Sindical, Popular e das Juventudes de Luta por Direitos e Liberdades Democr\u00e1ticas, afirmamos as pautas pelo impeachment de Bolsonaro-Mour\u00e3o, por um aux\u00edlio emergencial digno, em defesa da vacina\u00e7\u00e3o 100% pelo Sistema \u00danico de Sa\u00fade (SUS) para toda a popula\u00e7\u00e3o brasileira, pelo lockdown e por garantia de empregos e sal\u00e1rios, contra o desmonte e ataques \u00e0s escolas, universidades, institutos federais e cefets, contra a reforma administrativa, pela revoga\u00e7\u00e3o da EC 95, por comida no prato e pelo Poder Popular e o Socialismo, que \u00e9 a \u00fanica sa\u00edda para as necessidades da classe trabalhadora.<\/p>\n<p>Nas manifesta\u00e7\u00f5es, pautamos a atual conjuntura e o quadro de crise econ\u00f4mica, social e pol\u00edtica que tem se agravado ainda mais no Brasil com o aumento da mis\u00e9ria, da fome, do desemprego, do custo de vida e dos n\u00fameros de \u00f3bitos ocasionados pela Covid-19, que j\u00e1 contabilizam mais de 500 mil mortes. Enquanto isso, o governo Bolsonaro-Mour\u00e3o continua implementando sua pol\u00edtica genocida, que dificulta ao m\u00e1ximo a vacina\u00e7\u00e3o para a classe trabalhadora e segue com a agenda neoliberal, que imp\u00f5e diversas medidas voltadas a destruir os direitos da classe trabalhadora e favorecer os interesses da burguesia brasileira e do imperialismo.<\/p>\n<p>Essa pol\u00edtica criminosa \u00e9 o que tem assassinado de fome e de contamina\u00e7\u00e3o a popula\u00e7\u00e3o brasileira, uma realidade que somente o povo organizado, nas ruas, \u00e9 capaz de barrar. Lembramos, em nossas falas, que devemos seguir mobilizados para barrar a ofensiva do capital contra os direitos das trabalhadoras e dos trabalhadores e a pauta das privatiza\u00e7\u00f5es da ELETROBRAS, dos CORREIOS, da CBTU e de diversas estatais, assim como os ataques aos direitos dos estudantes, com os crescentes cortes or\u00e7ament\u00e1rios da educa\u00e7\u00e3o p\u00fablica.<\/p>\n<p>Segundo o Jornal Brasil de Fato, &#8220;os atos do dia 19 de junho por vacina no bra\u00e7o, comida no prato e fora Bolsonaro foram maiores que as manifesta\u00e7\u00f5es de 29 de maio. Segundo os organizadores, cerca de 400 cidades em todos os estados do pa\u00eds tiveram atividades programadas, apesar da chuva que provocou o cancelamento dos atos em algumas regi\u00f5es. O saldo foi de cerca de 750 mil manifestantes &#8211; 25% a mais do que o registrado nos protestos do m\u00eas passado&#8221;.<\/p>\n<p>Por isso, o dia 19 de junho foi um dia hist\u00f3rico para a popula\u00e7\u00e3o brasileira. A nossa milit\u00e2ncia refor\u00e7ou, em todo o pa\u00eds, que \u00e9 fundamental nos prepararmos e fortalecermos nossas articula\u00e7\u00f5es unit\u00e1rias, tendo em vista a retomada das lutas populares e a necessidade de avan\u00e7armos no processo de reorganiza\u00e7\u00e3o da classe trabalhadora. N\u00e3o podemos esperar at\u00e9 2022 e apostar nas vias institucionais para barrar as medidas genocidas de Bolsonaro-Mour\u00e3o-Guedes.<\/p>\n<p>Neste momento, ocupar as ruas \u00e9 leg\u00edtimo e necess\u00e1rio: s\u00f3 com mobiliza\u00e7\u00e3o popular e luta conseguiremos derrotar esse governo e sua pol\u00edtica antipopular. Chega de genoc\u00eddio, mis\u00e9ria e viol\u00eancia, que tem assolado a vida dos(as) trabalhadores(as)!<\/p>\n<p>Basta de privatiza\u00e7\u00f5es das empresas p\u00fablicas, que aumentam o lucro do setor privado e buscam garantir a economia de recursos do Estado para repassar aos bancos privados! Chega de ataques aos direitos sociais, amea\u00e7as de golpes e retrocessos!<\/p>\n<p>FORA BOLSONARO E MOUR\u00c3O! IMPEACHMENT J\u00c1!<br \/>\nEM DEFESA DOS DIREITOS SOCIAIS E DAS LIBERDADES DEMOCR\u00c1TICAS!<br \/>\nVACINA PARA TODOS E TODAS!<br \/>\nPELO SUS 100% P\u00daBLICO, GRATUITO E DE QUALIDADE!<br \/>\nPELO PODER POPULAR, RUMO AO SOCIALISMO!<\/p>\n","protected":false},"excerpt":{"rendered":"<a class=\"moretag\" href=\"https:\/\/pcb.org.br\/portal2\/27438\"> <\/a>","protected":false},"author":1,"featured_media":0,"comment_status":"closed","ping_status":"closed","sticky":false,"template":"","format":"standard","meta":{"jetpack_post_was_ever_published":false,"_jetpack_newsletter_access":"","_jetpack_dont_email_post_to_subs":false,"_jetpack_newsletter_tier_id":0,"_jetpack_memberships_contains_paywalled_content":false,"_jetpack_memberships_contains_paid_content":false,"footnotes":"","jetpack_publicize_message":"","jetpack_publicize_feature_enabled":true,"jetpack_social_post_already_shared":true,"jetpack_social_options":{"image_generator_settings":{"template":"highway","default_image_id":0,"font":"","enabled":false},"version":2}},"categories":[140],"tags":[219],"class_list":["post-27438","post","type-post","status-publish","format-standard","hentry","category-c140-jornal-o-poder-popular","tag-manchete"],"jetpack_publicize_connections":[],"jetpack_featured_media_url":"","jetpack_shortlink":"https:\/\/wp.me\/p659gw-78y","jetpack-related-posts":[],"jetpack_likes_enabled":true,"jetpack_sharing_enabled":true,"_links":{"self":[{"href":"https:\/\/pcb.org.br\/portal2\/wp-json\/wp\/v2\/posts\/27438","targetHints":{"allow":["GET"]}}],"collection":[{"href":"https:\/\/pcb.org.br\/portal2\/wp-json\/wp\/v2\/posts"}],"about":[{"href":"https:\/\/pcb.org.br\/portal2\/wp-json\/wp\/v2\/types\/post"}],"author":[{"embeddable":true,"href":"https:\/\/pcb.org.br\/portal2\/wp-json\/wp\/v2\/users\/1"}],"replies":[{"embeddable":true,"href":"https:\/\/pcb.org.br\/portal2\/wp-json\/wp\/v2\/comments?post=27438"}],"version-history":[{"count":0,"href":"https:\/\/pcb.org.br\/portal2\/wp-json\/wp\/v2\/posts\/27438\/revisions"}],"wp:attachment":[{"href":"https:\/\/pcb.org.br\/portal2\/wp-json\/wp\/v2\/media?parent=27438"}],"wp:term":[{"taxonomy":"category","embeddable":true,"href":"https:\/\/pcb.org.br\/portal2\/wp-json\/wp\/v2\/categories?post=27438"},{"taxonomy":"post_tag","embeddable":true,"href":"https:\/\/pcb.org.br\/portal2\/wp-json\/wp\/v2\/tags?post=27438"}],"curies":[{"name":"wp","href":"https:\/\/api.w.org\/{rel}","templated":true}]}}