{"id":27448,"date":"2021-06-24T13:24:49","date_gmt":"2021-06-24T16:24:49","guid":{"rendered":"https:\/\/pcb.org.br\/portal2\/?p=27448"},"modified":"2021-06-24T13:24:49","modified_gmt":"2021-06-24T16:24:49","slug":"pelo-fim-do-criminoso-bloqueio-a-cuba","status":"publish","type":"post","link":"https:\/\/pcb.org.br\/portal2\/27448","title":{"rendered":"Pelo fim do criminoso bloqueio a Cuba!"},"content":{"rendered":"<p><img decoding=\"async\" class=\"imagem\" title=\"imagem\" src=\"https:\/\/i0.wp.com\/media.cubadebate.cu\/wp-content\/uploads\/2021\/06\/bloqueo-onu-votacion-2021-resultados-580x321.png\" alt=\"imagem\" \/><!--more-->ADELANTE! &#8211; jornal do Partido Comunista Paraguaio<\/p>\n<p>EUA e Israel isolados: 184 pa\u00edses votam pelo fim do bloqueio a Cuba<\/p>\n<p>Por aplastante maioria dos pa\u00edses membros da Organiza\u00e7\u00e3o das Na\u00e7\u00f5es Unidas, foi aprovada, neste dia 23, a Resolu\u00e7\u00e3o A74\/I97: \u201cNecessidade de p\u00f4r fim ao bloqueio econ\u00f4mico, comercial e financeiro imposto pelos Estados Unidos da Am\u00e9rica a Cuba\u201c. Cento e oitenta e quatro pa\u00edses votaram pela aprova\u00e7\u00e3o da resolu\u00e7\u00e3o, deixando em absoluto isolamento o governo dos EUA e o sionismo de Israel, os \u00fanicos dos pa\u00edses que votaram contra. Col\u00f4mbia, Ucr\u00e2nia e Brasil, vergonhosamente, se abstiveram de votar.<\/p>\n<p>Durante as quase tr\u00eas horas de debate, o Chanceler de Cuba, Bruno Rodr\u00edguez, destacou a intensifica\u00e7\u00e3o das medidas de bloqueio durante o \u00faltimo per\u00edodo da gest\u00e3o de Donald Trump, e sua manuten\u00e7\u00e3o pelo atual governo de Joe Biden. \u201cOs EUA intensificaram deliberada e oportunisticamente o bloqueio e causaram ao pa\u00eds preju\u00edzos da ordem de 5 bilh\u00f5es de d\u00f3lares. O governo Donald Trump estabeleceu 243 medidas coercitivas unilaterais para prejudicar terceiros mercados tur\u00edsticos, adotou medidas pr\u00f3prias de tempos de guerra para nos privar de combust\u00edvel, prejudicou os servi\u00e7os de sa\u00fade, aumentou o ass\u00e9dio \u00e0s transa\u00e7\u00f5es comerciais em outros mercados, tamb\u00e9m impediu o fluxo regular de remessas para fam\u00edlias cubanas e assestou duros golpes ao setor aut\u00f4nomo\u201d, disse o ministro cubano durante seu discurso na Assembleia Geral.<\/p>\n<p>De igual modo, assinalou que \u201ctodas essas medidas continuam em vigor at\u00e9 hoje, em plena aplica\u00e7\u00e3o e, paradoxalmente, est\u00e3o moldando a conduta do atual governo, justamente nos meses em que registramos o maior n\u00famero de \u00f3bitos e infectados por COVID-19&#8243;.<\/p>\n<p>O povo dos EUA contra o bloqueio<\/p>\n<p>Durante seu discurso na Assembleia Geral, o Chanceler de Cuba lembrou que \u201co Partido Democrata dos Estados Unidos prometeu aos eleitores reverter as medidas de Trump, em particular a elimina\u00e7\u00e3o das restri\u00e7\u00f5es \u00e0s viagens a Cuba, remessas e outras medidas. Est\u00e1 provado que uma grande maioria dos americanos apoia a suspens\u00e3o do bloqueio e que os cubanos que vivem nos Estados Unidos desejam rela\u00e7\u00f5es normais\u201d.<\/p>\n<p>O impacto do bloqueio<\/p>\n<p>\u201cOs danos humanos do bloqueio s\u00e3o incalcul\u00e1veis, ningu\u00e9m pode afirmar honestamente que n\u00e3o tem impacto na popula\u00e7\u00e3o. Na sa\u00fade, persiste a impossibilidade de adquirir todo tipo de material m\u00e9dico e rem\u00e9dios. Cuba tem procurado proteger a todos contra o v\u00edrus. Ativou o seu sistema de sa\u00fade gratuito e universal, mobilizou o potencial cient\u00edfico nacional e contou com o apoio da popula\u00e7\u00e3o, principalmente dos jovens e estudantes volunt\u00e1rios. Por isso pudemos desenvolver rapidamente protocolos nacionais de atendimento aos infectados e suspeitos de terem contra\u00eddo a doen\u00e7a, criar capacidade de interna\u00e7\u00e3o de todos os infectados, servi\u00e7os de terapia intensiva e acesso gratuito a PCR ou testes de ant\u00edgenos, bem como a implanta\u00e7\u00e3o de laborat\u00f3rios de biologia molecular em todo o pa\u00eds. Quando o bloqueio impediu a compra de ventiladores de pulm\u00e3o, Cuba desenvolveu os seus. Gra\u00e7as a tudo isso, mantivemos um baixo n\u00famero de infectados e mortos\u201d, disse Rodr\u00edguez.<\/p>\n<p>\u201cO bloqueio \u00e9 uma viola\u00e7\u00e3o maci\u00e7a, flagrante e sistem\u00e1tica dos Direitos Humanos de todo o povo cubano\u201d.<\/p>\n<p>Bruno Rodr\u00edguez, Ministro das Rela\u00e7\u00f5es Exteriores de Cuba.<\/p>\n<p>Uma ilha bloqueada na linha de frente contra a COVID<\/p>\n<p>\u201c\u00c9 not\u00e1vel que uma pequena ilha bloqueada tenha desenvolvido 5 vacinas candidatas e aplicado tr\u00eas delas em mais de 2 milh\u00f5es de cubanos, pretende vacinar 70% de sua popula\u00e7\u00e3o neste ver\u00e3o e o total antes do final do ano, apesar de o bloqueio impedir a sua produ\u00e7\u00e3o em grande escala. Cuba enviou brigadas m\u00e9dicas a 40 pa\u00edses. As autoridades norte-americanas t\u00eam tentado cinicamente semear a ideia do fracasso do sistema, de que as medidas coercitivas n\u00e3o afetam as pessoas, mas vejamos os dados: de abril de 2019 a dezembro de 2020, o bloqueio produziu preju\u00edzos de 9.157 milh\u00f5es d\u00f3lares a pre\u00e7os correntes, 436 milh\u00f5es de d\u00f3lares por m\u00eas em m\u00e9dia. Os danos acumulados em seis d\u00e9cadas chegam a 147.800.000.000 de d\u00f3lares. \u00c9 uma guerra econ\u00f4mica de car\u00e1ter extraterritorial contra um pequeno pa\u00eds, fato que nos privou de receitas essenciais durante a pandemia\u201d, destacou o chanceler cubano.<\/p>\n<p>\u201cN\u00e3o \u00e9 legal nem \u00e9tico para o governo de uma pot\u00eancia sujeitar uma pequena na\u00e7\u00e3o, por d\u00e9cadas, a uma guerra econ\u00f4mica incessante. \u00c9 inaceit\u00e1vel privar todo um povo ao direito \u00e0 paz e ao desenvolvimento. N\u00e3o \u00e9 poss\u00edvel, \u00e9 inaceit\u00e1vel que o governo dos Estados Unidos ignore por 38 anos as sucessivas resolu\u00e7\u00f5es da Assembleia Geral da ONU. A alega\u00e7\u00e3o de Cuba \u00e9 que nos deixem em paz, que acabe com o bloqueio, a manipula\u00e7\u00e3o e a discrimina\u00e7\u00e3o e que cessem os obst\u00e1culos aos la\u00e7os dos cubanos que vivem nos Estados Unidos com seus familiares em Cuba\u201d, disse Bruno Rodr\u00edguez.<\/p>\n<p>Tradu\u00e7\u00e3o: Partido Comunista Brasileiro (PCB)<\/p>\n<p>Fonte:<\/p>\n<p><a href=\"https:\/\/adelantenoticias.com\/2021\/06\/23\/182-paises-fin-del-bloqueo-cuba\/\">EEUU e Israel aislados: 184 pa\u00edses votaron por el fin del bloqueo a&nbsp;Cuba<\/a><\/p>\n","protected":false},"excerpt":{"rendered":"<a class=\"moretag\" href=\"https:\/\/pcb.org.br\/portal2\/27448\"> <\/a>","protected":false},"author":1,"featured_media":0,"comment_status":"closed","ping_status":"closed","sticky":false,"template":"","format":"standard","meta":{"jetpack_post_was_ever_published":false,"_jetpack_newsletter_access":"","_jetpack_dont_email_post_to_subs":false,"_jetpack_newsletter_tier_id":0,"_jetpack_memberships_contains_paywalled_content":false,"_jetpack_memberships_contains_paid_content":false,"footnotes":"","jetpack_publicize_message":"","jetpack_publicize_feature_enabled":true,"jetpack_social_post_already_shared":true,"jetpack_social_options":{"image_generator_settings":{"template":"highway","default_image_id":0,"font":"","enabled":false},"version":2}},"categories":[77],"tags":[227],"class_list":["post-27448","post","type-post","status-publish","format-standard","hentry","category-c90-solidariedade-a-cuba","tag-5a"],"jetpack_publicize_connections":[],"jetpack_featured_media_url":"","jetpack_shortlink":"https:\/\/wp.me\/p659gw-78I","jetpack-related-posts":[],"jetpack_likes_enabled":true,"jetpack_sharing_enabled":true,"_links":{"self":[{"href":"https:\/\/pcb.org.br\/portal2\/wp-json\/wp\/v2\/posts\/27448","targetHints":{"allow":["GET"]}}],"collection":[{"href":"https:\/\/pcb.org.br\/portal2\/wp-json\/wp\/v2\/posts"}],"about":[{"href":"https:\/\/pcb.org.br\/portal2\/wp-json\/wp\/v2\/types\/post"}],"author":[{"embeddable":true,"href":"https:\/\/pcb.org.br\/portal2\/wp-json\/wp\/v2\/users\/1"}],"replies":[{"embeddable":true,"href":"https:\/\/pcb.org.br\/portal2\/wp-json\/wp\/v2\/comments?post=27448"}],"version-history":[{"count":0,"href":"https:\/\/pcb.org.br\/portal2\/wp-json\/wp\/v2\/posts\/27448\/revisions"}],"wp:attachment":[{"href":"https:\/\/pcb.org.br\/portal2\/wp-json\/wp\/v2\/media?parent=27448"}],"wp:term":[{"taxonomy":"category","embeddable":true,"href":"https:\/\/pcb.org.br\/portal2\/wp-json\/wp\/v2\/categories?post=27448"},{"taxonomy":"post_tag","embeddable":true,"href":"https:\/\/pcb.org.br\/portal2\/wp-json\/wp\/v2\/tags?post=27448"}],"curies":[{"name":"wp","href":"https:\/\/api.w.org\/{rel}","templated":true}]}}