{"id":2745,"date":"2012-04-27T01:34:15","date_gmt":"2012-04-27T01:34:15","guid":{"rendered":"http:\/\/pcb.org.br\/portal2\/?p=2745"},"modified":"2012-04-27T01:34:15","modified_gmt":"2012-04-27T01:34:15","slug":"secretario-geral-do-pcb-nacional-comemora-90-anos-do-partido-em-fortaleza-e-fala-de-eleicoes","status":"publish","type":"post","link":"https:\/\/pcb.org.br\/portal2\/2745","title":{"rendered":"Secret\u00e1rio-geral do PCB Nacional comemora 90 anos do partido em Fortaleza e fala de elei\u00e7\u00f5es"},"content":{"rendered":"\n<p>Os 90 anos do PCB ser\u00e3o comemorados nesta ter\u00e7a-feira, durante sess\u00e3o solene, na C\u00e2mara Municipal de Fortaleza, a partir das 19 horas. Para conferir a solenidade, est\u00e1 na Capital cearense o secret\u00e1rio-geral do PCB nacional, Ivan Pinheiro. Para o Blog, Ivan Pinheiro, que j\u00e1 foi candidato a presidente da Rep\u00fablica no \u00faltimo pleito, falou das perspectivas do partido nas pr\u00f3xiams elei\u00e7\u00f5es.<\/p>\n<p>VER V\u00cdDEO:<\/p>\n<p><a href=\"http:\/\/blog.opovo.com.br\/blogdoeliomar\/secretario-geral-do-pcb-nacional-comemora-90-anos-do-partido-em-fortaleza-e-fala-de-eleicoes\/\" target=\"_blank\">http:\/\/blog.opovo.com.br\/blogdoeliomar\/secretario-geral-do-pcb-nacional-comemora-90-anos-do-partido-em-fortaleza-e-fala-de-eleicoes\/ <\/a><\/p>\n","protected":false},"excerpt":{"rendered":"\n\n\nCr\u00e9dito: pcb21.net\n\n\n\n\n\n\n\n\nEliomar de Lima\n<a class=\"moretag\" href=\"https:\/\/pcb.org.br\/portal2\/2745\"> <\/a>","protected":false},"author":1,"featured_media":0,"comment_status":"open","ping_status":"open","sticky":false,"template":"","format":"standard","meta":{"jetpack_post_was_ever_published":false,"_jetpack_newsletter_access":"","_jetpack_dont_email_post_to_subs":false,"_jetpack_newsletter_tier_id":0,"_jetpack_memberships_contains_paywalled_content":false,"_jetpack_memberships_contains_paid_content":false,"footnotes":"","jetpack_publicize_message":"","jetpack_publicize_feature_enabled":true,"jetpack_social_post_already_shared":false,"jetpack_social_options":{"image_generator_settings":{"template":"highway","default_image_id":0,"font":"","enabled":false},"version":2}},"categories":[46],"tags":[],"class_list":["post-2745","post","type-post","status-publish","format-standard","hentry","category-c56-memoria"],"jetpack_publicize_connections":[],"jetpack_featured_media_url":"","jetpack_shortlink":"https:\/\/wp.me\/p659gw-Ih","jetpack-related-posts":[],"jetpack_likes_enabled":true,"jetpack_sharing_enabled":true,"_links":{"self":[{"href":"https:\/\/pcb.org.br\/portal2\/wp-json\/wp\/v2\/posts\/2745","targetHints":{"allow":["GET"]}}],"collection":[{"href":"https:\/\/pcb.org.br\/portal2\/wp-json\/wp\/v2\/posts"}],"about":[{"href":"https:\/\/pcb.org.br\/portal2\/wp-json\/wp\/v2\/types\/post"}],"author":[{"embeddable":true,"href":"https:\/\/pcb.org.br\/portal2\/wp-json\/wp\/v2\/users\/1"}],"replies":[{"embeddable":true,"href":"https:\/\/pcb.org.br\/portal2\/wp-json\/wp\/v2\/comments?post=2745"}],"version-history":[{"count":0,"href":"https:\/\/pcb.org.br\/portal2\/wp-json\/wp\/v2\/posts\/2745\/revisions"}],"wp:attachment":[{"href":"https:\/\/pcb.org.br\/portal2\/wp-json\/wp\/v2\/media?parent=2745"}],"wp:term":[{"taxonomy":"category","embeddable":true,"href":"https:\/\/pcb.org.br\/portal2\/wp-json\/wp\/v2\/categories?post=2745"},{"taxonomy":"post_tag","embeddable":true,"href":"https:\/\/pcb.org.br\/portal2\/wp-json\/wp\/v2\/tags?post=2745"}],"curies":[{"name":"wp","href":"https:\/\/api.w.org\/{rel}","templated":true}]}}