{"id":27729,"date":"2021-08-18T01:27:24","date_gmt":"2021-08-18T04:27:24","guid":{"rendered":"https:\/\/pcb.org.br\/portal2\/?p=27729"},"modified":"2021-08-25T02:15:28","modified_gmt":"2021-08-25T05:15:28","slug":"massacre-de-camponeses-em-rondonia","status":"publish","type":"post","link":"https:\/\/pcb.org.br\/portal2\/27729","title":{"rendered":"Massacre de camponeses em Rond\u00f4nia!"},"content":{"rendered":"<p><img decoding=\"async\" class=\"imagem\" title=\"imagem\" src=\"https:\/\/i0.wp.com\/ujc.org.br\/wp-content\/uploads\/2021\/08\/cover_237089610_379729837004730_517525133415637644_n.jpg\" alt=\"imagem\" \/><!--more-->UJC de Rond\u00f4nia<\/p>\n<p>No \u00faltimo dia 13 de Agosto de 2021 o BOPE (Batalh\u00e3o de Opera\u00e7\u00f5es Especiais) com cobertura da For\u00e7a Nacional, invadiu o acampamento Ademar Ferreira, localizado na zona Rural do munic\u00edpio de Nova Mutum, em Rond\u00f4nia, tendo como resultado dessa investida a morte de 03 camponeses e a pris\u00e3o de mais quatro. Segundo relatos dos camponeses que presenciaram esse ato criminoso, o BOPE atirou covardemente contra o acampamento, alvejando Amarildo (conhecido como Saroba) e seu filho Amaral, de 17 anos, que estavam trabalhando no cultivo da terra para produ\u00e7\u00e3o no momento em que foram atingidos com tiros pelas costas. Al\u00e9m do covarde asssassinato de pai e filho, a opera\u00e7\u00e3o tamb\u00e9m resultou na morte do jovem campon\u00eas Kevin.<\/p>\n<p>Existem tamb\u00e9m diversos relatos de queima de barracos e comida por parte dos policiais, al\u00e9m de persegui\u00e7\u00e3o com tiros de alguns membros do acampamento na mata e o desaparecimento de ve\u00edculos de integrantes do acampamento, inclusive daqueles que foram mortos. Os advogados do acampamento j\u00e1 apontaram a ilegalidade da tal opera\u00e7\u00e3o violenta, da forma como foi, invadindo e atirando em trabalhadores desarmados que em nenhum momento apresentaram resist\u00eancia.<\/p>\n<p>Devemos atentar para o atual avan\u00e7o da viol\u00eancia e criminaliza\u00e7\u00e3o de movimentos sociais do campo em RO, a vinda do BOPE e da For\u00e7a Nacional no Estado, o que aponta cada vez mais para um cen\u00e1rio de opress\u00e3o e morte contra o trabalhador que luta pelo pleno direito \u00e0 terra. A pouca repercuss\u00e3o midi\u00e1tica, alinhada a uma linha de discurso em defesa das opera\u00e7\u00f5es, est\u00e1 abafando qualquer tentativa de dar voz a esses trabalhadores que est\u00e3o sendo massacrados.<\/p>\n<p>N\u00f3s da UJC-RO repudiamos toda essa a\u00e7\u00e3o covarde, que visa apenas criminalizar os movimentos pela terra, que visa proteger a classe dominante de latifundi\u00e1rios que domina Rond\u00f4nia. A luta pela terra \u00e9 uma luta justa, e ela n\u00e3o vai recuar mesmo com o avan\u00e7o da viol\u00eancia. Todo apoio aos camaradas em luta!<\/p>\n<p>N\u00c3O A CRIMINALIZA\u00c7\u00c3O DA LUTA PELA TERRA!<\/p>\n<p>FORA MARCOS ROCHA!<\/p>\n<p>\ud83d\udea9 Confira o texto na \u00edntegra: http:\/\/ujc.org.br\/massacre-de-camponeses-em-rondonia\/<\/p>\n","protected":false},"excerpt":{"rendered":"<a class=\"moretag\" href=\"https:\/\/pcb.org.br\/portal2\/27729\"> <\/a>","protected":false},"author":1,"featured_media":0,"comment_status":"closed","ping_status":"closed","sticky":false,"template":"","format":"standard","meta":{"jetpack_post_was_ever_published":false,"_jetpack_newsletter_access":"","_jetpack_dont_email_post_to_subs":false,"_jetpack_newsletter_tier_id":0,"_jetpack_memberships_contains_paywalled_content":false,"_jetpack_memberships_contains_paid_content":false,"footnotes":"","jetpack_publicize_message":"","jetpack_publicize_feature_enabled":true,"jetpack_social_post_already_shared":true,"jetpack_social_options":{"image_generator_settings":{"template":"highway","default_image_id":0,"font":"","enabled":false},"version":2}},"categories":[20,27],"tags":[223],"class_list":["post-27729","post","type-post","status-publish","format-standard","hentry","category-c1-popular","category-c27-ujc","tag-3a"],"jetpack_publicize_connections":[],"jetpack_featured_media_url":"","jetpack_shortlink":"https:\/\/wp.me\/p659gw-7df","jetpack-related-posts":[],"jetpack_likes_enabled":true,"jetpack_sharing_enabled":true,"_links":{"self":[{"href":"https:\/\/pcb.org.br\/portal2\/wp-json\/wp\/v2\/posts\/27729","targetHints":{"allow":["GET"]}}],"collection":[{"href":"https:\/\/pcb.org.br\/portal2\/wp-json\/wp\/v2\/posts"}],"about":[{"href":"https:\/\/pcb.org.br\/portal2\/wp-json\/wp\/v2\/types\/post"}],"author":[{"embeddable":true,"href":"https:\/\/pcb.org.br\/portal2\/wp-json\/wp\/v2\/users\/1"}],"replies":[{"embeddable":true,"href":"https:\/\/pcb.org.br\/portal2\/wp-json\/wp\/v2\/comments?post=27729"}],"version-history":[{"count":0,"href":"https:\/\/pcb.org.br\/portal2\/wp-json\/wp\/v2\/posts\/27729\/revisions"}],"wp:attachment":[{"href":"https:\/\/pcb.org.br\/portal2\/wp-json\/wp\/v2\/media?parent=27729"}],"wp:term":[{"taxonomy":"category","embeddable":true,"href":"https:\/\/pcb.org.br\/portal2\/wp-json\/wp\/v2\/categories?post=27729"},{"taxonomy":"post_tag","embeddable":true,"href":"https:\/\/pcb.org.br\/portal2\/wp-json\/wp\/v2\/tags?post=27729"}],"curies":[{"name":"wp","href":"https:\/\/api.w.org\/{rel}","templated":true}]}}