{"id":27732,"date":"2021-08-19T05:08:53","date_gmt":"2021-08-19T08:08:53","guid":{"rendered":"https:\/\/pcb.org.br\/portal2\/?p=27732"},"modified":"2021-08-19T05:08:53","modified_gmt":"2021-08-19T08:08:53","slug":"sobre-os-acontecimentos-no-afeganistao","status":"publish","type":"post","link":"https:\/\/pcb.org.br\/portal2\/27732","title":{"rendered":"Sobre os acontecimentos no Afeganist\u00e3o"},"content":{"rendered":"<p><img decoding=\"async\" class=\"imagem\" title=\"imagem\" src=\"https:\/\/s.yimg.com\/ny\/api\/res\/1.2\/9rbTirNMTCh_H4bKkRuXbA--\/YXBwaWQ9aGlnaGxhbmRlcjtoPTY2Ng--\/https:\/\/s.yimg.com\/os\/creatr-uploaded-images\/2021-08\/c9069e20-feb2-11eb-bded-e84df52e9aa7\" alt=\"imagem\" \/><!--more-->DECLARA\u00c7\u00c3O DA SECRETARIA DE IMPRENSA DO KKE &#8211; PARTIDO COMUNISTA DA GR\u00c9CIA<\/p>\n<p>Os r\u00e1pidos desenvolvimentos no Afeganist\u00e3o ap\u00f3s o colapso do governo fantoche, que havia surgido no pa\u00eds com a interven\u00e7\u00e3o imperialista dos EUA, da OTAN e de seus aliados, e a ascens\u00e3o ao poder do movimento obscurantista Talib\u00e3, um movimento que contou com o apoio inicialmente dos EUA e de outras pot\u00eancias capitalistas, mostram que o sofrimento do povo afeg\u00e3o \u00e9 intermin\u00e1vel.<\/p>\n<p>Est\u00e1 evidentemente demonstrado que a interven\u00e7\u00e3o dos Estados Unidos em 2001, levada a cabo sob o pretexto do \u201ccombate ao terrorismo\u201d e em resposta ao ataque \u00e0s Torres G\u00eameas, na realidade tinha outros objetivos e, em particular, o controle do \u201cponto fraco\u201d da R\u00fassia e da China, no contexto do antagonismo desses pa\u00edses com os EUA.<\/p>\n<p>O governo Biden ainda mente, apresentando \u201ca economia de recursos financeiros do povo\u201d como raz\u00e3o da retirada das for\u00e7as militares estadunidenses do Afeganist\u00e3o. Seus objetivos s\u00e3o diferentes, como desviar a aten\u00e7\u00e3o dos EUA para outras \u201cfrentes\u201d, a exemplo da regi\u00e3o do Pac\u00edfico, assim como a inten\u00e7\u00e3o de criar um \u201cclima de instabilidade\u201d na \u00c1sia Central, para o que lhes \u00e9 conveniente a \u201cinstrumentaliza\u00e7\u00e3o\u201d dos desenvolvimentos no Afeganist\u00e3o. \u00c9 por meio dessa competi\u00e7\u00e3o interimperialista que o Talib\u00e3 parece ser favorecido hoje.<\/p>\n<p>Desde o primeiro momento, o KKE condenou a interven\u00e7\u00e3o no Afeganist\u00e3o; rejeitou os pretextos dos EUA, da OTAN e da UE; denunciou as responsabilidades de todos os governos gregos (ND, SYRIZA, PASOK, etc.), que desde 2001 at\u00e9 hoje apoiaram o envolvimento do nosso pa\u00eds e das for\u00e7as armadas gregas no Afeganist\u00e3o. Por todos os meios poss\u00edveis, exigiu a retirada das for\u00e7as gregas do Afeganist\u00e3o e de qualquer outra miss\u00e3o imperialista no exterior.<\/p>\n<p>Agora, as v\u00e1rias administra\u00e7\u00f5es burguesas est\u00e3o derramando l\u00e1grimas de crocodilo pela situa\u00e7\u00e3o do povo no Afeganist\u00e3o, especialmente pela posi\u00e7\u00e3o das mulheres. S\u00e3o as mesmas equipes que apoiaram e continuam a apoiar regimes que adotaram medidas semelhantes contra as mulheres em seus pr\u00f3prios pa\u00edses.<\/p>\n<p>S\u00e3o os mesmos estados-maiores que em outras \u00e9pocas hist\u00f3ricas (como na d\u00e9cada de 1980) apoiaram veementemente o movimento obscurantista Mujahideen (por meio do qual surgiu o Talib\u00e3), que lutou contra a Revolu\u00e7\u00e3o Popular e a ajuda militar internacionalista sovi\u00e9tica.<\/p>\n<p>Abordam tamb\u00e9m com a mesma hipocrisia acerca do esperado aumento do n\u00famero de refugiados, quando os pr\u00f3prios acontecimentos provam o que todos querem esconder, a saber, que os refugiados s\u00e3o, em \u00faltima inst\u00e2ncia, v\u00edtimas das guerras e interven\u00e7\u00f5es provocadas pelo imperialismo.<\/p>\n<p>Hoje se destaca a necessidade da luta popular contra qualquer for\u00e7a reacion\u00e1ria e obscurantista, inextricavelmente ligada \u00e0 luta contra o sistema capitalista e as for\u00e7as e planos imperialistas que os originam e deles se utilizam.<\/p>\n","protected":false},"excerpt":{"rendered":"<a class=\"moretag\" href=\"https:\/\/pcb.org.br\/portal2\/27732\"> <\/a>","protected":false},"author":1,"featured_media":0,"comment_status":"closed","ping_status":"closed","sticky":false,"template":"","format":"standard","meta":{"jetpack_post_was_ever_published":false,"_jetpack_newsletter_access":"","_jetpack_dont_email_post_to_subs":false,"_jetpack_newsletter_tier_id":0,"_jetpack_memberships_contains_paywalled_content":false,"_jetpack_memberships_contains_paid_content":false,"footnotes":"","jetpack_publicize_message":"","jetpack_publicize_feature_enabled":true,"jetpack_social_post_already_shared":true,"jetpack_social_options":{"image_generator_settings":{"template":"highway","default_image_id":0,"font":"","enabled":false},"version":2}},"categories":[374],"tags":[233],"class_list":["post-27732","post","type-post","status-publish","format-standard","hentry","category-afeganistao","tag-6a"],"jetpack_publicize_connections":[],"jetpack_featured_media_url":"","jetpack_shortlink":"https:\/\/wp.me\/p659gw-7di","jetpack-related-posts":[],"jetpack_likes_enabled":true,"jetpack_sharing_enabled":true,"_links":{"self":[{"href":"https:\/\/pcb.org.br\/portal2\/wp-json\/wp\/v2\/posts\/27732","targetHints":{"allow":["GET"]}}],"collection":[{"href":"https:\/\/pcb.org.br\/portal2\/wp-json\/wp\/v2\/posts"}],"about":[{"href":"https:\/\/pcb.org.br\/portal2\/wp-json\/wp\/v2\/types\/post"}],"author":[{"embeddable":true,"href":"https:\/\/pcb.org.br\/portal2\/wp-json\/wp\/v2\/users\/1"}],"replies":[{"embeddable":true,"href":"https:\/\/pcb.org.br\/portal2\/wp-json\/wp\/v2\/comments?post=27732"}],"version-history":[{"count":0,"href":"https:\/\/pcb.org.br\/portal2\/wp-json\/wp\/v2\/posts\/27732\/revisions"}],"wp:attachment":[{"href":"https:\/\/pcb.org.br\/portal2\/wp-json\/wp\/v2\/media?parent=27732"}],"wp:term":[{"taxonomy":"category","embeddable":true,"href":"https:\/\/pcb.org.br\/portal2\/wp-json\/wp\/v2\/categories?post=27732"},{"taxonomy":"post_tag","embeddable":true,"href":"https:\/\/pcb.org.br\/portal2\/wp-json\/wp\/v2\/tags?post=27732"}],"curies":[{"name":"wp","href":"https:\/\/api.w.org\/{rel}","templated":true}]}}