{"id":2774,"date":"2012-05-01T15:26:30","date_gmt":"2012-05-01T15:26:30","guid":{"rendered":"http:\/\/pcb.org.br\/portal2\/?p=2774"},"modified":"2012-05-01T15:26:30","modified_gmt":"2012-05-01T15:26:30","slug":"dia-internacional-do-trabalhador","status":"publish","type":"post","link":"https:\/\/pcb.org.br\/portal2\/2774","title":{"rendered":"Dia Internacional do Trabalhador"},"content":{"rendered":"\n<p align=\"justify\">A fam\u00edlia foi arruinada pela Revolu\u00e7\u00e3o Francesa. Ele, pequeno-burgu\u00eas t\u00edpico, \u00e9 obrigado a meter-se num escrit\u00f3rio e vira um burocrata carimbador. Compensa a exist\u00eancia med\u00edocre elaborando planos para uma sociedade nova e harmoniosa, oposta \u00e0 selva proposta pela burguesia em ascens\u00e3o. De seus sonhos, destilam-se os falanst\u00e9rios, m\u00f3dulos de at\u00e9 1.500 pessoas, ordenados pelas \u201cpaix\u00f5es humanas\u201d e sintonizados com ideias avan\u00e7adas, como a de que o grau de emancipa\u00e7\u00e3o da mulher \u00e9 a medida natural da emancipa\u00e7\u00e3o geral (um feminista antes das feministas). Tem uma vis\u00e3o absolutamente original sobre a divis\u00e3o do trabalho. N\u00e3o admite que o homem se dedique a apenas uma ocupa\u00e7\u00e3o a vida inteira, fonte de t\u00e9dio e desperd\u00edcio de criatividade. Sugere que todos deveriam estar aptos a exercer, pelo menos, vinte ocupa\u00e7\u00f5es, praticando cinco ou seis delas diariamente. A educa\u00e7\u00e3o, no falanst\u00e9rio, deveria ser polivalente, mesclando teoria e pr\u00e1tica. Como se v\u00ea, um pensador original e muito \u00e0 frente do seu tempo.<\/p>\n<p align=\"justify\">Acreditava que suas propostas eram t\u00e3o justas, generosas e racionais que seriam aceitas com facilidade. Divulga-as e anuncia que estar\u00e1, todos os dias, ao meio-dia, em sua casa, aguardando mecenas que investissem na constru\u00e7\u00e3o dos falanst\u00e9rios. Esperou durante vinte anos. Nenhuma boa alma apareceu. Charles Fourier morreu carimbando papelada comercial, sem perceber que os conflitos que a nascente revolu\u00e7\u00e3o burguesa traziam n\u00e3o seriam resolvidos apenas com argumenta\u00e7\u00e3o razo\u00e1vel e boas inten\u00e7\u00f5es. Os interesses de classe n\u00e3o s\u00e3o eliminados com saliva ou fantasias apaziguadoras. Mais adiante, Karl Marx trouxe a formula\u00e7\u00e3o que revolucionou a forma de perceber a Hist\u00f3ria e ultrapassou o idealismo, n\u00e3o raro genial mas incompleto, de seus antecessores: a hist\u00f3ria das sociedades \u00e9 a hist\u00f3ria das lutas de classes. De qualquer forma, a ruptura marxista nunca deixou de prestar homenagem aos pioneiros que, como Fourier, sonharam com a Justi\u00e7a e afirmaram que a Hist\u00f3ria se move, \u00e9 determinada pelos homens e n\u00e3o por for\u00e7as sobrenaturais.<\/p>\n<p align=\"justify\">Mais de dois s\u00e9culos depois de Fourier, patinamos em crises c\u00edclicas e o planeta, ao lado de enormes avan\u00e7os tecnol\u00f3gicos, \u00e9 um habitat cruel para grande parte de seus habitantes. As desigualdades atingem propor\u00e7\u00f5es apocal\u00edpticas, alimentando uma guerra di\u00e1ria, silenciosa, pouco destacada pelos grandes meios de comunica\u00e7\u00e3o. A cada seis segundos, uma crian\u00e7a morre de fome no mundo. Quase um bilh\u00e3o de homens, mulheres e crian\u00e7as acordam e v\u00e3o dormir todos os dias passando fome. Crise de oferta de alimentos ? Nada disso. Nunca houve tanta abund\u00e2ncia de produtos agr\u00edcolas no mundo, os supermercados e as redes de distribui\u00e7\u00e3o de alimentos est\u00e3o abarrotados. O problema \u00e9 que o doutor Mercado tem regras p\u00e9treas para que os famintos tenham acesso aos alimentos. Comida, no capitalismo, \u00e9 mercadoria, quem n\u00e3o tiver dinheiro n\u00e3o compra. De acordo com a ONU, cerca de dois bilh\u00f5es de indiv\u00edduos (um ter\u00e7o da humanidade) sofrem de anemia. Vinte por cento da popula\u00e7\u00e3o mundial vivem com menos de um d\u00f3lar por dia. Mesmo no pa\u00eds mais rico do mundo, os Estados Unidos, a situa\u00e7\u00e3o n\u00e3o \u00e9 menos dram\u00e1tica. Mais de 42 milh\u00f5es de cidad\u00e3os dependem da ajuda do governo para n\u00e3o passarem fome. Enquanto isso, o governo Obama alocou US$ 708 bilh\u00f5es para financiar guerras em 2011. O capital reina, a humanidade sofre.<\/p>\n<p align=\"justify\">Estamos na v\u00e9spera do Dia Internacional do Trabalho. A mem\u00f3ria dos M\u00e1rtires de Chicago tem vasos comunicantes com os trabalhadores que, em muitas partes, ir\u00e3o \u00e0s ruas amanh\u00e3 para protestar contra o desemprego, as condi\u00e7\u00f5es indignas de trabalho e, numa agenda ampliada, a destrui\u00e7\u00e3o ambiental. N\u00e3o \u00e9 uma revolta generalizada contra o capitalismo, mas etapa pedag\u00f3gica de organiza\u00e7\u00e3o e unifica\u00e7\u00e3o dos trabalhadores. No Brasil, h\u00e1 muito que o 1\u00ba de Maio virou, em grande medida, um convescote chapa branca. A concilia\u00e7\u00e3o de classe chega a seu cl\u00edmax nos palanques patrocinados por governos e empres\u00e1rios, centrais sindicais substituindo a heran\u00e7a de lutas por sorteios de apartamentos e shows sertanejos (macete indecoroso para atrair p\u00fablico). No entanto, como diria o Cazuza, o tempo n\u00e3o para. O adesismo n\u00e3o ser\u00e1 eterno. A classe trabalhadora se move e encontrar\u00e1 meios e formas de retomar seu caminho para emancipar-se da escravid\u00e3o do capital.\u00a0<em>Eppur si muove.<\/em><\/p>\n<p align=\"justify\">Jacques<\/p>\n<hr \/>\n<p><strong>Triste, mas previs\u00edvel<\/strong><\/p>\n<p align=\"justify\">Acabo de ouvir o pronunciamento da presidente Dilma Rousseff, sobre o 1\u00ba de Maio. N\u00e3o me surpreendeu. O mesmo discurso, com diferen\u00e7as irrelevantes de forma, seria feito por qualquer dos partidos pol\u00edticos do pa\u00eds. Repito:\u00a0qualquer um. A esse ponto chegamos. Um partido que nasceu no campo da esquerda adernou tanto para o centro que virou refer\u00eancia de coisa nenhuma. Gelatina incolor.<\/p>\n<p align=\"justify\">Efeitos colaterais:<\/p>\n<p align=\"justify\">1. A tarefa de educar politicamente a popula\u00e7\u00e3o continua jogada \u00e0s tra\u00e7as. A chefe do Executivo, com total acesso a uma rede nacional de r\u00e1dio e televis\u00e3o, fala como uma gerentona, sem estimular a participa\u00e7\u00e3o das massas nos grandes assuntos nacionais. N\u00e3o h\u00e1 a mais remota iniciativa nesse sentido. A pol\u00edtica \u00e9 engolida pela burocracia.<\/p>\n<p align=\"justify\">2. A mem\u00f3ria oper\u00e1ria, da qual o Dia Internacional do Trabalho \u00e9 um s\u00edmbolo relevante, perde alguns neur\u00f4nios. N\u00e3o houve, nas palavras da presidente, uma \u00fanica refer\u00eancia \u00e0s lutas hist\u00f3ricas da classe trabalhadora, j\u00e1 n\u00e3o digo no mundo, mas pelo menos no Brasil. N\u00e3o lembrou, sequer, a origem do 1\u00ba de Maio, raz\u00e3o formal do pronunciamento. Ouvimos falar de juros e concilia\u00e7\u00e3o de classe, um mundinho alienado e desmobilizador, que ignora as graves amea\u00e7as que pesam sobre os direitos dos trabalhadores em muitas partes do mundo e n\u00e3o manifesta solidariedade a eles. Ser\u00e1 que estamos voltando \u00e0 \u201cilha de tranquilidade\u201d da \u00e9poca da ditadura militar ?<\/p>\n<p align=\"justify\">Triste, mas previs\u00edvel.<\/p>\n<p align=\"justify\">Jacques Gruman<\/p>\n","protected":false},"excerpt":{"rendered":"\n\n\nCr\u00e9dito: PCB\n\n\n\n\n\n\n\n\n<a class=\"moretag\" href=\"https:\/\/pcb.org.br\/portal2\/2774\"> <\/a>","protected":false},"author":1,"featured_media":0,"comment_status":"open","ping_status":"open","sticky":false,"template":"","format":"standard","meta":{"jetpack_post_was_ever_published":false,"_jetpack_newsletter_access":"","_jetpack_dont_email_post_to_subs":false,"_jetpack_newsletter_tier_id":0,"_jetpack_memberships_contains_paywalled_content":false,"_jetpack_memberships_contains_paid_content":false,"footnotes":"","jetpack_publicize_message":"","jetpack_publicize_feature_enabled":true,"jetpack_social_post_already_shared":false,"jetpack_social_options":{"image_generator_settings":{"template":"highway","default_image_id":0,"font":"","enabled":false},"version":2}},"categories":[80],"tags":[],"class_list":["post-2774","post","type-post","status-publish","format-standard","hentry","category-c93-organizacoes"],"jetpack_publicize_connections":[],"jetpack_featured_media_url":"","jetpack_shortlink":"https:\/\/wp.me\/p659gw-IK","jetpack-related-posts":[],"jetpack_likes_enabled":true,"jetpack_sharing_enabled":true,"_links":{"self":[{"href":"https:\/\/pcb.org.br\/portal2\/wp-json\/wp\/v2\/posts\/2774","targetHints":{"allow":["GET"]}}],"collection":[{"href":"https:\/\/pcb.org.br\/portal2\/wp-json\/wp\/v2\/posts"}],"about":[{"href":"https:\/\/pcb.org.br\/portal2\/wp-json\/wp\/v2\/types\/post"}],"author":[{"embeddable":true,"href":"https:\/\/pcb.org.br\/portal2\/wp-json\/wp\/v2\/users\/1"}],"replies":[{"embeddable":true,"href":"https:\/\/pcb.org.br\/portal2\/wp-json\/wp\/v2\/comments?post=2774"}],"version-history":[{"count":0,"href":"https:\/\/pcb.org.br\/portal2\/wp-json\/wp\/v2\/posts\/2774\/revisions"}],"wp:attachment":[{"href":"https:\/\/pcb.org.br\/portal2\/wp-json\/wp\/v2\/media?parent=2774"}],"wp:term":[{"taxonomy":"category","embeddable":true,"href":"https:\/\/pcb.org.br\/portal2\/wp-json\/wp\/v2\/categories?post=2774"},{"taxonomy":"post_tag","embeddable":true,"href":"https:\/\/pcb.org.br\/portal2\/wp-json\/wp\/v2\/tags?post=2774"}],"curies":[{"name":"wp","href":"https:\/\/api.w.org\/{rel}","templated":true}]}}