{"id":2777,"date":"2012-05-02T20:03:19","date_gmt":"2012-05-02T20:03:19","guid":{"rendered":"http:\/\/pcb.org.br\/portal2\/?p=2777"},"modified":"2012-05-02T20:03:19","modified_gmt":"2012-05-02T20:03:19","slug":"desaparecimento-de-comunistas-durante-a-ditadura","status":"publish","type":"post","link":"https:\/\/pcb.org.br\/portal2\/2777","title":{"rendered":"DESAPARECIMENTO DE COMUNISTAS DURANTE A DITADURA:"},"content":{"rendered":"\n<p>&#8220;Tales Faria, iG Bras\u00edlia | 02\/05\/2012 10:15:15 &#8211; Atualizada \u00e0s 02\/05\/2012 10:25:15<\/p>\n<p>Foto: Divulga\u00e7\u00e3o Capa de &#8220;Mem\u00f3rias de uma guerra suja&#8221;, da editora TopbooksEle lan\u00e7ou bombas por todo o pa\u00eds e participou, em 1981 no Rio de Janeiro, do atentado contra o show do 1\u00ba de Maio no Pavilh\u00e3o do Riocentro. Esteve envolvido no assassinato de aproximadamente uma centena de pessoas durante a ditadura militar. Trata-se de um delegado capixaba que herdou os subordinados do delegado paulista S\u00e9rgio Paranhos Fleury na linha de comando das for\u00e7as de resist\u00eancia violenta \u00e0 redemocratiza\u00e7\u00e3o do Brasil.<\/p>\n<p><a href=\"http:\/\/ultimosegundo.ig.com.br\/2012-05-02\/claudio-guerra-um-matador-que-se-diz-em-busca-da-paz.html\" target=\"_blank\">Leia tamb\u00e9m: Cl\u00e1udio Guerra, um matador que se diz em busca de paz<\/a><\/p>\n<p>Apesar disso, o nome de Cl\u00e1udio Guerra nunca esteve em listas de entidades de defesa dos direitos humanos. Mas com o lan\u00e7amento do livro \u201cMem\u00f3rias de uma guerra suja\u201d, que acaba de ser editado, esse ex-delegado do DOPS (Departamento de Ordem Pol\u00edtica e Social) entrar\u00e1 para a hist\u00f3ria como um dos principais terroristas de direita que j\u00e1 existiu no Pa\u00eds.<\/p>\n<p>Mais do que esse novo personagem, o depoimento recolhido pelos jornalistas Marcelo Netto e Rog\u00e9rio Medeiros, ao longo dos \u00faltimos dois anos, traz revela\u00e7\u00f5es bomb\u00e1sticas sobre alguns dos acontecimentos mais marcantes das d\u00e9cadas de 70 e 80.<\/p>\n<p>Revela\u00e7\u00f5es sobre o pr\u00f3prio caso do Riocentro; o assassinato do jornalista Alexandre Von Baumgarten, em 1982; a morte do delegado Fleury; a aproxima\u00e7\u00e3o entre o crime organizado e setores militares na luta para manter a repress\u00e3o; e dos nomes de alguns dos financiadores privados das a\u00e7\u00f5es do terrorismo de Estado que se estabeleceu naquele per\u00edodo.<\/p>\n<p><a href=\"http:\/\/ultimosegundo.ig.com.br\/politica\/2012-05-02\/delegado-fleury-foi-morto-pelos-militares.html%E2%80%9D\" target=\"_blank\">Leia tamb\u00e9m: &#8220;Delegado Fleury foi morto por militares&#8221;<\/a><\/p>\n<p>A reportagem do iG teve acesso ao livro, editado pela Topbooks. O relato de Cl\u00e1udio Guerra \u00e9 impressionante. T\u00e3o detalhado e objetivo que tem tudo para se tornar um dos roteiros de trabalho da Comiss\u00e3o da verdade, criada para apurar viola\u00e7\u00f5es aos direitos humanos entre 1946 e 1988, per\u00edodo que inclui a ditadura militar (1964-1988).<\/p>\n<p>David Capistrano, Massena, Kucinski e outros incinerados<\/p>\n<p>Cl\u00e1udio Guerra conta, por exemplo, como incinerou os corpos de dez presos pol\u00edticos numa usina de a\u00e7\u00facar do norte Estado do Rio de Janeiro. Corpos que nunca mais ser\u00e3o encontrados \u2013 conforme ele testemunha \u2013 de militantes de esquerda que foram torturados barbaramente.<\/p>\n<p>\u201cEm determinado momento da guerra contra os advers\u00e1rios do regime passamos a discutir o que fazer com os corpos dos eliminados na luta clandestina. Est\u00e1vamos no final de 1973. Precis\u00e1vamos ter um plano. Embora a imprensa estivesse sob censura, havia resist\u00eancia interna e no exterior contra os atos clandestinos, a tortura e as mortes.\u201d<\/p>\n<p>O delegado lembrou do ex-vice-governador do Rio de Janeiro Heli Ribeiro, propriet\u00e1rio da usina de a\u00e7\u00facar Cambahyba, localizada no munic\u00edpio de Campos, a quem ele fornecia armas regularmente para combater os sem-terra da regi\u00e3o. Heli Ribeiro, segundo conta, \u201cfaria o que fosse preciso para evitar que o comunismo tomasse o poder no Brasil\u201d.<\/p>\n<p>Cl\u00e1udio Guerra revelou a amizade com o dono da usina para seus superiores: o coronel da cavalaria do Ex\u00e9rcito Freddie Perdig\u00e3o Pereira, que trabalhava para o Servi\u00e7o Nacional de Informa\u00e7\u00f5es (SNI), e o comandante da Marinha Ant\u00f4nio Vieira, que atuava no Centro de Informa\u00e7\u00f5es da Marinha (Cenimar).<\/p>\n<p>Afirma que levou, ent\u00e3o, os dois comandantes at\u00e9 a fazenda:<\/p>\n<p>\u201cO local foi aprovado. O forno da usina era enorme. Ideal para transformar em cinzas qualquer vest\u00edgio humano.\u201d<\/p>\n<p>E lista no livro dez presos incinerados:<\/p>\n<p>&#8212; Jo\u00e3o Batista e Joaquim Pires Cerveira, presos na Argentina pela equipe do delegado Fleury;<\/p>\n<p>&#8212; Ana Rosa Kucinsk e Wilson Silva, (\u201ca mulher apresentava marcas de mordidas pelo corpo, talvez por ter sido violentada sexualmente, e o jovem n\u00e3o tinha as unhas da m\u00e3o direita\u201d);<\/p>\n<p>&#8212; David Capistrano (\u201clhe haviam arrancado a m\u00e3o direita\u201d) , Jo\u00e3o Massena Mello, Jos\u00e9 Roman e Luiz Ign\u00e1cio Maranh\u00e3o Filho, dirigentes hist\u00f3ricos do PCB;<\/p>\n<p>&#8212; Fernando Augusto Santa Cruz Oliveira e Eduardo Collier Filho, militantes da A\u00e7\u00e3o Popular Marxista Leninista (APML).<\/p>\n<p>\u201cA usina passou, em contrapartida, a receber benef\u00edcios dos militares pelos bons servi\u00e7os prestados. Era um per\u00edodo de dificuldade econ\u00f4mica e os usineiros da regi\u00e3o estavam pendurados em d\u00edvidas. Mas o pessoal da Cambahyba, n\u00e3o. Eles tinham acesso f\u00e1cil a financiamentos e outros benef\u00edcios que o Estado poderia prestar.\u201d<\/p>\n<p><strong>As informa\u00e7\u00f5es s\u00e3o do blog do Roberto Moraes.<\/strong><\/p>\n<p><a href=\"http:\/\/blogclaudioandrade.blogspot.com.br\/2012\/05\/camposjornalista-noticia-que-usina-de.html\" target=\"_blank\">http:\/\/blogclaudioandrade.blogspot.com.br<\/a><\/p>\n","protected":false},"excerpt":{"rendered":"\n\n\nCr\u00e9dito: 3.bp.blogspot\n\n\n\n\n\n\n\n\nCampos: jornalista noticia que usina de Cambahyba serviu para incinerar corpos na ditadura\n<a class=\"moretag\" href=\"https:\/\/pcb.org.br\/portal2\/2777\"> <\/a>","protected":false},"author":1,"featured_media":0,"comment_status":"open","ping_status":"open","sticky":false,"template":"","format":"standard","meta":{"jetpack_post_was_ever_published":false,"_jetpack_newsletter_access":"","_jetpack_dont_email_post_to_subs":false,"_jetpack_newsletter_tier_id":0,"_jetpack_memberships_contains_paywalled_content":false,"_jetpack_memberships_contains_paid_content":false,"footnotes":"","jetpack_publicize_message":"","jetpack_publicize_feature_enabled":true,"jetpack_social_post_already_shared":false,"jetpack_social_options":{"image_generator_settings":{"template":"highway","default_image_id":0,"font":"","enabled":false},"version":2}},"categories":[53],"tags":[],"class_list":["post-2777","post","type-post","status-publish","format-standard","hentry","category-c64-ditadura"],"jetpack_publicize_connections":[],"jetpack_featured_media_url":"","jetpack_shortlink":"https:\/\/wp.me\/p659gw-IN","jetpack-related-posts":[],"jetpack_likes_enabled":true,"jetpack_sharing_enabled":true,"_links":{"self":[{"href":"https:\/\/pcb.org.br\/portal2\/wp-json\/wp\/v2\/posts\/2777","targetHints":{"allow":["GET"]}}],"collection":[{"href":"https:\/\/pcb.org.br\/portal2\/wp-json\/wp\/v2\/posts"}],"about":[{"href":"https:\/\/pcb.org.br\/portal2\/wp-json\/wp\/v2\/types\/post"}],"author":[{"embeddable":true,"href":"https:\/\/pcb.org.br\/portal2\/wp-json\/wp\/v2\/users\/1"}],"replies":[{"embeddable":true,"href":"https:\/\/pcb.org.br\/portal2\/wp-json\/wp\/v2\/comments?post=2777"}],"version-history":[{"count":0,"href":"https:\/\/pcb.org.br\/portal2\/wp-json\/wp\/v2\/posts\/2777\/revisions"}],"wp:attachment":[{"href":"https:\/\/pcb.org.br\/portal2\/wp-json\/wp\/v2\/media?parent=2777"}],"wp:term":[{"taxonomy":"category","embeddable":true,"href":"https:\/\/pcb.org.br\/portal2\/wp-json\/wp\/v2\/categories?post=2777"},{"taxonomy":"post_tag","embeddable":true,"href":"https:\/\/pcb.org.br\/portal2\/wp-json\/wp\/v2\/tags?post=2777"}],"curies":[{"name":"wp","href":"https:\/\/api.w.org\/{rel}","templated":true}]}}