{"id":27784,"date":"2021-08-31T01:21:29","date_gmt":"2021-08-31T04:21:29","guid":{"rendered":"https:\/\/pcb.org.br\/portal2\/?p=27784"},"modified":"2021-08-31T01:21:29","modified_gmt":"2021-08-31T04:21:29","slug":"07-09-todos-as-ruas-contra-o-governo-genocida","status":"publish","type":"post","link":"https:\/\/pcb.org.br\/portal2\/27784","title":{"rendered":"07\/09: Todos \u00e0s ruas contra o governo genocida!"},"content":{"rendered":"<p><img decoding=\"async\" class=\"imagem\" title=\"imagem\" src=\"https:\/\/i0.wp.com\/lh3.googleusercontent.com\/pw\/AM-JKLUE3MO8cXuvmwaQ0Tz2PeEvcRlAMLpV54OzjWYMqJ4Q-ik8EykL5AD_U1vvxIUjc7EBVT9N38i4QzmmsHaCtH0F6n5VIG0wgHeB9-hVj0Zv-EOaCMetj5fgZUCWm2H6GQXAhM0U9PzhjPxsAltqs_Tu=w648-h430-no\" alt=\"imagem\" \/><!--more-->Nota Pol\u00edtica do PCB<\/p>\n<p>Transformar o 07 de setembro em grande manifesta\u00e7\u00e3o popular contra o governo genocida!<\/p>\n<p>Nos \u00faltimos meses, desde as articula\u00e7\u00f5es que constru\u00edram os atos nacionais do dia 29 de Maio, houve um conjunto de altera\u00e7\u00f5es significativas na conjuntura brasileira, que trazem novas oportunidades, desafios e metas aos movimentos populares, no enfrentamento \u00e0s pol\u00edticas da burguesia.<\/p>\n<p>O PCB foi um dos expoentes na articula\u00e7\u00e3o da necess\u00e1ria unidade de a\u00e7\u00e3o que congregou o campo de oposi\u00e7\u00e3o de esquerda no combate ao (des)governo Bolsonaro, em um momento de agravamento da crise social, com aumento da taxa de desemprego, da carestia, precariza\u00e7\u00e3o dos servi\u00e7os p\u00fablicos e continuidade de mortes e cont\u00e1gio pela Covid-19, fruto da pol\u00edtica genocida de Bolsonaro, Mour\u00e3o, Guedes e seus aliados.<\/p>\n<p>Se por um lado a pandemia ampliou e aprofundou as contradi\u00e7\u00f5es da crise capitalista em curso, por outro, o governo se aproveitou do fato de que as pessoas estavam impossibilitadas de sair \u00e0s ruas para se opor aos ataques do capital contra a classe trabalhadora e suas organiza\u00e7\u00f5es sociais. O retorno das manifesta\u00e7\u00f5es de rua s\u00f3 foi poss\u00edvel, a partir do 29 de Maio, quando centenas de milhares de manifestantes colocaram novamente na ordem do dia a necessidade da luta popular contra esse governo genocida.<\/p>\n<p>Por sua vez, mesmo n\u00e3o nutrindo nenhuma ilus\u00e3o com os resultados efetivos da CPI da Covid instalada no Senado, a revela\u00e7\u00e3o de esquemas de corrup\u00e7\u00e3o na contrata\u00e7\u00e3o de vacinas aumentou a desmoraliza\u00e7\u00e3o p\u00fablica do Governo e aprofundou o quadro sist\u00eamico de crise institucional, que \u00e9 apenas uma parte do complexo cen\u00e1rio de m\u00faltiplas contradi\u00e7\u00f5es que intensificam a crise pol\u00edtica e social.<\/p>\n<p>Apesar do crescente desgaste do governo, no Congresso Nacional, a burguesia segue impondo a l\u00f3gica do \u201cpassa boi, passa boiada\u201d, com a intensifica\u00e7\u00e3o dos ataques aos trabalhadores(as), ao patrim\u00f4nio p\u00fablico, aos ind\u00edgenas e ao povo em geral. Avan\u00e7am os processos de privatiza\u00e7\u00f5es, como dos Correios, da Eletrobr\u00e1s, assim como foram aprovadas a MP da grilagem das terras p\u00fablicas e a MP 1045, conhecida como \u201cminirreforma trabalhista\u201d, que cria modalidade de trabalho sem direito a f\u00e9rias, 13\u00ba sal\u00e1rio, FGTS, carteira assinada, direitos previdenci\u00e1rios, reduz o pagamento de horas extras, amplia a jornada de trabalho para algumas categorias e dificulta a fiscaliza\u00e7\u00e3o trabalhista, dentre outros retrocessos. Al\u00e9m disso, continua a ofensiva para aprovar a contrarreforma administrativa, que visa acabar com os direitos dos servidores e destruir os servi\u00e7os p\u00fablicos.<\/p>\n<p>Com o aumento das tens\u00f5es envolvendo o Governo Bolsonaro, o Judici\u00e1rio e os Governadores de Estado, torna-se ainda mais descarado o flerte de setores reacion\u00e1rios (empres\u00e1rios, latifundi\u00e1rios, militares da reserva e das for\u00e7as de seguran\u00e7a p\u00fablica em diversos Estados) com o golpismo. As amea\u00e7as golpistas n\u00e3o podem ser subestimadas ou vistas apenas como uma \u201cchantagem\u201d institucional frente \u00e0s crescentes evid\u00eancias de crimes de responsabilidade, ind\u00edcios de corrup\u00e7\u00e3o e consequente possibilidade de penaliza\u00e7\u00e3o dos representantes do Governo.<\/p>\n<p>H\u00e1 que se levar em conta que uma parcela das for\u00e7as militares j\u00e1 demonstrou estar conivente com essas aspira\u00e7\u00f5es golpistas e que, apesar de n\u00e3o estarmos em um contexto de avan\u00e7os significativos na luta de classes a favor dos(as) trabalhadores(as), o intento antidemocr\u00e1tico e autocr\u00e1tico vem sendo alimentado h\u00e1 tempos por esse Governo, em nome do anticomunismo, da \u201cdefesa da p\u00e1tria\u201d e da pauta de costumes, ret\u00f3rica que continua embalando as hordas reacion\u00e1rias cada vez mais radicalizadas e dispostas \u00e0 promo\u00e7\u00e3o da viol\u00eancia aberta e do golpismo. Essa t\u00e1tica revela o isolamento e, ao mesmo tempo, o desespero desse governo criminoso, que busca criar subterf\u00fagios para desviar a aten\u00e7\u00e3o da grave crise social, da ina\u00e7\u00e3o durante a pandemia, com a escalada das mortes de cerca de 600 mil pessoas, e do malogro das medidas econ\u00f4micas que n\u00e3o conseguem retirar o pa\u00eds da recess\u00e3o.<\/p>\n<p>Mas as tentativas golpistas do presidente genocida e seus seguidores n\u00e3o devem intimidar as for\u00e7as populares, nem lev\u00e1-las \u00e0 perplexidade ou ao des\u00e2nimo. Pelo contr\u00e1rio, a hora \u00e9 de fortalecer o trabalho de base, a organiza\u00e7\u00e3o e mobiliza\u00e7\u00e3o dos trabalhadores, das trabalhadoras, da juventude e da popula\u00e7\u00e3o pobre em geral para responder com firmeza e combatividade \u00e0 chantagem golpista, atrav\u00e9s de grandes manifesta\u00e7\u00f5es de massas nas ruas e da constru\u00e7\u00e3o de um processo de greve geral para derrotar esse governo e barrar os ataques do capital. Na luta de classes sempre h\u00e1 riscos, mas o pior que pode acontecer \u00e9 deixar de se contrapor, de maneira firme, ao inimigo que est\u00e1 ensandecido. A hora \u00e9 de avan\u00e7ar na luta!<\/p>\n<p>Para garantir a intensifica\u00e7\u00e3o das manifesta\u00e7\u00f5es de rua em atos que congreguem centenas de milhares de manifestantes nas principais cidades do pa\u00eds, \u00e9 preciso combinar a luta pol\u00edtica pelo Fora Bolsonaro-Mour\u00e3o com as reivindica\u00e7\u00f5es concretas dos trabalhadores e das trabalhadoras. Este \u00e9 o mote que deve nortear as palavras de ordem para sensibilizar a popula\u00e7\u00e3o a ir \u00e0 luta. Lutar pela queda desse governo antes de 2022 \u00e9 lutar contra a carestia, contra o aumento do pre\u00e7o do arroz, do feij\u00e3o, do g\u00e1s, do \u00f3leo, da luz, da gasolina, em defesa dos Correios, da Eletrobr\u00e1s, contra a reforma administrativa. Estes s\u00e3o temas que est\u00e3o na ordem do dia e que devem ser denunciados como resultado da pol\u00edtica do governo em favor apenas dos lucros capitalistas. Para mobilizar a popula\u00e7\u00e3o contra esse descalabro, \u00e9 fundamental que as for\u00e7as populares organizem Comit\u00eas Populares nos locais de trabalho, nas escolas, universidades e nos bairros, para enraizar entre as massas a luta popular contra esse governo criminoso e a burguesia que o sustenta.<\/p>\n<p>Tem sido um grande desafio o processo de constru\u00e7\u00e3o coletiva pois, se por um lado temos o entendimento de que nenhuma organiza\u00e7\u00e3o isoladamente tem condi\u00e7\u00f5es de organizar a necess\u00e1ria resist\u00eancia da classe trabalhadora nas ruas nesse contexto de recrudescimento neoliberal e crise sanit\u00e1ria, por sua vez, temos tamb\u00e9m a clareza das diferen\u00e7as de opini\u00e3o e das limita\u00e7\u00f5es na constru\u00e7\u00e3o da t\u00e1tica da Campanha Fora Bolsonaro, que muitas vezes nos colocam em contraposi\u00e7\u00e3o \u00e0s tend\u00eancias que apostam todas fichas nas elei\u00e7\u00f5es de 2022 para a resolu\u00e7\u00e3o dos antagonismos vivenciados pela classe trabalhadora.<\/p>\n<p>Se por um lado h\u00e1 contradi\u00e7\u00f5es e diverg\u00eancias inevit\u00e1veis nesse processo em curso, deve-se ressaltar a import\u00e2ncia da articula\u00e7\u00e3o da Campanha Fora Bolsonaro em n\u00edvel nacional, no que diz respeito \u00e0 retomada das manifesta\u00e7\u00f5es de rua, que muito contribuem para o desgaste do governo genocida e para refor\u00e7ar as lutas em defesa dos direitos da classe trabalhadora e pelas liberdades democr\u00e1ticas. Vale destacar que nessas manifesta\u00e7\u00f5es os comunistas t\u00eam tido oportunidade de manifestar suas bandeiras estrat\u00e9gicas junto a diversos setores, fortalecendo nossa atua\u00e7\u00e3o de massa para al\u00e9m da articula\u00e7\u00e3o da unidade de a\u00e7\u00e3o no interior das frentes nacionais de oposi\u00e7\u00e3o a Bolsonaro.<\/p>\n<p>O PCB, junto com outras organiza\u00e7\u00f5es classistas, tem sido, em diversas cidades, um dos protagonistas desse processo e isso tem elevado o grau de nossa experi\u00eancia concreta de organiza\u00e7\u00e3o, disciplina, agita\u00e7\u00e3o e propaganda revolucion\u00e1ria, que se equaciona na din\u00e2mica da luta em diversas regi\u00f5es e nos fortalece com o aprendizado coletivo. Continuaremos investindo na constru\u00e7\u00e3o da unidade de a\u00e7\u00e3o, fundamental para dar sequ\u00eancia \u00e0 constru\u00e7\u00e3o dos atos nacionais pelo Fora Bolsonaro-Mour\u00e3o e sua pol\u00edtica genocida, reacion\u00e1ria e ultraliberal, sem sectarismos e vanguardismos que possam dividir as for\u00e7as de esquerda, tampouco e sobretudo sem capitular perante a concilia\u00e7\u00e3o de classes, que prioriza o processo eleitoral e deixa de incentivar a mobiliza\u00e7\u00e3o popular no necess\u00e1rio e imediato enfrentamento ao governo e aos retrocessos impostos pela burguesia.<\/p>\n<p>Nesse momento de recrudescimento das provoca\u00e7\u00f5es fascistas, com a proximidade dos Atos do Grito dos Exclu\u00eddos e do Fora Bolsonaro em 07 de Setembro, os comunistas devem ampliar e intensificar o trabalho de base, a agita\u00e7\u00e3o e propaganda e as den\u00fancias contra o governo burgu\u00eas de plant\u00e3o, respons\u00e1vel maior pela destrui\u00e7\u00e3o de direitos e conquistas sociais, pelo aumento da mis\u00e9ria, do desemprego e da viol\u00eancia contra a classe trabalhadora, pois trata-se de um governo que age a servi\u00e7o dos interesses capitalistas e do imperialismo. Os problemas do nosso povo n\u00e3o se resolver\u00e3o nos marcos desse sistema de explora\u00e7\u00e3o, mis\u00e9ria e viol\u00eancia em que vivemos. \u00c9 preciso seguir firme na luta pelo poder popular e pelo socialismo!<\/p>\n<p>Nesse sentido, na semana que antecede o dia 07 de Setembro, devemos organizar jornadas de agita\u00e7\u00e3o e propaganda em todas as cidades onde estamos organizados, com foco em locais de grande circula\u00e7\u00e3o de trabalhadores(as), tais como: esta\u00e7\u00f5es de trem, metr\u00f4, barcas e \u00f4nibus urbanos, portas de f\u00e1bricas, escolas e universidades em que estiverem ocorrendo aulas presenciais, pra\u00e7as p\u00fablicas e, com especial aten\u00e7\u00e3o, nas regi\u00f5es de moradias populares.<\/p>\n<p>N\u00e3o devemos cair em provoca\u00e7\u00f5es que tentam desmobilizar as manifesta\u00e7\u00f5es da oposi\u00e7\u00e3o. Tampouco aceitaremos ataques e investidas contra nosso direito de protestar e denunciar os crimes de Bolsonaro e sua falange de milicianos e gangsters no Congresso.<\/p>\n<p>Vamos construir um grande 07 de Setembro unit\u00e1rio, com muita disposi\u00e7\u00e3o de luta para barrar as amea\u00e7as golpistas, os ataques do capital e aumentar a press\u00e3o pol\u00edtica contra esse governo genocida, corrupto e autorit\u00e1rio.<\/p>\n<p>Fora Bolsonaro, Mour\u00e3o e Guedes! Impeachment J\u00e1!<\/p>\n<p>Basta de desemprego, mis\u00e9ria e fome!<\/p>\n<p>Em defesa dos direitos da classe trabalhadora, construir a Greve Geral!<\/p>\n<p>N\u00e3o \u00e0 privatiza\u00e7\u00e3o das estatais e \u00e0 destrui\u00e7\u00e3o dos servi\u00e7os p\u00fablicos!<\/p>\n<p>Em defesa dos povos origin\u00e1rios!<\/p>\n<p>Pelo Poder Popular na constru\u00e7\u00e3o do Socialismo!<\/p>\n<p>Comiss\u00e3o Pol\u00edtica Nacional do Partido Comunista Brasileiro &#8211; PCB<\/p>\n","protected":false},"excerpt":{"rendered":"<a class=\"moretag\" href=\"https:\/\/pcb.org.br\/portal2\/27784\"> <\/a>","protected":false},"author":1,"featured_media":0,"comment_status":"closed","ping_status":"closed","sticky":false,"template":"","format":"standard","meta":{"jetpack_post_was_ever_published":false,"_jetpack_newsletter_access":"","_jetpack_dont_email_post_to_subs":false,"_jetpack_newsletter_tier_id":0,"_jetpack_memberships_contains_paywalled_content":false,"_jetpack_memberships_contains_paid_content":false,"footnotes":"","jetpack_publicize_message":"","jetpack_publicize_feature_enabled":true,"jetpack_social_post_already_shared":true,"jetpack_social_options":{"image_generator_settings":{"template":"highway","default_image_id":0,"font":"","enabled":false},"version":2}},"categories":[26],"tags":[219],"class_list":["post-27784","post","type-post","status-publish","format-standard","hentry","category-c25-notas-politicas-do-pcb","tag-manchete"],"jetpack_publicize_connections":[],"jetpack_featured_media_url":"","jetpack_shortlink":"https:\/\/wp.me\/p659gw-7e8","jetpack-related-posts":[],"jetpack_likes_enabled":true,"jetpack_sharing_enabled":true,"_links":{"self":[{"href":"https:\/\/pcb.org.br\/portal2\/wp-json\/wp\/v2\/posts\/27784","targetHints":{"allow":["GET"]}}],"collection":[{"href":"https:\/\/pcb.org.br\/portal2\/wp-json\/wp\/v2\/posts"}],"about":[{"href":"https:\/\/pcb.org.br\/portal2\/wp-json\/wp\/v2\/types\/post"}],"author":[{"embeddable":true,"href":"https:\/\/pcb.org.br\/portal2\/wp-json\/wp\/v2\/users\/1"}],"replies":[{"embeddable":true,"href":"https:\/\/pcb.org.br\/portal2\/wp-json\/wp\/v2\/comments?post=27784"}],"version-history":[{"count":0,"href":"https:\/\/pcb.org.br\/portal2\/wp-json\/wp\/v2\/posts\/27784\/revisions"}],"wp:attachment":[{"href":"https:\/\/pcb.org.br\/portal2\/wp-json\/wp\/v2\/media?parent=27784"}],"wp:term":[{"taxonomy":"category","embeddable":true,"href":"https:\/\/pcb.org.br\/portal2\/wp-json\/wp\/v2\/categories?post=27784"},{"taxonomy":"post_tag","embeddable":true,"href":"https:\/\/pcb.org.br\/portal2\/wp-json\/wp\/v2\/tags?post=27784"}],"curies":[{"name":"wp","href":"https:\/\/api.w.org\/{rel}","templated":true}]}}