{"id":27790,"date":"2021-09-02T23:49:58","date_gmt":"2021-09-03T02:49:58","guid":{"rendered":"https:\/\/pcb.org.br\/portal2\/?p=27790"},"modified":"2021-09-02T23:49:58","modified_gmt":"2021-09-03T02:49:58","slug":"derrotar-o-golpismo-e-construir-a-greve-geral","status":"publish","type":"post","link":"https:\/\/pcb.org.br\/portal2\/27790","title":{"rendered":"Derrotar o golpismo e construir a greve geral!"},"content":{"rendered":"<p><img decoding=\"async\" class=\"imagem\" title=\"imagem\" src=\"https:\/\/i0.wp.com\/pbs.twimg.com\/media\/E-Ou0jFWQAAW-ft.jpg\" alt=\"imagem\" \/><!--more-->Construir o 7 de setembro da classe trabalhadora, derrotar o golpismo nas ruas e construir a Greve Geral<\/p>\n<p>Coordena\u00e7\u00e3o Nacional da Uni\u00e3o da Juventude Comunista (UJC)<\/p>\n<p>Vivemos um per\u00edodo de grandes movimentos das classes sociais na conjuntura nacional e internacional. Nos \u00faltimos meses, v\u00e1rios pa\u00edses retomaram suas atividades normalmente, mas os trabalhadores j\u00e1 sofrem com os pacotes de austeridade, agora justificados pelos \u201cgastos\u201d com a pandemia.<\/p>\n<p>No Brasil, j\u00e1 podemos fazer uma avalia\u00e7\u00e3o preliminar do ciclo de lutas que aconteceu entre os meses de maio e julho. A gravidade da pandemia do coronav\u00edrus em nosso pa\u00eds, amplificada pela pol\u00edtica das classes dominantes de absoluto descaso e sabotagem com a vacina e condi\u00e7\u00f5es sanit\u00e1rias para os trabalhadores e a juventude, produziu um quadro de genoc\u00eddio, com mais de 580 mil brasileiros mortos pela doen\u00e7a.<\/p>\n<p>Desde o come\u00e7o da pandemia, a degrada\u00e7\u00e3o das condi\u00e7\u00f5es de vida dos trabalhadores e da juventude, somada \u00e0s ofensivas do governo de extrema-direita contra as liberdades democr\u00e1ticas fez crescer o sentimento de indigna\u00e7\u00e3o das massas. A consci\u00eancia da necessidade de lutar veio \u00e0 tona como pr\u00e1tica pol\u00edtica nas manifesta\u00e7\u00f5es impulsionadas pelo movimento negro e pelas torcidas antifascistas, ainda em 2020, seguidas pelo grande sucesso do 1\u00ba grande ato nacional Fora Bolsonaro, em 29 de maio deste ano.<\/p>\n<p>Esse dia deu in\u00edcio a um calend\u00e1rio de lutas de mais tr\u00eas grandes manifesta\u00e7\u00f5es e duas incorpora\u00e7\u00f5es de calend\u00e1rios de lutas ligados ao setor estatal, contra a privatiza\u00e7\u00e3o dos Correios e contra a Reforma Administrativa. Al\u00e9m disso, testemunhamos nos \u00faltimos meses uma grande mobiliza\u00e7\u00e3o dos povos ind\u00edgenas que j\u00e1 conseguiram organizar dois grandes dias de luta em Bras\u00edlia, al\u00e9m de terem mantido um acampamento desde 22 de agosto que j\u00e1 conta com mais de seis mil integrantes, para pressionar contra o Marco Temporal de demarca\u00e7\u00e3o de terras, um ataque frontal \u00e0 autodetermina\u00e7\u00e3o ind\u00edgena, impulsionado por setores do agroneg\u00f3cio e do extrativismo que desejam expandir a produ\u00e7\u00e3o para exporta\u00e7\u00e3o, se aproveitando da alta do d\u00f3lar.<\/p>\n<p>Os dias 29 de maio, 19 de junho, 3 de julho e 24 de julho foram demonstra\u00e7\u00f5es da pot\u00eancia existente na classe trabalhadora brasileira, com grande destaque para os setores da juventude, que t\u00eam se destacado e reivindicado condi\u00e7\u00f5es de vida melhores, como a gera\u00e7\u00e3o de empregos e a vacina\u00e7\u00e3o, que ainda n\u00e3o chegou na maior parte dos brasileiros em geral e da juventude em particular.<\/p>\n<p>Apesar dessa pot\u00eancia, os ataques seguem \u00e0 juventude. O movimento estudantil, de forma geral, que tem sido um dos principais motores do movimento social nos \u00faltimos anos, encontra-se ainda mais fragmentado do que antes, em fun\u00e7\u00e3o do impacto do ensino remoto na capacidade de mobiliza\u00e7\u00e3o efetiva dos estudantes. Desde a escola b\u00e1sica at\u00e9 a p\u00f3s-gradu\u00e7\u00e3o, vemos o esvaziamento de entidades por parte das dificuldades objetivas dos estudantes, mas tamb\u00e9m dificuldades subjetivas, fruto de problemas de sa\u00fade mental causados pelo isolamento e pelo ensino remoto em si.<\/p>\n<p>Nesse cen\u00e1rio, diversos governos, desde o federal a prefeituras, t\u00eam organizado \u201cplanos de retomada\u201d das aulas presenciais que n\u00e3o garantem qualquer seguran\u00e7a sanit\u00e1ria e n\u00e3o t\u00eam qualquer liga\u00e7\u00e3o com os planos de vacina\u00e7\u00e3o vigentes. O impacto dessas medidas n\u00e3o pode ser outro: teremos mais e mais estudantes infectados pelo coronav\u00edrus com a retomada das aulas. Devemos defender claramente que n\u00e3o \u00e9 poss\u00edvel retomar as aulas, nem nas escolas nem nas universidades, sem um plano de investimentos em sa\u00fade e educa\u00e7\u00e3o que acelere as vacina\u00e7\u00f5es e garanta estruturas sanit\u00e1rias adequadas.<\/p>\n<p>Entre os jovens trabalhadores, a situa\u00e7\u00e3o \u00e9 ainda pior. O desemprego avan\u00e7a de maneira acelerad\u00edssima no pa\u00eds, colocando os trabalhadores rec\u00e9m-ingressos no mundo do trabalho sempre na possibilidade de demiss\u00f5es e de n\u00e3o conseguir seu pr\u00f3prio sustento e de suas fam\u00edlias. Os setores da burguesia que conseguiram adaptar seus neg\u00f3cios ao trabalho remoto, como algumas empresas de telemarketing, inclusive economizaram com gastos de equipamento e infraestrutura ao manterem seus trabalhadores em casa. Outros, como o varejo, pressionaram intensamente os governos e prefeituras pela abertura do acesso a lojas e shoppings, colocando seus lucros acima de qualquer seguran\u00e7a para trabalhadores que atendem centenas ou milhares de clientes por dia. Al\u00e9m disso, os setores do mercado informal e dos \u201ctrabalhadores por aplicativo\u201d tamb\u00e9m mantiveram suas atividades durante toda a pandemia, sem sequer a possibilidade de adentrar planos de conten\u00e7\u00e3o de danos como a lei da redu\u00e7\u00e3o de carga ou suspens\u00e3o tempor\u00e1ria.<\/p>\n<p>Mas talvez nenhum ataque seria t\u00e3o s\u00e9rio \u00e0 classe trabalhadora, especialmente aos mais jovens, do que a Medida Provis\u00f3ria 1045, aprovada para se tornar lei na C\u00e2mara dos Deputados no dia 10 de agosto. Se tornada Lei, a MP 1045 funcionaria como uma nova reforma trabalhista, abrindo possibilidade de regimes de contrata\u00e7\u00e3o com uma imensa redu\u00e7\u00e3o dos direitos trabalhistas (como o n\u00e3o registro na CTPS, sem f\u00e9rias, sem 13\u00ba sal\u00e1rio, redu\u00e7\u00e3o ou anula\u00e7\u00e3o do FGTS). Junto \u00e0 Contrarreforma Trabalhista do Governo Temer, seria mais um golpe, especialmente dado aos setores jovens \u2013 golpe que, inclusive, ajudaria a mascarar o amplo desemprego, aumentando temporariamente a empregabilidade com baix\u00edssimas condi\u00e7\u00f5es de trabalho e precariza\u00e7\u00e3o total. A pauta seguiu para o Senado e foi rejeitada em 1\u00ba de setembro, mas retrocessos como estes somente ser\u00e3o derrubados definitivamente se houver um amplo movimento de massas de rep\u00fadio aos ataques do capital contra a classe trabalhadora e a juventude.<\/p>\n<p>Nessa conjuntura t\u00e3o adversa, temos grandes tarefas junto ao movimento de massas. Em primeiro lugar, \u00e9 preciso recolocar as entidades estudantis a servi\u00e7o da luta contra a retomada de aulas presenciais antes que a pandemia esteja superada e politizar o debate acerca da necessidade de reestrutura\u00e7\u00e3o das entidades e mobiliza\u00e7\u00e3o efetiva dos estudantes como eixo central de trabalho. N\u00e3o podemos nos contentar com apresentar ao governo pedidos de reuni\u00f5es ou audi\u00eancias, ou ficar perseguindo performaticamente o Ministro da Educa\u00e7\u00e3o em sua agenda p\u00fablica. \u00c9 preciso reconstruir o Movimento Estudantil combatendo a perspectiva burocr\u00e1tica e simb\u00f3lica das atuais dire\u00e7\u00f5es majorit\u00e1rias. N\u00e3o conseguiremos avan\u00e7ar plenamente para a constru\u00e7\u00e3o de um projeto estrat\u00e9gico de educa\u00e7\u00e3o, a Universidade Popular, se n\u00e3o houver uma base estudantil mobilizada e consciente, que ser\u00e1 conquistada nas lutas defensivas que enfrentamos hoje.<\/p>\n<p>Em segundo lugar, \u00e9 preciso fortalecer as mobiliza\u00e7\u00f5es e a discuss\u00e3o program\u00e1tica dos jovens trabalhadores, ainda apartados, em sua maioria, do conjunto do movimento sindical. Sabemos que, nas \u00faltimas d\u00e9cadas, a hegemonia reformista nesses aparelhos serviram para apassivar e desmobilizar nossa classe, assim como afastou os jovens trabalhadores de qualquer perspectiva de luta sindical. \u00c9 preciso demonstrar que a Carteira Verde e Amarela e outras inven\u00e7\u00f5es burguesas, operadas pelo governo Bolsonaro e Mour\u00e3o, n\u00e3o s\u00e3o solu\u00e7\u00e3o para nossa crise do desemprego \u2013 elas aprofundar\u00e3o a crise na juventude trabalhadora. Da mesma maneira, afirmamos que a pauta central de revoga\u00e7\u00e3o das contrarreformas (trabalhista, previdenci\u00e1ria, EC do Teto de Gastos) s\u00e3o centrais para barrar o estrangulamento do investimento p\u00fablico nos servi\u00e7os mais essenciais aos trabalhadores brasileiros, como sa\u00fade e educa\u00e7\u00e3o. A unifica\u00e7\u00e3o do setor da juventude, estudantil ou trabalhador, com o movimento oper\u00e1rio e sindical \u00e9 a grande arma que teremos para recha\u00e7ar a falta de direcionamento pol\u00edtico das principais dire\u00e7\u00f5es sindicais, como demonstrado no \u00faltimo posicionamento do F\u00f3rum das Centrais, que sequer aponta a necessidade do impeachment de Bolsonaro.<\/p>\n<p>A tarefa fundamental do momento \u00e9 reverter o saldo do movimento de massas que tomou as ruas nos meses de maio, junho, julho e agosto em um grande trabalho junto \u00e0s diversas categorias de trabalhadores e estudantes, na perspectiva da constru\u00e7\u00e3o da Greve Geral. Sem um dia de paralisa\u00e7\u00e3o nacional que efetivamente coloque em contraposi\u00e7\u00e3o toda a classe trabalhadora contra toda a classe burguesa em nosso pa\u00eds, n\u00f3s n\u00e3o conquistaremos o salto de qualidade necess\u00e1rio para passar de nossa atual posi\u00e7\u00e3o defensiva para uma posi\u00e7\u00e3o ofensiva do movimento dos trabalhadores e da juventude.<\/p>\n<p>O pr\u00f3ximo passo nessa tarefa fundamental \u00e9 a constru\u00e7\u00e3o org\u00e2nica e massiva dos atos do dia 7 de setembro. As for\u00e7as da extrema direita, apoiadas financeiramente por empres\u00e1rios e figuras pol\u00edticas que os apoiam e seguem seu programa, t\u00eam se utilizado da data comemorativa da independ\u00eancia para criar um fato pol\u00edtico que justifique, na opini\u00e3o p\u00fablica, os anseios golpistas da c\u00fapula do Governo Bolsonaro-Mour\u00e3o e atue como t\u00e1tica de diversionismo em rela\u00e7\u00e3o ao programa econ\u00f4mico que unifica toda a burguesia nacional e internacional. Eles, inclusive, defendem hipocritamente a independ\u00eancia, mas apoiam-se no apoio imperialista estadunidense e europeu para desvalorizar nossa moeda e melhorar a pauta de agroexporta\u00e7\u00f5es, principal afluxo de lucros para a classe dominante brasileira.<\/p>\n<p>Nosso dever \u00e9 N\u00c3O SAIR DAS RUAS! A presen\u00e7a marcante e coesa do movimento de juventude nas manifesta\u00e7\u00f5es do dia 7 de setembro ser\u00e1 a prova de fogo da capacidade de manter acesas as mobiliza\u00e7\u00f5es populares, em uma conjuntura em que os setores reformistas j\u00e1 t\u00eam deixado de lado nossa classe e apostado nas alian\u00e7as com os representantes da burguesia. Sabemos que muitos setores da classe trabalhadora est\u00e3o temerosos de resultados desastrosos desse dia 7, como a possibilidade de viol\u00eancia da extrema direita.<\/p>\n<p>Estendemos nossa m\u00e3o em solidariedade a toda a juventude que est\u00e1 em d\u00favida se deve participar ou n\u00e3o dos atos, e dizemos claramente: estaremos tanto mais seguros quanto mais numerosos formos! Nossa \u00fanica alternativa, frente ao bloco dominante, \u00e9 a constru\u00e7\u00e3o de fortes mobiliza\u00e7\u00f5es, por um 7 de setembro da classe trabalhadora que derrote os anseios golpistas do bolsonarismo e da extrema direita e ajude a construir a confian\u00e7a pol\u00edtica e a mobiliza\u00e7\u00e3o da classe trabalhadora pela classe trabalhadora.<\/p>\n","protected":false},"excerpt":{"rendered":"<a class=\"moretag\" href=\"https:\/\/pcb.org.br\/portal2\/27790\"> <\/a>","protected":false},"author":1,"featured_media":0,"comment_status":"closed","ping_status":"closed","sticky":false,"template":"","format":"standard","meta":{"jetpack_post_was_ever_published":false,"_jetpack_newsletter_access":"","_jetpack_dont_email_post_to_subs":false,"_jetpack_newsletter_tier_id":0,"_jetpack_memberships_contains_paywalled_content":false,"_jetpack_memberships_contains_paid_content":false,"footnotes":"","jetpack_publicize_message":"","jetpack_publicize_feature_enabled":true,"jetpack_social_post_already_shared":true,"jetpack_social_options":{"image_generator_settings":{"template":"highway","default_image_id":0,"font":"","enabled":false},"version":2}},"categories":[27],"tags":[222],"class_list":["post-27790","post","type-post","status-publish","format-standard","hentry","category-c27-ujc","tag-2b"],"jetpack_publicize_connections":[],"jetpack_featured_media_url":"","jetpack_shortlink":"https:\/\/wp.me\/p659gw-7ee","jetpack-related-posts":[],"jetpack_likes_enabled":true,"jetpack_sharing_enabled":true,"_links":{"self":[{"href":"https:\/\/pcb.org.br\/portal2\/wp-json\/wp\/v2\/posts\/27790","targetHints":{"allow":["GET"]}}],"collection":[{"href":"https:\/\/pcb.org.br\/portal2\/wp-json\/wp\/v2\/posts"}],"about":[{"href":"https:\/\/pcb.org.br\/portal2\/wp-json\/wp\/v2\/types\/post"}],"author":[{"embeddable":true,"href":"https:\/\/pcb.org.br\/portal2\/wp-json\/wp\/v2\/users\/1"}],"replies":[{"embeddable":true,"href":"https:\/\/pcb.org.br\/portal2\/wp-json\/wp\/v2\/comments?post=27790"}],"version-history":[{"count":0,"href":"https:\/\/pcb.org.br\/portal2\/wp-json\/wp\/v2\/posts\/27790\/revisions"}],"wp:attachment":[{"href":"https:\/\/pcb.org.br\/portal2\/wp-json\/wp\/v2\/media?parent=27790"}],"wp:term":[{"taxonomy":"category","embeddable":true,"href":"https:\/\/pcb.org.br\/portal2\/wp-json\/wp\/v2\/categories?post=27790"},{"taxonomy":"post_tag","embeddable":true,"href":"https:\/\/pcb.org.br\/portal2\/wp-json\/wp\/v2\/tags?post=27790"}],"curies":[{"name":"wp","href":"https:\/\/api.w.org\/{rel}","templated":true}]}}