{"id":27823,"date":"2021-09-11T22:06:13","date_gmt":"2021-09-12T01:06:13","guid":{"rendered":"https:\/\/pcb.org.br\/portal2\/?p=27823"},"modified":"2021-09-11T22:06:13","modified_gmt":"2021-09-12T01:06:13","slug":"nenhuma-ilusao-com-o-recuo-de-bolsonaro","status":"publish","type":"post","link":"https:\/\/pcb.org.br\/portal2\/27823","title":{"rendered":"Nenhuma ilus\u00e3o com o recuo de Bolsonaro"},"content":{"rendered":"<p><img decoding=\"async\" class=\"imagem\" title=\"imagem\" src=\"https:\/\/i0.wp.com\/lh3.googleusercontent.com\/pw\/AM-JKLVUeNnElYnMEYT30Gs9KYZRYKmaSs6g73h9djDTNkPBX-PWjwkPqeueHAW8qjXVm6bFXvptaj7ObOUy_LzYetsUmQRQvx9y3saXqwoSfRqCw9VJuXOEwiIOmUkmZ12cgubr5CWMWgG1P_YMWhPdP_eC=w640-h638-no\" alt=\"imagem\" \/><!--more-->N\u00c3O NOS ILUDAMOS COM O APARENTE RECUO DE BOLSONARO:<br \/>\nMuito menos com as manifesta\u00e7\u00f5es deste domingo!<\/p>\n<p>Ivan Pinheiro<br \/>\n(10 de setembro de 2021)<\/p>\n<p>No in\u00edcio da noite de ontem (09\/09), tornou-se p\u00fablica a vergonhosa e c\u00ednica \u201cDeclara\u00e7\u00e3o \u00e0 Na\u00e7\u00e3o\u201d, atrav\u00e9s da qual Bolsonaro recua de suas amea\u00e7as feitas no 7 de setembro, dizendo agora que n\u00e3o teve \u201cinten\u00e7\u00e3o de agredir quaisquer poderes\u201d e que suas palavras \u201cpor vezes contundentes, decorreram do calor do momento\u201d.<\/p>\n<p>N\u00e3o h\u00e1 d\u00favidas de que o falso valent\u00e3o fascista foi momentaneamente<br \/>\nenquadrado pelo \u201ccomit\u00ea central da burguesia\u201d, ao qual servem em tarefas operativas os comandos das for\u00e7as armadas, do judici\u00e1rio e do parlamento.<\/p>\n<p>Com a hegemonia absoluta de que desfrutam em nosso pa\u00eds, ainda mais com o predom\u00ednio do sindicalismo pelego e do reformismo na chamada esquerda, nesta quadra as classes dominantes n\u00e3o precisam de golpes, ditaduras e muito menos do fascismo, armas a que recorrem para manter<br \/>\nseus interesses, diante do ascenso de lutas populares, de riscos de insurrei\u00e7\u00f5es e at\u00e9 mesmo de modestas reformas progressistas.<\/p>\n<p>Mas mesmo Bolsonaro tendendo a partir de agora a perder em entusiasmo entre a parte mais radicalizada de seus apoiadores que foram \u00e0s ruas respaldar a farsa da amea\u00e7a de golpe, o germe do fascismo restar\u00e1 em nossa sociedade como heran\u00e7a maldita da ofensiva reacion\u00e1ria, a partir<br \/>\nde 2013, contra o reformismo cosm\u00e9tico e conciliador dos governos petistas, que n\u00e3o ousaram sequer tocar de leve nos fundamentos estruturais do capitalismo.<\/p>\n<p>Essa ofensiva, insuflada pela m\u00eddia burguesa e operada por muitos atores e institui\u00e7\u00f5es que hoje se vestem de democratas, pavimentou o impedimento de Dilma e o caminho de Bolsonaro \u00e0 Presid\u00eancia, com o objetivo de avan\u00e7ar a pauta de contrarreformas que o petismo tinha dificuldade de oferecer com a pressa e a intensidade exigidas pelo capital. Curiosamente, por agora atrapalh\u00e1-las, Bolsonaro pode vir a ter o mesmo destino.<\/p>\n<p>Mas n\u00e3o \u00e9 hora de fazer progn\u00f3sticos. A partir de agora, tudo pode acontecer, inclusive o presidente da C\u00e2mara rasgar ou desengavetar os pedidos de impeachment ou ainda a costura de um pacto no andar de cima, em que Bolsonaro siga como figura decorativa, a troco de uma garantia de n\u00e3o puni\u00e7\u00e3o a ele e seus zeros filhos.<\/p>\n<p>N\u00e3o podemos descartar inclusive um novo surto golpista do inacredit\u00e1vel presidente, por press\u00e3o dos que hoje lhe cobram, com raz\u00e3o, o sacrif\u00edcio com que se entregaram para militar a favor do \u201cmomento hist\u00f3rico\u201d que imaginavam protagonizar e dos riscos que correram como soldados do alucinado capit\u00e3o de bravata. O problema \u00e9 que, independente de Bolsonaro, consolidou-se uma direita fascista org\u00e2nica e articulada, como se depreende da invas\u00e3o da Esplanada dos Minist\u00e9rios, na noite do 6 de setembro, e no posterior bloqueio de rodovias. Muita \u00e1gua vai rolar ainda debaixo desta ponte.<\/p>\n<p>Mas n\u00e3o posso deixar de registrar minhas preocupa\u00e7\u00f5es com a posi\u00e7\u00e3o de algumas for\u00e7as tidas como \u201cde esquerda\u201d, em face das anunciadas manifesta\u00e7\u00f5es deste domingo, 12 de setembro. Em an\u00e1lise de conjuntura que expus no programa que o canal O Poder Popular transmitiu neste 7 de setembro, defendi que as for\u00e7as anticapitalistas e anti-imperialistas n\u00e3o poderiam descartar, de forma doutrinarista, a disputa pol\u00edtica de manifesta\u00e7\u00f5es antibolsonaristas, com independ\u00eancia e unidade, ainda que elas se ampliem com a ades\u00e3o de setores liberais e conservadores. Esta \u00e9 uma quest\u00e3o de natureza t\u00e1tica,<br \/>\nn\u00e3o de princ\u00edpio.<\/p>\n<p>Mas este definitivamente n\u00e3o \u00e9 o caso das manifesta\u00e7\u00f5es convocadas para este 12 de setembro. N\u00e3o se trata de iniciativa para se somar \u00e0s lutas em curso, mas de um atalho para desviar seus rumos.<br \/>\nCitei como exemplo o acerto de termos participado de lutas unit\u00e1rias, como aquelas por elei\u00e7\u00f5es diretas (1984), mesmo quando &#8211; por conta de uma correla\u00e7\u00e3o de for\u00e7as desfavor\u00e1vel, para a qual contribuiu o<br \/>\nreformismo e a falta de independ\u00eancia de classe do PCB &#8211; elas foram aparelhadas por setores das classes dominantes, que trataram de conduzi-las para solu\u00e7\u00f5es que correspondiam a seus interesses. O mesmo ocorreu mais tarde no \u201cFora Collor\u201d.<\/p>\n<p>A insist\u00eancia do PCB na pol\u00edtica de frente ampla, equivocada desde o in\u00edcio dos anos 1980, contribuiu para o pacto de elites que resultou na elei\u00e7\u00e3o indireta de Tancredo e Sarney e na chamada \u201ctransi\u00e7\u00e3o democr\u00e1tica\u201d, na verdade a substitui\u00e7\u00e3o \u201clenta, segura e gradual\u201d da forma ditadura militar de exerc\u00edcio da hegemonia das classes dominantes para legitim\u00e1-la sob o manto da ditadura disfar\u00e7ada de democracia burguesa.<\/p>\n<p>Quando expus estas opini\u00f5es, n\u00e3o havia ainda tido not\u00edcia da absurda decis\u00e3o de figuras da esquerda parlamentar (do PDT, PSOL e PCdoB) de ades\u00e3o \u00e0s manifesta\u00e7\u00f5es capitaneadas pelo MBL, movimento de direita liberal que impulsionou o golpe que levou ao impedimento de Dilma Rousseff e \u00e0 elei\u00e7\u00e3o de Bolsonaro, apoiada por estes golpistas.<\/p>\n<p>Ao contr\u00e1rio dos grandes atos de massa no auge da campanha \u201cDiretas J\u00e1!\u201d, convocados por praticamente todas as vertentes da oposi\u00e7\u00e3o \u00e0 ditadura, a manifesta\u00e7\u00e3o deste domingo \u00e9 uma iniciativa assinada pelos setores de centro e de direita, com uma pauta estritamente institucional, com vistas \u00e0s pr\u00f3ximas elei\u00e7\u00f5es.<\/p>\n<p>Trata-se de uma manobra, insisto, para tomar o protagonismo da esquerda nas manifesta\u00e7\u00f5es e desvi\u00e1-las para um novo pacto burgu\u00eas, com vistas a fortalecer a hoje desidratada \u201cterceira via\u201d ou, se isso n\u00e3o for poss\u00edvel, render-se ao favoritismo de Lula, para rebaixar mais ainda o n\u00edvel de concilia\u00e7\u00e3o e \u201cuni\u00e3o nacional\u201d que ele se disp\u00f5e a oferecer ao capital. O PT e outros setores da esquerda socialdemocrata que tendem a apoiar Lula no primeiro turno podem at\u00e9 ser atra\u00eddos por esta iniciativa, de olho nesta segunda hip\u00f3tese.<\/p>\n<p>Como a campanha eleitoral de 2022 na pr\u00e1tica j\u00e1 come\u00e7ou, este \u00e9 um sinal de que as manifesta\u00e7\u00f5es antibolsonaristas poder\u00e3o bifurcar-se a partir de agora, o que n\u00e3o ocorreu em 1984, porque n\u00e3o havia elei\u00e7\u00f5es marcadas, mas a luta por elas, que s\u00f3 vieram acontecer em 1989.<\/p>\n<p>Esta manobra da centro-direita \u00e9 mais uma nova e importante raz\u00e3o para que as organiza\u00e7\u00f5es pol\u00edticas e populares de orienta\u00e7\u00e3o anticapitalista e anti-imperialista abram um di\u00e1logo entre si, na perspectiva da unidade de a\u00e7\u00e3o nas pr\u00f3ximas lutas, sejam quais forem os campos desta batalha, com o objetivo de construir um bloco pol\u00edtico com total independ\u00eancia, n\u00e3o s\u00f3 em rela\u00e7\u00e3o \u00e0 centro-direita burguesa, como tamb\u00e9m aos socialdemocratas que sempre apostam tudo nas elei\u00e7\u00f5es seguintes, iludindo os trabalhadores com a fal\u00e1cia da administra\u00e7\u00e3o \u201cprogressista\u201d do capitalismo.<\/p>\n<p>Esta unidade de a\u00e7\u00e3o n\u00e3o pode ser apenas t\u00e1tica, restrita \u00e0s lutas conjunturais e institucionais. N\u00e3o cumprir\u00e1 seu potencial estrat\u00e9gico se n\u00e3o a ligarmos \u00e0s bandeiras pelos direitos e necessidades imediatas do proletariado e \u00e0 agita\u00e7\u00e3o e propaganda da luta pelo socialismo.<\/p>\n<p>A luta contra os governos burgueses de plant\u00e3o n\u00e3o pode ser dissociada do combate ao capitalismo.<\/p>\n<p>(Ivan Pinheiro \u00e9 membro do CC do PCB)<\/p>\n<p>Transcrevo a seguir recente comunicado do PCB:<\/p>\n<p>*N\u00c3O PARTICIPAREMOS DOS ATOS CONVOCADOS PARA O DIA 12 DE<br \/>\nSETEMBRO*<\/p>\n<p>A Comiss\u00e3o Pol\u00edtica Nacional do Comit\u00ea Central do Partido Comunista Brasileiro (PCB), reunida nesta quarta, dia 08\/09, comunica \u00e0 milit\u00e2ncia, aos amigos e simpatizantes do PCB a decis\u00e3o de que o PCB e seus coletivos partid\u00e1rios n\u00e3o ir\u00e3o participar dos atos que est\u00e3o sendo convocados para o pr\u00f3ximo domingo, dia 12 de setembro, manifesta\u00e7\u00f5es estas convocadas pelo MBL e pelas for\u00e7as da direita.<\/p>\n<p>Seguiremos participando das articula\u00e7\u00f5es nacionais da Campanha Fora Bolsonaro, das frentes dos movimentos populares, do F\u00f3rum Sindical, Popular e de Juventudes e das plen\u00e1rias de lutas em defesa das liberdades democr\u00e1ticas e dos direitos da classe trabalhadora, para a constru\u00e7\u00e3o de um novo calend\u00e1rio de lutas e mobiliza\u00e7\u00f5es, com vistas a ampliar as manifesta\u00e7\u00f5es de rua contra Bolsonaro e a burguesia que o sustenta e avan\u00e7ar na constru\u00e7\u00e3o da greve geral, para barrar o golpismo, os ataques<br \/>\ndo capital e o governo genocida.<\/p>\n<p>Comiss\u00e3o Pol\u00edtica Nacional do PCB<\/p>\n","protected":false},"excerpt":{"rendered":"<a class=\"moretag\" href=\"https:\/\/pcb.org.br\/portal2\/27823\"> <\/a>","protected":false},"author":1,"featured_media":0,"comment_status":"closed","ping_status":"closed","sticky":false,"template":"","format":"standard","meta":{"jetpack_post_was_ever_published":false,"_jetpack_newsletter_access":"","_jetpack_dont_email_post_to_subs":false,"_jetpack_newsletter_tier_id":0,"_jetpack_memberships_contains_paywalled_content":false,"_jetpack_memberships_contains_paid_content":false,"footnotes":"","jetpack_publicize_message":"","jetpack_publicize_feature_enabled":true,"jetpack_social_post_already_shared":true,"jetpack_social_options":{"image_generator_settings":{"template":"highway","default_image_id":0,"font":"","enabled":false},"version":2}},"categories":[7],"tags":[221],"class_list":["post-27823","post","type-post","status-publish","format-standard","hentry","category-s8-brasil","tag-2a"],"jetpack_publicize_connections":[],"jetpack_featured_media_url":"","jetpack_shortlink":"https:\/\/wp.me\/p659gw-7eL","jetpack-related-posts":[],"jetpack_likes_enabled":true,"jetpack_sharing_enabled":true,"_links":{"self":[{"href":"https:\/\/pcb.org.br\/portal2\/wp-json\/wp\/v2\/posts\/27823","targetHints":{"allow":["GET"]}}],"collection":[{"href":"https:\/\/pcb.org.br\/portal2\/wp-json\/wp\/v2\/posts"}],"about":[{"href":"https:\/\/pcb.org.br\/portal2\/wp-json\/wp\/v2\/types\/post"}],"author":[{"embeddable":true,"href":"https:\/\/pcb.org.br\/portal2\/wp-json\/wp\/v2\/users\/1"}],"replies":[{"embeddable":true,"href":"https:\/\/pcb.org.br\/portal2\/wp-json\/wp\/v2\/comments?post=27823"}],"version-history":[{"count":0,"href":"https:\/\/pcb.org.br\/portal2\/wp-json\/wp\/v2\/posts\/27823\/revisions"}],"wp:attachment":[{"href":"https:\/\/pcb.org.br\/portal2\/wp-json\/wp\/v2\/media?parent=27823"}],"wp:term":[{"taxonomy":"category","embeddable":true,"href":"https:\/\/pcb.org.br\/portal2\/wp-json\/wp\/v2\/categories?post=27823"},{"taxonomy":"post_tag","embeddable":true,"href":"https:\/\/pcb.org.br\/portal2\/wp-json\/wp\/v2\/tags?post=27823"}],"curies":[{"name":"wp","href":"https:\/\/api.w.org\/{rel}","templated":true}]}}