{"id":27828,"date":"2021-09-12T21:43:58","date_gmt":"2021-09-13T00:43:58","guid":{"rendered":"https:\/\/pcb.org.br\/portal2\/?p=27828"},"modified":"2021-09-12T21:43:58","modified_gmt":"2021-09-13T00:43:58","slug":"contra-a-destruicao-dos-servicos-publicos","status":"publish","type":"post","link":"https:\/\/pcb.org.br\/portal2\/27828","title":{"rendered":"Contra a destrui\u00e7\u00e3o dos servi\u00e7os p\u00fablicos!"},"content":{"rendered":"<p><img decoding=\"async\" class=\"imagem\" title=\"imagem\" src=\"https:\/\/i0.wp.com\/unidadeclassista.org.br\/wp-content\/uploads\/2021\/09\/WhatsApp-Image-2021-09-11-at-13.31.15.jpeg\" alt=\"imagem\" \/><!--more-->INTENSIFICAR A LUTA PARA DERRUBAR A PROPOSTA DE CONTRARREFORMA ADMINISTRATIVA<\/p>\n<p>A Proposta de Emenda Constitucional 32 segue sua tramita\u00e7\u00e3o no Congresso. No dia 1\u00ba de setembro, ocorreram a leitura e a apresenta\u00e7\u00e3o do texto substitutivo do relator dep. Arthur Maia (DEM). Na pr\u00f3xima semana, mais precisamente entre os dias 14 e 16 de setembro, dever\u00e1 ocorrer a vota\u00e7\u00e3o do texto pela Comiss\u00e3o Especial. \u00c9 urgente intensificar nossa mobiliza\u00e7\u00e3o para barrar essa proposta, que representa um ataque direto aos servi\u00e7os p\u00fablicos.<\/p>\n<p>O F\u00f3rum das Entidades Nacionais dos Servidores P\u00fablicos Federais (FONASEFE), conjuntamente com as centrais sindicais, organiza uma Jornada de Lutas nesta semana, com atividades em Bras\u00edlia contra a PEC 32. Caravanas de entidades sindicais de todo o pa\u00eds ir\u00e3o a Bras\u00edlia para compor as a\u00e7\u00f5es da pr\u00f3xima semana, que poder\u00e1 ser decisiva para os servi\u00e7os p\u00fablicos e para toda a classe trabalhadora.<\/p>\n<p>A PEC 32 \u00e9 mais um mecanismo de submiss\u00e3o dos interesses p\u00fablicos aos interesses do mercado, atingindo duramente os servidores e a todo o conjunto da classe trabalhadora que necessita dos servi\u00e7os p\u00fablicos.<\/p>\n<p>Ao reduzir a quantidade de cargos providos por concurso p\u00fablico, retirar a garantia de estabilidade dos servidores e criar outras formas de contrata\u00e7\u00e3o, a contrarreforma abre um largo caminho de retrocessos, fomentando o ass\u00e9dio moral, o apadrinhamento pol\u00edtico e os esquemas de corrup\u00e7\u00e3o, por meio das terceiriza\u00e7\u00f5es diretas e das terceiriza\u00e7\u00f5es disfar\u00e7adas, por meio de Organiza\u00e7\u00f5es Sociais (OSs), Organiza\u00e7\u00f5es N\u00e3o Governamentais (ONGs) e Organiza\u00e7\u00f5es da Sociedade Civil de Interesse P\u00fablico (OSCIPs).<\/p>\n<p>Diante de mais este ataque, que pretende sofisticar o sucateamento e a destrui\u00e7\u00e3o dos servi\u00e7os p\u00fablicos, a Unidade Classista conclama todos os servidores, os empregados p\u00fablicos e todos os demais trabalhadores para construir e participar das jornadas de luta contra a PEC 32.<\/p>\n<p>SEGUE A PROGRAMA\u00c7\u00c3O DA JORNADA EM BRAS\u00cdLIA:<\/p>\n<p>\u2713 13\/09<br \/>\nChegada da delega\u00e7\u00e3o dos Estados<br \/>\n13:30: Reuni\u00e3o com a Frente do Servi\u00e7o P\u00fablico<\/p>\n<p>\u2713 14\/09<br \/>\n7h: recep\u00e7\u00e3o (press\u00e3o) a parlamentares no aeroporto com camisetas. T\u00e9rmino previsto para \u00e0s 11 horas<br \/>\n14h: Concentra\u00e7\u00e3o no espa\u00e7o servidor ao lado do anexo C.<\/p>\n<p>\u2713 15\/09<br \/>\n9h: Reuni\u00e3o aberta no espa\u00e7o do servidor. Visita a gabinetes.<\/p>\n<p>\u2713 16\/09<br \/>\nPress\u00e3o aos deputados.<\/p>\n","protected":false},"excerpt":{"rendered":"<a class=\"moretag\" href=\"https:\/\/pcb.org.br\/portal2\/27828\"> <\/a>","protected":false},"author":1,"featured_media":0,"comment_status":"closed","ping_status":"closed","sticky":false,"template":"","format":"standard","meta":{"jetpack_post_was_ever_published":false,"_jetpack_newsletter_access":"","_jetpack_dont_email_post_to_subs":false,"_jetpack_newsletter_tier_id":0,"_jetpack_memberships_contains_paywalled_content":false,"_jetpack_memberships_contains_paid_content":false,"footnotes":"","jetpack_publicize_message":"","jetpack_publicize_feature_enabled":true,"jetpack_social_post_already_shared":true,"jetpack_social_options":{"image_generator_settings":{"template":"highway","default_image_id":0,"font":"","enabled":false},"version":2}},"categories":[31],"tags":[224],"class_list":["post-27828","post","type-post","status-publish","format-standard","hentry","category-c31-unidade-classista","tag-3b"],"jetpack_publicize_connections":[],"jetpack_featured_media_url":"","jetpack_shortlink":"https:\/\/wp.me\/p659gw-7eQ","jetpack-related-posts":[],"jetpack_likes_enabled":true,"jetpack_sharing_enabled":true,"_links":{"self":[{"href":"https:\/\/pcb.org.br\/portal2\/wp-json\/wp\/v2\/posts\/27828","targetHints":{"allow":["GET"]}}],"collection":[{"href":"https:\/\/pcb.org.br\/portal2\/wp-json\/wp\/v2\/posts"}],"about":[{"href":"https:\/\/pcb.org.br\/portal2\/wp-json\/wp\/v2\/types\/post"}],"author":[{"embeddable":true,"href":"https:\/\/pcb.org.br\/portal2\/wp-json\/wp\/v2\/users\/1"}],"replies":[{"embeddable":true,"href":"https:\/\/pcb.org.br\/portal2\/wp-json\/wp\/v2\/comments?post=27828"}],"version-history":[{"count":0,"href":"https:\/\/pcb.org.br\/portal2\/wp-json\/wp\/v2\/posts\/27828\/revisions"}],"wp:attachment":[{"href":"https:\/\/pcb.org.br\/portal2\/wp-json\/wp\/v2\/media?parent=27828"}],"wp:term":[{"taxonomy":"category","embeddable":true,"href":"https:\/\/pcb.org.br\/portal2\/wp-json\/wp\/v2\/categories?post=27828"},{"taxonomy":"post_tag","embeddable":true,"href":"https:\/\/pcb.org.br\/portal2\/wp-json\/wp\/v2\/tags?post=27828"}],"curies":[{"name":"wp","href":"https:\/\/api.w.org\/{rel}","templated":true}]}}