{"id":2794,"date":"2012-05-04T13:48:00","date_gmt":"2012-05-04T13:48:00","guid":{"rendered":"http:\/\/pcb.org.br\/portal2\/?p=2794"},"modified":"2012-05-04T13:48:00","modified_gmt":"2012-05-04T13:48:00","slug":"saudacao-do-partido-dos-trabalhadores-da-irlanda-ao-pcb","status":"publish","type":"post","link":"https:\/\/pcb.org.br\/portal2\/2794","title":{"rendered":"Sauda\u00e7\u00e3o do Partido dos Trabalhadores da Irlanda ao PCB"},"content":{"rendered":"\n<p style=\"text-align: justify; \">O Comit\u00ea Central Executivo do Partido dos Trabalhadores da Irlanda envia suas sauda\u00e7\u00f5es calorosas e camaradas para o Comit\u00ea Central do Partido Comunista Brasileiro na ocasi\u00e3o do 90\u00ba anivers\u00e1rio de funda\u00e7\u00e3o do partido. O Partido dos Trabalhadores da Irlanda, reconhecendo o sacrif\u00edcio e a luta do PCB no combate contra a ditadura, na briga pelos direitos dos trabalhadores e democr\u00e1ticos, bem como na luta cont\u00ednua pelo socialismo, envia seus melhores votos para o PCB e seus quadros, desejando a voc\u00eas sucesso em seu trabalho.<\/p>\n<p style=\"text-align: justify; \">Com solidariedade,<\/p>\n<p style=\"text-align: justify; \">Gerry Grainger<\/p>\n<p style=\"text-align: justify; \">Secret\u00e1rio Internacional<\/p>\n<p style=\"text-align: justify; \">Comit\u00ea Central Executivo<\/p>\n<p style=\"text-align: justify; \">Partido dos Trabalhadores da Irlanda<\/p>\n","protected":false},"excerpt":{"rendered":"\n\n\nCr\u00e9dito: PTIrlanda\n\n\n\n\n\n\n\n\n<a class=\"moretag\" href=\"https:\/\/pcb.org.br\/portal2\/2794\"> <\/a>","protected":false},"author":1,"featured_media":0,"comment_status":"open","ping_status":"open","sticky":false,"template":"","format":"standard","meta":{"jetpack_post_was_ever_published":false,"_jetpack_newsletter_access":"","_jetpack_dont_email_post_to_subs":false,"_jetpack_newsletter_tier_id":0,"_jetpack_memberships_contains_paywalled_content":false,"_jetpack_memberships_contains_paid_content":false,"footnotes":"","jetpack_publicize_message":"","jetpack_publicize_feature_enabled":true,"jetpack_social_post_already_shared":false,"jetpack_social_options":{"image_generator_settings":{"template":"highway","default_image_id":0,"font":"","enabled":false},"version":2}},"categories":[46],"tags":[],"class_list":["post-2794","post","type-post","status-publish","format-standard","hentry","category-c56-memoria"],"jetpack_publicize_connections":[],"jetpack_featured_media_url":"","jetpack_shortlink":"https:\/\/wp.me\/p659gw-J4","jetpack-related-posts":[],"jetpack_likes_enabled":true,"jetpack_sharing_enabled":true,"_links":{"self":[{"href":"https:\/\/pcb.org.br\/portal2\/wp-json\/wp\/v2\/posts\/2794","targetHints":{"allow":["GET"]}}],"collection":[{"href":"https:\/\/pcb.org.br\/portal2\/wp-json\/wp\/v2\/posts"}],"about":[{"href":"https:\/\/pcb.org.br\/portal2\/wp-json\/wp\/v2\/types\/post"}],"author":[{"embeddable":true,"href":"https:\/\/pcb.org.br\/portal2\/wp-json\/wp\/v2\/users\/1"}],"replies":[{"embeddable":true,"href":"https:\/\/pcb.org.br\/portal2\/wp-json\/wp\/v2\/comments?post=2794"}],"version-history":[{"count":0,"href":"https:\/\/pcb.org.br\/portal2\/wp-json\/wp\/v2\/posts\/2794\/revisions"}],"wp:attachment":[{"href":"https:\/\/pcb.org.br\/portal2\/wp-json\/wp\/v2\/media?parent=2794"}],"wp:term":[{"taxonomy":"category","embeddable":true,"href":"https:\/\/pcb.org.br\/portal2\/wp-json\/wp\/v2\/categories?post=2794"},{"taxonomy":"post_tag","embeddable":true,"href":"https:\/\/pcb.org.br\/portal2\/wp-json\/wp\/v2\/tags?post=2794"}],"curies":[{"name":"wp","href":"https:\/\/api.w.org\/{rel}","templated":true}]}}