{"id":28,"date":"2009-12-08T01:06:17","date_gmt":"2009-12-08T04:06:17","guid":{"rendered":"http:\/\/pcb.org.br\/portal2\/?p=28"},"modified":"2017-11-09T13:51:20","modified_gmt":"2017-11-09T16:51:20","slug":"declaracao-conjunta-pcb-e-prcf","status":"publish","type":"post","link":"https:\/\/pcb.org.br\/portal2\/28","title":{"rendered":"Declara\u00e7\u00e3o conjunta PCB e PRCF"},"content":{"rendered":"\n<p>Para dar conseq\u00fc\u00eancia pr\u00e1tica a este hist\u00f3rico encontro, assumiram mutuamente as duas organiza\u00e7\u00f5es os seguintes compromissos:<\/p>\n<p>1 \u2013 estreitar as rela\u00e7\u00f5es bilaterais fraternas, dentro dos princ\u00edpios do internacionalismo prolet\u00e1rio, atrav\u00e9s de interc\u00e2mbios e iniciativas comuns;<\/p>\n<p>2 \u2013 contribuir para a reconstru\u00e7\u00e3o revolucion\u00e1ria do movimento comunista internacional, atrav\u00e9s do fortalecimento de um p\u00f3lo que se contraponha pol\u00edtica e ideologicamente a todas as formas de reformismo, de concilia\u00e7\u00e3o de classe e chauvinismo;<\/p>\n<p>3 \u2013 associar-se, com entusiasmo, \u00e0 recente iniciativa de funda\u00e7\u00e3o da REVISTA COMUNISTA INTERNACIONAL;<\/p>\n<p>4 \u2013 solidarizar-se, de forma militante, com todas as lutas antiimperialistas e anticapitalistas que se acentuam no mundo, em especial:<\/p>\n<p>&#8211; ao povo palestino, em sua luta contra a agress\u00e3o sionista e pela cria\u00e7\u00e3o de seu Estado soberano, liberta\u00e7\u00e3o dos presos pol\u00edticos em Israel e a volta dos exilados;<\/p>\n<p>&#8211; aos povos iraquiano e afeg\u00e3o, em sua resist\u00eancia contra a ocupa\u00e7\u00e3o imperialista;<\/p>\n<p>&#8211; ao povo cubano, em sua luta contra o bloqueio criminoso e pela liberta\u00e7\u00e3o dos Cinco Her\u00f3is;<\/p>\n<p>&#8211; aos povos da Am\u00e9rica Latina, diante de uma escalada de agressividade do imperialismo estadunidense, que reativa sua IV Frota e faz da Col\u00f4mbia de Uribe sua grande base militar para amea\u00e7ar os processos de mudan\u00e7as sociais em curso;<\/p>\n<p>&#8211; a todos os trabalhadores do mundo, em suas lutas contra a opress\u00e3o do capital e por uma sociedade socialista.<\/p>\n<p>5 \u2013 Denunciar todos os imperialismos : n\u00e3o somente o imperialismo estadunidense, mas a Uni\u00e3o Europ\u00e9ia, que \u00e9 um cartel imperialista que se voltou contra a democracia, a paz e as conquistas sociais. Reorientar a Uni\u00e3o Europ\u00e9ia num sentido progressiata \u00e9 ilus\u00f3rio, ao contr\u00e1rio, \u00e9 necess\u00e1rio combater de frente em nome do progresso social, da independ\u00eancia nacional e da luta pelo socialismo.<\/p>\n<p>Paris, novembro de 2009<\/p>\n<p>PCB \u2013 Partido Comunista Brasileiro<\/p>\n<p> PRCF \u2013 P\u00f3lo de Renascimento Comunista Franc\u00eas<\/p>\n","protected":false},"excerpt":{"rendered":"\n\n\nCr\u00e9dito: PCB\n\n\n\n\nIvan Pinheiro, Secret\u00e1rio Geral do Partido Comunista Brasileiro (PCB), Georges Gastaud, L\u00e9on Landini e Daniel Antonini pelo P\u00f3lo de Renascimento Comunista Franc\u00eas (PRCF), reunidos em Paris, no dia 26 de novembro, encontraram uma consistente converg\u00eancia de pontos de vista sobre o balan\u00e7o da experi\u00eancia de constru\u00e7\u00e3o do socialismo no s\u00e9culo XX, a respeito da conjuntura internacional e a crise do capitalismo, a centralidade do trabalho, o papel da classe oper\u00e1ria, o car\u00e1ter marxista-leninista de Partido e a necessidade de supera\u00e7\u00e3o revolucion\u00e1ria do capitalismo.\n<a class=\"moretag\" href=\"https:\/\/pcb.org.br\/portal2\/28\"> <\/a>","protected":false},"author":1,"featured_media":0,"comment_status":"closed","ping_status":"closed","sticky":false,"template":"","format":"standard","meta":{"jetpack_post_was_ever_published":false,"_jetpack_newsletter_access":"","_jetpack_dont_email_post_to_subs":false,"_jetpack_newsletter_tier_id":0,"_jetpack_memberships_contains_paywalled_content":false,"_jetpack_memberships_contains_paid_content":false,"footnotes":"","jetpack_publicize_message":"","jetpack_publicize_feature_enabled":true,"jetpack_social_post_already_shared":false,"jetpack_social_options":{"image_generator_settings":{"template":"highway","default_image_id":0,"font":"","enabled":false},"version":2}},"categories":[36],"tags":[],"class_list":["post-28","post","type-post","status-publish","format-standard","hentry","category-c41-unidade-comunista"],"jetpack_publicize_connections":[],"jetpack_featured_media_url":"","jetpack_shortlink":"https:\/\/wp.me\/p659gw-s","jetpack-related-posts":[],"jetpack_likes_enabled":true,"jetpack_sharing_enabled":true,"_links":{"self":[{"href":"https:\/\/pcb.org.br\/portal2\/wp-json\/wp\/v2\/posts\/28","targetHints":{"allow":["GET"]}}],"collection":[{"href":"https:\/\/pcb.org.br\/portal2\/wp-json\/wp\/v2\/posts"}],"about":[{"href":"https:\/\/pcb.org.br\/portal2\/wp-json\/wp\/v2\/types\/post"}],"author":[{"embeddable":true,"href":"https:\/\/pcb.org.br\/portal2\/wp-json\/wp\/v2\/users\/1"}],"replies":[{"embeddable":true,"href":"https:\/\/pcb.org.br\/portal2\/wp-json\/wp\/v2\/comments?post=28"}],"version-history":[{"count":0,"href":"https:\/\/pcb.org.br\/portal2\/wp-json\/wp\/v2\/posts\/28\/revisions"}],"wp:attachment":[{"href":"https:\/\/pcb.org.br\/portal2\/wp-json\/wp\/v2\/media?parent=28"}],"wp:term":[{"taxonomy":"category","embeddable":true,"href":"https:\/\/pcb.org.br\/portal2\/wp-json\/wp\/v2\/categories?post=28"},{"taxonomy":"post_tag","embeddable":true,"href":"https:\/\/pcb.org.br\/portal2\/wp-json\/wp\/v2\/tags?post=28"}],"curies":[{"name":"wp","href":"https:\/\/api.w.org\/{rel}","templated":true}]}}