{"id":28004,"date":"2021-11-03T23:12:34","date_gmt":"2021-11-04T02:12:34","guid":{"rendered":"https:\/\/pcb.org.br\/portal2\/?p=28004"},"modified":"2021-11-17T01:16:07","modified_gmt":"2021-11-17T04:16:07","slug":"pcb-realiza-com-exito-o-seu-xvi-congresso","status":"publish","type":"post","link":"https:\/\/pcb.org.br\/portal2\/28004","title":{"rendered":"PCB realiza com \u00eaxito o seu XVI Congresso!"},"content":{"rendered":"<p><img decoding=\"async\" class=\"imagem\" title=\"imagem\" src=\"https:\/\/i0.wp.com\/lh3.googleusercontent.com\/pw\/AM-JKLV0l32cmM6WMEtFG0PVPsa0nz0b6brkCVKMWhe3GZ743HjrLABvT2EDru3BPfnqgDrf75b9Hc7n8ftOChKv-XIjPmhd1Hk0NuGet2dQUrjEXvHYThwOPpBhFPDDU-8NmxNlFTHKXCcn4qnopAONWtpK=w720-h730-no\" alt=\"imagem\" \/><!--more-->Sob o lema \u201cPelo Poder Popular, rumo ao socialismo!\u201d realizou-se com grande \u00eaxito, entre 29 de outubro e 02 de novembro, o XVI Congresso Nacional do Partido Comunista Brasileiro (PCB), em S\u00e3o Paulo. Organizado sob as dif\u00edceis condi\u00e7\u00f5es da pandemia da COVID-19, com o cumprimento de todas as medidas sanit\u00e1rias pertinentes, o Congresso Nacional foi o desfecho de um longo ac\u00famulo coletivo interno, contando com a presen\u00e7a de centenas de delegados e delegadas de todas as regi\u00f5es do pa\u00eds, do Acre ao Rio Grande do Sul, eleitos pelos Congressos Estaduais, ap\u00f3s as discuss\u00f5es em todas as c\u00e9lulas do Partido pa\u00eds afora. O Congresso elegeu um novo Comit\u00ea Central, com mais de 50% de renova\u00e7\u00e3o, e reconduziu o camarada Edmilson Costa \u00e0 Secretaria Geral.<\/p>\n<p>O Congresso debateu e aprofundou as Teses produzidas pelo Comit\u00ea Central cessante (eleito no XV Congresso, em 2014), que encerrou seus trabalhos de dire\u00e7\u00e3o na instala\u00e7\u00e3o do XVI Congresso, logo ap\u00f3s a elei\u00e7\u00e3o da Mesa Diretora dos trabalhos. Estas teses, que tratam dos posicionamentos pol\u00edticos e te\u00f3ricos do PCB, da sua organiza\u00e7\u00e3o e das formas de atua\u00e7\u00e3o no movimento oper\u00e1rio e popular, j\u00e1 haviam sido objeto de ricos debates nas etapas estaduais e de c\u00e9lula do Congresso. Na etapa nacional, as teses foram ainda mais amplamente debatidas, em reuni\u00f5es nos dez Grupos de Discuss\u00e3o de todo o tem\u00e1rio em que foram divididos os delegados e delegadas, bem como nas plen\u00e1rias que reuniram todos os participantes do encontro nos dois \u00faltimos dias. Esses debates ricos e fraternos enriqueceram e refinaram as Resolu\u00e7\u00f5es do XVI Congresso, que ser\u00e3o divulgadas assim que o novo Comit\u00ea Central concluir a sistematiza\u00e7\u00e3o final dos textos aprovados no encontro.<\/p>\n<p>Sa\u00edmos do nosso Congresso armados com uma an\u00e1lise panor\u00e2mica do perfil do proletariado brasileiro, que aponta seus setores estrat\u00e9gicos e contradi\u00e7\u00f5es com a ordem vigente; com um Programa de Lutas voltado \u00e0 efetiva\u00e7\u00e3o da estrat\u00e9gia socialista da revolu\u00e7\u00e3o brasileira e com resolu\u00e7\u00f5es sobre nossas concep\u00e7\u00f5es e pr\u00e1ticas organizativas, que nos preparam para seguir enraizando o Partido Comunista cada vez mais profundamente em meio \u00e0 classe trabalhadora brasileira, com qualidade, consist\u00eancia e firmeza ideol\u00f3gica.<\/p>\n<p>O novo Comit\u00ea Central, eleito ao final do Congresso, tem a partir de agora a responsabilidade de p\u00f4r em pr\u00e1tica as resolu\u00e7\u00f5es e orienta\u00e7\u00f5es resultantes deste grande processo de discuss\u00e3o, que s\u00f3 fez refor\u00e7ar o princ\u00edpio comunista do centralismo democr\u00e1tico, dando oportunidade a toda a milit\u00e2ncia partid\u00e1ria de decidir diretamente sobre a linha pol\u00edtica, a organiza\u00e7\u00e3o e a forma de atua\u00e7\u00e3o dos comunistas revolucion\u00e1rios no Brasil.<\/p>\n<p>Os comunistas do PCB reafirmam a estrat\u00e9gia socialista da Revolu\u00e7\u00e3o Brasileira, aprofundando sua leitura cr\u00edtica acerca da realidade contempor\u00e2nea do Brasil e do mundo e apontando para a necessidade de constituir, em meio \u00e0 luta unificada de todo o proletariado contra os ataques da burguesia, uma poderosa frente anticapitalista e anti-imperialista, que assegure a independ\u00eancia pol\u00edtica, org\u00e2nica e de classe do proletariado frente \u00e0s vacila\u00e7\u00f5es da pequena burguesia e permita a luta das for\u00e7as revolucion\u00e1rias tanto contra a ofensiva reacion\u00e1ria e o neofascismo, quanto contra o reformismo e as ilus\u00f5es de classe na democracia burguesa. Reafirmamos a via revolucion\u00e1ria da constru\u00e7\u00e3o do Poder Popular, a partir das lutas da classe trabalhadora e das camadas populares oprimidas, na constru\u00e7\u00e3o do Bloco Revolucion\u00e1rio do Proletariado, bloco de for\u00e7as pol\u00edticas e sociais necess\u00e1rio para levar a cabo a ruptura com o capitalismo e a constru\u00e7\u00e3o da sociedade socialista, no rumo do comunismo.<\/p>\n<p>O XVI Congresso Nacional do PCB representou o coroamento da pol\u00edtica revolucion\u00e1ria dos comunistas brasileiros e demonstrou o crescimento do nosso partido entre trabalhadores e trabalhadoras urbanos(as) e rurais, jovens, mulheres, negros, ind\u00edgenas, movimento LGBT, lutadores e lutadoras que atuam nos mais diversificados movimentos de contesta\u00e7\u00e3o \u00e0 ordem burguesa no Brasil, na solidariedade internacionalista e nas lutas anticapitalistas e anti-imperialistas. Mais um importante passo foi dado para a contribui\u00e7\u00e3o do PCB no caminho da constru\u00e7\u00e3o do Poder Popular, rumo \u00e0 Revolu\u00e7\u00e3o Socialista! Nosso trabalho continua, na linha de frente das lutas que o futuro imp\u00f5e \u00e0 classe trabalhadora, rumo ao centen\u00e1rio de nossa funda\u00e7\u00e3o e o anivers\u00e1rio de trinta anos do in\u00edcio de nossa reconstru\u00e7\u00e3o revolucion\u00e1ria.<\/p>\n<p>O XVI Congresso Nacional do PCB foi saudado, em apresenta\u00e7\u00e3o audiovisual, por v\u00e1rias organiza\u00e7\u00f5es pol\u00edticas e populares nacionais, al\u00e9m de dezenas de Partidos Comunistas e Oper\u00e1rios e outras organiza\u00e7\u00f5es revolucion\u00e1rias do mundo, comprovando a acertada pol\u00edtica do PCB de estreitamento das rela\u00e7\u00f5es com as organiza\u00e7\u00f5es revolucion\u00e1rias do movimento comunista internacional e de refor\u00e7o da cultura e do exerc\u00edcio do internacionalismo prolet\u00e1rio.<\/p>\n<p>Viva a revolu\u00e7\u00e3o brasileira e o socialismo!<br \/>\nViva o internacionalismo prolet\u00e1rio!<br \/>\nViva o Partido Comunista Brasileiro!<\/p>\n","protected":false},"excerpt":{"rendered":"<a class=\"moretag\" href=\"https:\/\/pcb.org.br\/portal2\/28004\"> <\/a>","protected":false},"author":1,"featured_media":0,"comment_status":"closed","ping_status":"closed","sticky":false,"template":"","format":"standard","meta":{"jetpack_post_was_ever_published":false,"_jetpack_newsletter_access":"","_jetpack_dont_email_post_to_subs":false,"_jetpack_newsletter_tier_id":0,"_jetpack_memberships_contains_paywalled_content":false,"_jetpack_memberships_contains_paid_content":false,"footnotes":"","jetpack_publicize_message":"","jetpack_publicize_feature_enabled":true,"jetpack_social_post_already_shared":true,"jetpack_social_options":{"image_generator_settings":{"template":"highway","default_image_id":0,"font":"","enabled":false},"version":2}},"categories":[2],"tags":[219,246],"class_list":["post-28004","post","type-post","status-publish","format-standard","hentry","category-s1-congressos","tag-manchete","tag-np"],"jetpack_publicize_connections":[],"jetpack_featured_media_url":"","jetpack_shortlink":"https:\/\/wp.me\/p659gw-7hG","jetpack-related-posts":[],"jetpack_likes_enabled":true,"jetpack_sharing_enabled":true,"_links":{"self":[{"href":"https:\/\/pcb.org.br\/portal2\/wp-json\/wp\/v2\/posts\/28004","targetHints":{"allow":["GET"]}}],"collection":[{"href":"https:\/\/pcb.org.br\/portal2\/wp-json\/wp\/v2\/posts"}],"about":[{"href":"https:\/\/pcb.org.br\/portal2\/wp-json\/wp\/v2\/types\/post"}],"author":[{"embeddable":true,"href":"https:\/\/pcb.org.br\/portal2\/wp-json\/wp\/v2\/users\/1"}],"replies":[{"embeddable":true,"href":"https:\/\/pcb.org.br\/portal2\/wp-json\/wp\/v2\/comments?post=28004"}],"version-history":[{"count":0,"href":"https:\/\/pcb.org.br\/portal2\/wp-json\/wp\/v2\/posts\/28004\/revisions"}],"wp:attachment":[{"href":"https:\/\/pcb.org.br\/portal2\/wp-json\/wp\/v2\/media?parent=28004"}],"wp:term":[{"taxonomy":"category","embeddable":true,"href":"https:\/\/pcb.org.br\/portal2\/wp-json\/wp\/v2\/categories?post=28004"},{"taxonomy":"post_tag","embeddable":true,"href":"https:\/\/pcb.org.br\/portal2\/wp-json\/wp\/v2\/tags?post=28004"}],"curies":[{"name":"wp","href":"https:\/\/api.w.org\/{rel}","templated":true}]}}