{"id":28014,"date":"2021-11-04T21:38:01","date_gmt":"2021-11-05T00:38:01","guid":{"rendered":"https:\/\/pcb.org.br\/portal2\/?p=28014"},"modified":"2021-11-14T23:55:19","modified_gmt":"2021-11-15T02:55:19","slug":"camarada-carlos-marighella-presente","status":"publish","type":"post","link":"https:\/\/pcb.org.br\/portal2\/28014","title":{"rendered":"Camarada Carlos Marighella, presente!"},"content":{"rendered":"<p><img decoding=\"async\" class=\"imagem\" title=\"imagem\" src=\"https:\/\/i0.wp.com\/lh3.googleusercontent.com\/pw\/AM-JKLVlfgzxhqMw1WICXfS-JUVVok1rxScxm8QBAnxZJ0gpGs7wmLZZVvOQEBtv7Hx6B_rKXLaZ6MJUqRx47KRr254AUZntR8KYEK2CBmaZPXogVUykkfJbBByeol6jFnnwA_7GzDhf4wIbEgEwS1ax_N3j=s585-no\" alt=\"imagem\" \/><!--more-->Coordena\u00e7\u00e3o Nacional da UJC &#8211; Uni\u00e3o da Juventude Comunista<\/p>\n<p>Sem qualquer pretens\u00e3o de querer se apropriar da imagem do camarada Carlos Marighella (que pertence \u00e0 todos os brasileiros que lutam contra a opress\u00e3o), a UJC marca seu orgulho por ele ter iniciado sua milit\u00e2ncia pol\u00edtica na nossa organiza\u00e7\u00e3o (\u00e0 \u00e9poca com o nome de Juventude Comunista) e permanecido por d\u00e9cadas no Partido Comunista Brasileiro (PCB), tendo sido Deputado Constituinte em 1946 e, principalmente, um dirigente partid\u00e1rio combativo, organizador e agitador, este adjetivo que soa como acusa\u00e7\u00e3o para a direita e como elogio para os comunistas.<\/p>\n<p>Marighella n\u00e3o \u00e9 reivindicado apenas pelos comunistas, mas por todos aqueles que lutam por liberdade e justi\u00e7a social.<br \/>\n\u00c9 imposs\u00edvel falar de Marighella sem falar da UJC e do PCB \u2013 as grandes escolas onde se formou e militou a maior parte de sua vida como revolucion\u00e1rio.<\/p>\n<p>\u00c9 imposs\u00edvel tamb\u00e9m falar de Marighella, fundador da A\u00e7\u00e3o Libertadora Nacional (ALN), sem lembrar de outros revolucion\u00e1rios que tamb\u00e9m tiveram diverg\u00eancias com a linha pol\u00edtica do PCB no momento posterior ao golpe de 1964, adotando formas de luta diferenciadas, como Luiz Carlos Prestes, Apol\u00f4nio de Carvalho, Joaquim C\u00e2mara Ferreira, M\u00e1rio Alves e tantos outros.<\/p>\n<p>O PCB, em sua reconstru\u00e7\u00e3o revolucion\u00e1ria, olha com respeito para todos os que sa\u00edram do Partido \u00e0quela \u00e9poca e se mantiveram na esquerda. Os que tentaram liquidar o PCB e o abandonaram, pela direita, merecem o nosso desprezo.<\/p>\n<p>Este respeito vem da compreens\u00e3o de que as diverg\u00eancias com a linha pol\u00edtica do Partido t\u00eam sua origem nos equ\u00edvocos que contribu\u00edram para derrotas em 1964. Suas ra\u00edzes est\u00e3o na chamada Declara\u00e7\u00e3o de Mar\u00e7o de 1958, que privilegiava alian\u00e7as com setores da burguesia e a via institucional de transi\u00e7\u00e3o ao socialismo. Com esta linha, o PCB se desarmou para resistir ao golpe.<\/p>\n<p>No entanto, respeitar e compreender o surgimento dessas dissid\u00eancias do PCB ap\u00f3s 1964 n\u00e3o significa concordar com a forma de luta adotada por algumas delas. Apesar de leg\u00edtima e historicamente presente na luta pelo socialismo, a luta armada n\u00e3o era adequada \u00e0quela correla\u00e7\u00e3o de for\u00e7as e ao n\u00edvel de organiza\u00e7\u00e3o e mobiliza\u00e7\u00e3o da resist\u00eancia popular \u00e0 ditadura.<\/p>\n<p>Diante do erro cometido antes de 1964, consideramos correta, at\u00e9 1979, a linha pol\u00edtica adotada pelo VI Congresso Nacional do PCB, em 1967, de enfrentamento \u00e0 ditadura pela via do movimento de massas e da frente democr\u00e1tica, at\u00e9 porque n\u00e3o restavam outras alternativas. Novos erros vieram depois, nos anos 80, com a manuten\u00e7\u00e3o da pol\u00edtica de frente democr\u00e1tica que j\u00e1 havia perdido a atualidade. Foi a d\u00e9cada perdida do PCB, do ponto de vista revolucion\u00e1rio, marcada pela concilia\u00e7\u00e3o de classes.<\/p>\n<p>No entanto, n\u00e3o estamos entre aqueles que negam ou subestimam o papel da insurg\u00eancia armada adotada por algumas organiza\u00e7\u00f5es no per\u00edodo que, ao pre\u00e7o de muitas vidas que nos fazem falta, tamb\u00e9m contribu\u00edram para a derrubada da ditadura.<\/p>\n<p>Tamb\u00e9m \u00e9 preciso ficar claro que a ditadura n\u00e3o escolhia suas v\u00edtimas apenas em fun\u00e7\u00e3o dos meios com que lutavam. Entre 1973 e 1975, foram assassinados dezenas de camaradas do PCB, cujos corpos jamais apareceram, dentre eles quase todos os membros do Comit\u00ea Central (CC) que aqui atuavam na clandestinidade.<\/p>\n<p>Ao homenagearmos Marighella n\u00e3o queremos transform\u00e1-lo apenas em um personagem da hist\u00f3ria, mas principalmente fazer dele um exemplo de luta para as novas gera\u00e7\u00f5es.<\/p>\n<p>CAMARADA CARLOS MARIGHELLA, PRESENTE! ONTEM, HOJE E SEMPRE!<br \/>\nPELO PODER POPULAR, NO RUMO DO SOCIALISMO!<\/p>\n","protected":false},"excerpt":{"rendered":"<a class=\"moretag\" href=\"https:\/\/pcb.org.br\/portal2\/28014\"> <\/a>","protected":false},"author":1,"featured_media":0,"comment_status":"closed","ping_status":"closed","sticky":false,"template":"","format":"standard","meta":{"jetpack_post_was_ever_published":false,"_jetpack_newsletter_access":"","_jetpack_dont_email_post_to_subs":false,"_jetpack_newsletter_tier_id":0,"_jetpack_memberships_contains_paywalled_content":false,"_jetpack_memberships_contains_paid_content":false,"footnotes":"","jetpack_publicize_message":"","jetpack_publicize_feature_enabled":true,"jetpack_social_post_already_shared":true,"jetpack_social_options":{"image_generator_settings":{"template":"highway","default_image_id":0,"font":"","enabled":false},"version":2}},"categories":[365,46],"tags":[223],"class_list":["post-28014","post","type-post","status-publish","format-standard","hentry","category-centenario-do-pcb","category-c56-memoria","tag-3a"],"jetpack_publicize_connections":[],"jetpack_featured_media_url":"","jetpack_shortlink":"https:\/\/wp.me\/p659gw-7hQ","jetpack-related-posts":[],"jetpack_likes_enabled":true,"jetpack_sharing_enabled":true,"_links":{"self":[{"href":"https:\/\/pcb.org.br\/portal2\/wp-json\/wp\/v2\/posts\/28014","targetHints":{"allow":["GET"]}}],"collection":[{"href":"https:\/\/pcb.org.br\/portal2\/wp-json\/wp\/v2\/posts"}],"about":[{"href":"https:\/\/pcb.org.br\/portal2\/wp-json\/wp\/v2\/types\/post"}],"author":[{"embeddable":true,"href":"https:\/\/pcb.org.br\/portal2\/wp-json\/wp\/v2\/users\/1"}],"replies":[{"embeddable":true,"href":"https:\/\/pcb.org.br\/portal2\/wp-json\/wp\/v2\/comments?post=28014"}],"version-history":[{"count":0,"href":"https:\/\/pcb.org.br\/portal2\/wp-json\/wp\/v2\/posts\/28014\/revisions"}],"wp:attachment":[{"href":"https:\/\/pcb.org.br\/portal2\/wp-json\/wp\/v2\/media?parent=28014"}],"wp:term":[{"taxonomy":"category","embeddable":true,"href":"https:\/\/pcb.org.br\/portal2\/wp-json\/wp\/v2\/categories?post=28014"},{"taxonomy":"post_tag","embeddable":true,"href":"https:\/\/pcb.org.br\/portal2\/wp-json\/wp\/v2\/tags?post=28014"}],"curies":[{"name":"wp","href":"https:\/\/api.w.org\/{rel}","templated":true}]}}