{"id":28026,"date":"2021-11-09T00:11:03","date_gmt":"2021-11-09T03:11:03","guid":{"rendered":"https:\/\/pcb.org.br\/portal2\/?p=28026"},"modified":"2026-02-22T10:14:46","modified_gmt":"2026-02-22T13:14:46","slug":"sudao-mobilizacao-popular-contra-o-golpe","status":"publish","type":"post","link":"https:\/\/pcb.org.br\/portal2\/28026","title":{"rendered":"Sud\u00e3o: mobiliza\u00e7\u00e3o popular contra o golpe"},"content":{"rendered":"<p><img decoding=\"async\" class=\"imagem\" title=\"imagem\" src=\"https:\/\/i0.wp.com\/www.laizquierdadiario.com\/local\/cache-vignettes\/L720xH416\/arton211024-962f4.jpg\" alt=\"imagem\" \/><!--more-->Sud\u00e3o: A classe trabalhadora pode derrubar os militares com a greve geral e com a mobiliza\u00e7\u00e3o<\/p>\n<p>Por: Resumen Latinoamericano (4\/11\/21)<\/p>\n<p>Traduzido por Partido Comunista Brasileiro<\/p>\n<p>O golpe est\u00e1 revivendo a mobiliza\u00e7\u00e3o popular no Sud\u00e3o. V\u00e1rios setores da classe trabalhadora j\u00e1 aderiram \u00e0 greve geral e uma grande manifesta\u00e7\u00e3o era esperada em todo o pa\u00eds no s\u00e1bado.<\/p>\n<p>O ex\u00e9rcito sudan\u00eas dissolveu o governo de transi\u00e7\u00e3o e prendeu o primeiro-ministro Abdallah Hamdok e v\u00e1rios outros ministros da ala civil de seu governo. O general Abdel Fattah al-Burhan, que j\u00e1 estava na vanguarda do processo de &#8220;transi\u00e7\u00e3o&#8221;, tornou-se o \u201chomem forte\u201d do pa\u00eds. Por\u00e9m, na segunda-feira, milhares de pessoas invadiram as ruas dos principais centros urbanos do pa\u00eds para se manifestar contra a tomada do poder pela junta militar.<\/p>\n<p>Tanto o golpe quanto a resist\u00eancia que est\u00e1 ocorrendo n\u00e3o ca\u00edram do c\u00e9u. Na verdade, durante semanas, a tens\u00e3o e as divis\u00f5es dentro do governo de transi\u00e7\u00e3o criado em 2019 aumentaram. Este governo foi uma tentativa de \u201ccompromisso\u201d entre militares do antigo regime do ditador Omar al-Bashir, representantes da &#8220;sociedade civil&#8221; e tamb\u00e9m l\u00edderes de v\u00e1rios grupos armados dissidentes. E este \u201ccompromisso\u201d era necess\u00e1rio para que as classes dirigentes locais, associadas \u00e0s pot\u00eancias imperialistas, tentassem acabar com as mobiliza\u00e7\u00f5es populares que vinham ocorrendo desde o final de 2018, e que n\u00e3o recuaram frente \u00e0 brutal repress\u00e3o.<\/p>\n<p>Assim, diante das crescentes amea\u00e7as de golpe de estado, apoiadas por manifesta\u00e7\u00f5es pr\u00f3-golpe, uma parte da popula\u00e7\u00e3o come\u00e7ou a se manifestar contra os militares. No entanto, a materializa\u00e7\u00e3o do golpe, na \u00faltima segunda-feira, acabou lan\u00e7ando \u00e0s ruas milhares de jovens, mulheres e trabalhadores, lembrando as mobiliza\u00e7\u00f5es de 2018-2019. Ao mesmo tempo, comit\u00eas de resist\u00eancia foram formados em v\u00e1rias cidades do pa\u00eds. \u201cO povo sudan\u00eas passou por muitas revolu\u00e7\u00f5es. Mas hoje estamos prontos para resistir. Aprendemos a barricar, ocupar as estradas e manifestar em massa&#8221;, disse um manifestante ao Washington Post.<\/p>\n<p>O elemento que fortalece ainda mais a resist\u00eancia aos militares \u00e9 a convoca\u00e7\u00e3o de uma greve pol\u00edtica geral da Associa\u00e7\u00e3o dos Profissionais do Sud\u00e3o (SPA), que teve um papel importante no movimento 2018\/19. Nas \u00faltimas horas, importantes setores da for\u00e7a de trabalho, especialmente o setor p\u00fablico, anunciaram seu apoio \u00e0 greve: petroleiros, farmac\u00eauticos, m\u00e9dicos, professores, advogados, banc\u00e1rios e ferrovi\u00e1rios.<\/p>\n<p>Desta forma, a classe trabalhadora n\u00e3o s\u00f3 se organiza para resistir ao golpe, mas demonstra concretamente sua for\u00e7a ao desorganizar e bloquear o funcionamento da economia nacional e de seus vizinhos. Como explica a Bloomberg: &#8220;As exporta\u00e7\u00f5es combinadas do Sud\u00e3o e do Sud\u00e3o do Sul de 130.000 barris de petr\u00f3leo por dia est\u00e3o em risco se a crise persistir&#8221;, disse a consultoria do setor FGE, em nota. O Sud\u00e3o do Sul, sem litoral, que produz a maior parte dessa quantidade e bombeia cerca de 156 mil barris por dia, exporta seu petr\u00f3leo por meio de um oleoduto para a costa do Mar Vermelho do Sud\u00e3o. O petr\u00f3leo \u00e9 praticamente sua \u00fanica fonte de renda. Segundo a EGF, as opera\u00e7\u00f5es da \u00fanica refinaria do Sud\u00e3o em Cartum (a capital), que recebe o material base do sul, s\u00e3o as mais amea\u00e7adas pelos dist\u00farbios. A infraestrutura de petr\u00f3leo do pa\u00eds tamb\u00e9m pode estar em perigo.<\/p>\n<p>N\u00e3o \u00e9 por acaso que, neste contexto, a junta militar optou pela primeira vez por recorrer \u00e0 repress\u00e3o brutal, matando uma dezena de pessoas e ferindo 150 no primeiro dia de protestos. Os militares tamb\u00e9m cortaram o acesso \u00e0 Internet e \u00e0s comunica\u00e7\u00f5es telef\u00f4nicas para dificultar a coordena\u00e7\u00e3o dos manifestantes. Os militares tamb\u00e9m dissolveram os sindicatos por decreto, embora essa decis\u00e3o, segundo alguns depoimentos, tenha surtido pouco efeito.<\/p>\n<p>Por\u00e9m, apesar da repress\u00e3o, a classe trabalhadora e a juventude conseguiram se organizar por meio de comit\u00eas de resist\u00eancia, como j\u00e1 dissemos, mas tamb\u00e9m com engenhosidade: na falta de conex\u00e3o \u00e0 Internet, foram feitos apelos \u00e0 greve geral pelos alto-falantes das mesquitas! Tamb\u00e9m para enfrentar o corte da Internet, em algumas regi\u00f5es os pr\u00f3prios trabalhadores religaram o servi\u00e7o.<\/p>\n<p>Nesse contexto, grandes manifesta\u00e7\u00f5es s\u00e3o esperadas para derrubar o governo militar. No momento \u00e9 imposs\u00edvel saber como os militares v\u00e3o reagir, ou qu\u00e3o grande ser\u00e1 a manifesta\u00e7\u00e3o. Mas o que est\u00e1 claro \u00e9 que hoje s\u00e3o os trabalhadores e os jovens que constituem a principal oposi\u00e7\u00e3o ao governo militar.<\/p>\n<p>No entanto, tamb\u00e9m \u00e9 essencial que a classe trabalhadora, as mulheres, a juventude e as classes populares sudanesas n\u00e3o confiem nas pot\u00eancias imperialistas e nos seus agentes locais que se dizem opor ao golpe. Isso \u00e9 para evitar, a todo custo, a armadilha que j\u00e1 esquematizaram em 2019, ao criar o governo de transi\u00e7\u00e3o com os militares. Os Estados Unidos, a Uni\u00e3o Europeia, o FMI e o Banco Mundial querem um retorno \u00e0 situa\u00e7\u00e3o anterior. Mas, para os trabalhadores e as classes populares, tal volta representa um beco sem sa\u00edda. \u00c9 precisamente este governo de compromisso lan\u00e7ado em 2019 que permitiu ao ex\u00e9rcito e aos membros do antigo regime reter em grande parte o seu poder pol\u00edtico e econ\u00f4mico e, no devido tempo, derrubar o fr\u00e1gil \u201cgoverno de transi\u00e7\u00e3o\u201d. E foi esse &#8220;governo de transi\u00e7\u00e3o&#8221; que negociou empr\u00e9stimos com doadores internacionais em troca de medidas de austeridade contra os trabalhadores.<\/p>\n<p>Para a classe trabalhadora e a juventude, trata-se mais de se organizar de forma independente no local de trabalho e nos bairros da classe trabalhadora, dos quais os comit\u00eas de resist\u00eancia poderiam ser um primeiro passo. Somente por meio dessa organiza\u00e7\u00e3o, independente dos diferentes setores da burguesia local, a classe trabalhadora poder\u00e1 defender suas pr\u00f3prias demandas pol\u00edticas e sociais, mas tamb\u00e9m as dos diversos setores oprimidos da sociedade, como as mulheres e as minorias \u00e9tnicas no pa\u00eds. Esta experi\u00eancia tamb\u00e9m pode ser um primeiro passo para o nascimento de uma organiza\u00e7\u00e3o pol\u00edtica dos trabalhadores e oprimidos do Sud\u00e3o, que lutar\u00e1 para derrubar este sistema assassino, opressor e explorador em suas ra\u00edzes.<\/p>\n<p>Fonte: https:\/\/www.laizquierdadiario.com\/Sudan-huelga-general-y-movilizaciones-la-clase-obrera-puede-derribar-a-los-militares<\/p>\n","protected":false},"excerpt":{"rendered":"<a class=\"moretag\" href=\"https:\/\/pcb.org.br\/portal2\/28026\"> <\/a>","protected":false},"author":1,"featured_media":0,"comment_status":"closed","ping_status":"closed","sticky":false,"template":"","format":"standard","meta":{"jetpack_post_was_ever_published":false,"_jetpack_newsletter_access":"","_jetpack_dont_email_post_to_subs":false,"_jetpack_newsletter_tier_id":0,"_jetpack_memberships_contains_paywalled_content":false,"_jetpack_memberships_contains_paid_content":false,"footnotes":"","jetpack_publicize_message":"","jetpack_publicize_feature_enabled":true,"jetpack_social_post_already_shared":true,"jetpack_social_options":{"image_generator_settings":{"template":"highway","default_image_id":0,"font":"","enabled":false},"version":2}},"categories":[253],"tags":[234],"class_list":["post-28026","post","type-post","status-publish","format-standard","hentry","category-sudao","tag-6b"],"jetpack_publicize_connections":[],"jetpack_featured_media_url":"","jetpack_shortlink":"https:\/\/wp.me\/p659gw-7i2","jetpack-related-posts":[],"jetpack_likes_enabled":true,"jetpack_sharing_enabled":true,"_links":{"self":[{"href":"https:\/\/pcb.org.br\/portal2\/wp-json\/wp\/v2\/posts\/28026","targetHints":{"allow":["GET"]}}],"collection":[{"href":"https:\/\/pcb.org.br\/portal2\/wp-json\/wp\/v2\/posts"}],"about":[{"href":"https:\/\/pcb.org.br\/portal2\/wp-json\/wp\/v2\/types\/post"}],"author":[{"embeddable":true,"href":"https:\/\/pcb.org.br\/portal2\/wp-json\/wp\/v2\/users\/1"}],"replies":[{"embeddable":true,"href":"https:\/\/pcb.org.br\/portal2\/wp-json\/wp\/v2\/comments?post=28026"}],"version-history":[{"count":1,"href":"https:\/\/pcb.org.br\/portal2\/wp-json\/wp\/v2\/posts\/28026\/revisions"}],"predecessor-version":[{"id":33657,"href":"https:\/\/pcb.org.br\/portal2\/wp-json\/wp\/v2\/posts\/28026\/revisions\/33657"}],"wp:attachment":[{"href":"https:\/\/pcb.org.br\/portal2\/wp-json\/wp\/v2\/media?parent=28026"}],"wp:term":[{"taxonomy":"category","embeddable":true,"href":"https:\/\/pcb.org.br\/portal2\/wp-json\/wp\/v2\/categories?post=28026"},{"taxonomy":"post_tag","embeddable":true,"href":"https:\/\/pcb.org.br\/portal2\/wp-json\/wp\/v2\/tags?post=28026"}],"curies":[{"name":"wp","href":"https:\/\/api.w.org\/{rel}","templated":true}]}}