{"id":28044,"date":"2021-11-14T23:47:29","date_gmt":"2021-11-15T02:47:29","guid":{"rendered":"https:\/\/pcb.org.br\/portal2\/?p=28044"},"modified":"2021-11-14T23:47:29","modified_gmt":"2021-11-15T02:47:29","slug":"india-trabalhadores-intensificam-a-luta","status":"publish","type":"post","link":"https:\/\/pcb.org.br\/portal2\/28044","title":{"rendered":"\u00cdndia: trabalhadores intensificam a luta"},"content":{"rendered":"<p><img decoding=\"async\" class=\"imagem\" title=\"imagem\" src=\"https:\/\/i0.wp.com\/www.abrilabril.pt\/sites\/default\/files\/styles\/node_aberto_vp768\/public\/assets\/img\/15366.jpeg?itok=lBmLzNPZ\" alt=\"imagem\" \/><!--more-->Na Conven\u00e7\u00e3o Nacional dos Trabalhadores indianos participaram os l\u00edderes de dez centrais sindicais do pa\u00eds<\/p>\n<p>Cr\u00e9ditos \/ Central Trade Unions \/ Newsclick<\/p>\n<p>AbrilAbril<\/p>\n<p>A Conven\u00e7\u00e3o Nacional dos Trabalhadores indianos verificou a necessidade de elevar a luta \u00abpara o n\u00edvel da resist\u00eancia\u00bb, avan\u00e7ou para novas exig\u00eancias e mobiliza\u00e7\u00f5es, e come\u00e7ou a preparar uma greve geral.<\/p>\n<p>A greve ainda n\u00e3o tem data marcada, mas, de acordo com a mo\u00e7\u00e3o aprovada no encontro da \u00faltima quinta-feira, ficou estabelecido que ser\u00e1 realizada durante os debates or\u00e7amentais do in\u00edcio do pr\u00f3ximo ano.<\/p>\n<p>O plen\u00e1rio decidiu ainda que, no pr\u00f3ximo dia 26 de novembro, ter\u00e1 lugar uma manifesta\u00e7\u00e3o nacional na capital do pa\u00eds para assinalar um ano de luta dos agricultores.<\/p>\n<p>A conven\u00e7\u00e3o, que se realizou em Nova D\u00e9li, foi convocada por uma plataforma que re\u00fane dez centrais sindicais da \u00cdndia, al\u00e9m de muitas federa\u00e7\u00f5es e associa\u00e7\u00f5es setoriais independentes, incluindo a Samyukta Kisan Morcha \u2013 a coliga\u00e7\u00e3o de sindicatos agr\u00edcolas que tem dinamizado a luta contra as leis que prejudicam o setor.<\/p>\n<p>As decis\u00f5es tomadas no encontro, que reuniu trabalhadores e dirigentes sindicais de todo o pa\u00eds asi\u00e1tico, inscrevem-se num contexto de desemprego crescente, de aumentos de pre\u00e7os dos bens essenciais e de desvaloriza\u00e7\u00e3o dos sal\u00e1rios, refere o portal Newsclick.<\/p>\n<p>Na mo\u00e7\u00e3o aprovada, os dirigentes sindicais acusaram o governo de Narendra Modi de n\u00e3o ter prestado a ajuda necess\u00e1ria aos trabalhadores durante a pandemia e de ter optado por avan\u00e7ar com a \u00abprivatiza\u00e7\u00e3o imprudente\u00bb dos ativos nacionais e das empresas do setor p\u00fablico, indica a fonte.<\/p>\n<p>Defender o emprego, valorizar o trabalho, exigir mais ajudas e combater as privatiza\u00e7\u00f5es<\/p>\n<p>Os diversos oradores, que se referiram \u00e0 luta em curso dos agricultores, pediram aos delegados presentes que transmitam \u00e0s bases as reivindica\u00e7\u00f5es aprovadas na conven\u00e7\u00e3o e garantam o \u00eaxito da greve em todo o pa\u00eds durante a pr\u00f3xima sess\u00e3o de debate or\u00e7amental, informa o portal Peoples Democracy.<\/p>\n<p>Entre as reivindica\u00e7\u00f5es do programa nacional de luta decidido esta quinta-feira, contam-se a revoga\u00e7\u00e3o dos c\u00f3digos laborais, a elimina\u00e7\u00e3o das leis danosas para o setor agr\u00edcola e o \u00abn\u00e3o\u00bb \u00e0s privatiza\u00e7\u00f5es.<\/p>\n<p>A plataforma de sindicatos exige ainda uma ajuda alimentar e de rendimentos para quem n\u00e3o paga impostos, o prolongamento da garantia de emprego nas zonas urbanas, a seguran\u00e7a social universal para os trabalhadores do sector informal.<\/p>\n<p>Reclama tamb\u00e9m maior prote\u00e7\u00e3o para os trabalhadores na primeira linha de combate \u00e0 pandemia, aumento do investimento p\u00fablico na agricultura, na educa\u00e7\u00e3o, na sa\u00fade e nos servi\u00e7os p\u00fablicos, bem como medidas para barrar a alta dos pre\u00e7os.<\/p>\n<p>\u00abH\u00e1 sem d\u00favida desafios colocados ao movimento oper\u00e1rio. Mas n\u00f3s estamos levando adiante a nossa luta unificada no combate a esses desafios\u00bb, afirmam os trabalhadores na mo\u00e7\u00e3o aprovada.<\/p>\n","protected":false},"excerpt":{"rendered":"<a class=\"moretag\" href=\"https:\/\/pcb.org.br\/portal2\/28044\"> <\/a>","protected":false},"author":1,"featured_media":0,"comment_status":"closed","ping_status":"closed","sticky":false,"template":"","format":"standard","meta":{"jetpack_post_was_ever_published":false,"_jetpack_newsletter_access":"","_jetpack_dont_email_post_to_subs":false,"_jetpack_newsletter_tier_id":0,"_jetpack_memberships_contains_paywalled_content":false,"_jetpack_memberships_contains_paid_content":false,"footnotes":"","jetpack_publicize_message":"","jetpack_publicize_feature_enabled":true,"jetpack_social_post_already_shared":true,"jetpack_social_options":{"image_generator_settings":{"template":"highway","default_image_id":0,"font":"","enabled":false},"version":2}},"categories":[261],"tags":[234],"class_list":["post-28044","post","type-post","status-publish","format-standard","hentry","category-india","tag-6b"],"jetpack_publicize_connections":[],"jetpack_featured_media_url":"","jetpack_shortlink":"https:\/\/wp.me\/p659gw-7ik","jetpack-related-posts":[],"jetpack_likes_enabled":true,"jetpack_sharing_enabled":true,"_links":{"self":[{"href":"https:\/\/pcb.org.br\/portal2\/wp-json\/wp\/v2\/posts\/28044","targetHints":{"allow":["GET"]}}],"collection":[{"href":"https:\/\/pcb.org.br\/portal2\/wp-json\/wp\/v2\/posts"}],"about":[{"href":"https:\/\/pcb.org.br\/portal2\/wp-json\/wp\/v2\/types\/post"}],"author":[{"embeddable":true,"href":"https:\/\/pcb.org.br\/portal2\/wp-json\/wp\/v2\/users\/1"}],"replies":[{"embeddable":true,"href":"https:\/\/pcb.org.br\/portal2\/wp-json\/wp\/v2\/comments?post=28044"}],"version-history":[{"count":0,"href":"https:\/\/pcb.org.br\/portal2\/wp-json\/wp\/v2\/posts\/28044\/revisions"}],"wp:attachment":[{"href":"https:\/\/pcb.org.br\/portal2\/wp-json\/wp\/v2\/media?parent=28044"}],"wp:term":[{"taxonomy":"category","embeddable":true,"href":"https:\/\/pcb.org.br\/portal2\/wp-json\/wp\/v2\/categories?post=28044"},{"taxonomy":"post_tag","embeddable":true,"href":"https:\/\/pcb.org.br\/portal2\/wp-json\/wp\/v2\/tags?post=28044"}],"curies":[{"name":"wp","href":"https:\/\/api.w.org\/{rel}","templated":true}]}}