{"id":28064,"date":"2021-11-19T07:44:40","date_gmt":"2021-11-19T10:44:40","guid":{"rendered":"https:\/\/pcb.org.br\/portal2\/?p=28064"},"modified":"2021-11-19T07:44:40","modified_gmt":"2021-11-19T10:44:40","slug":"deixar-bolsonaro-sangrar-e-sangrar-em-dobro-a-classe-trabalhadora","status":"publish","type":"post","link":"https:\/\/pcb.org.br\/portal2\/28064","title":{"rendered":"Deixar Bolsonaro sangrar \u00e9 sangrar em dobro a classe trabalhadora"},"content":{"rendered":"<p><img decoding=\"async\" class=\"imagem\" title=\"imagem\" src=\"https:\/\/i0.wp.com\/www.opovo.com.br\/_midias\/jpg\/2021\/08\/13\/818x460\/1_31_1-16825340.jpg\" alt=\"imagem\" \/><!--more-->por Vin\u00edcius Okada*<\/p>\n<p>O m\u00eas de outubro cravou o fim do Bolsa Fam\u00edlia e do Aux\u00edlio Emergencial. O governo Bolsonaro-Mour\u00e3o acaba com ambos os programas sem colocar de imediato nenhum substituto \u00e0 altura. O Aux\u00edlio Emergencial atendia cerca de 39 milh\u00f5es de fam\u00edlias. O novo programa prometido pelo governo, o Aux\u00edlio Brasil, atender\u00e1 14,5 milh\u00f5es de fam\u00edlias. Na pr\u00e1tica, isso significa o fim da estrada para 22 milh\u00f5es de fam\u00edlias no pa\u00eds. Al\u00e9m disso, um estudo realizado pela Universidade Livre de Berlim junto com a UFMG publicado esse ano afirma que \u201c19 milh\u00f5es de brasileiros passaram fome e que mais da metade dos domic\u00edlios do pa\u00eds enfrentaram algum grau de inseguran\u00e7a alimentar\u201d no final de 2020.<\/p>\n<p>Al\u00e9m da falta de qualquer apoio do Estado, no segundo trimestre deste ano de 2021, a informalidade bateu recorde chegando a 48,7% da popula\u00e7\u00e3o ocupada no pa\u00eds. Esse crescimento, que ali\u00e1s tende a se manter a longo prazo, representa a mais pura e simples precariza\u00e7\u00e3o do trabalho no Brasil. Muitos trabalhadores perderam o emprego durante a pandemia e agora com a \u201cretomada\u201d do mercado, gera-se muito mais empregos informais do que com carteira assinada. Isso tudo levando em conta que o desemprego e a popula\u00e7\u00e3o subutilizada no pa\u00eds seguem alt\u00edssimas, apesar das baixas (t\u00edmidas) nas taxas: desemprego de 14,6% em maio para 13,2% em agosto (13,7 milh\u00f5es de pessoas); popula\u00e7\u00e3o subutilizada de 29,3% em maio para 27,4% da for\u00e7a de trabalho em agosto (31,1 milh\u00f5es de pessoas). Na pr\u00e1tica, isso significa uma cont\u00ednua baixa da renda m\u00e9dia brasileira e crescente precariza\u00e7\u00e3o e inseguran\u00e7a no mercado de trabalho.<\/p>\n<p>O cen\u00e1rio \u00e9 claro como o dia: a pol\u00edtica do governo Bolsonaro-Mour\u00e3o para com a pandemia da COVID-19 aprofundou violentamente a desigualdade social no Brasil e aumentou radicalmente o problema da fome no pa\u00eds. Esse cen\u00e1rio se agrava ainda mais agora, ao final de 2021, com o fim dos programas de distribui\u00e7\u00e3o de renda e a implementa\u00e7\u00e3o do Aux\u00edlio Brasil cobrindo um n\u00famero muito menor de fam\u00edlias e sem garantia de aumento de verba para o futuro. O governo Bolsonaro-Mour\u00e3o brinca com a vida do povo ao negociar mais verba para o futuro do programa enquanto milh\u00f5es de brasileiros passam fome sem perspectiva alguma de revers\u00e3o do quadro.<\/p>\n<p>A burguesia brasileira mostrou mais uma vez sua real face para os trabalhadores desde o in\u00edcio da longa crise econ\u00f4mica e pol\u00edtica brasileira que perdura desde 2013. Se \u00e9 verdade que o Brasil vive a hegemonia da pol\u00edtica neoliberal desde os anos 1990, \u00e9 tamb\u00e9m verdade que vivemos desde 2014 o aprofundamento da pol\u00edtica de ajuste fiscal, isto \u00e9, desde ent\u00e3o a burguesia pressiona o Estado para enxugar gastos sociais para desonerar o mercado privado, corta investimentos para o povo a favor do lucro das empresas privadas.<\/p>\n<p>Os partidos reformistas do pa\u00eds, contudo, n\u00e3o oferecem melhor resposta do que esperar as elei\u00e7\u00f5es de 2022, isto \u00e9, dizem que \u201cn\u00e3o temos outra coisa a fazer do que reconquistar a democracia\u201d, como disse Lula ao Parlamento Europeu. Pois, n\u00f3s comunistas respondemos: NADA MAIS ERRADO QUE ISSO. A t\u00e1tica do PT de n\u00e3o priorizar os atos de rua, as greves, a mobiliza\u00e7\u00e3o das massas, para deixar Bolsonaro perder popularidade at\u00e9 as elei\u00e7\u00f5es de 2022 \u00e9 puro oportunismo! Deixar Bolsonaro sangrar \u00e9 fazer a classe trabalhadora sangrar em dobro! Evidentemente que precisamos de respostas imediatas para a mis\u00e9ria do povo, mas, como disse L\u00eanin, OS GRANDES PROBLEMAS DOS POVOS NUNCA S\u00c3O RESOLVIDOS SEN\u00c3O PELA FOR\u00c7A! A \u00fanica sa\u00edda para obtermos respostas para a mis\u00e9ria do povo \u00e9 ARRANCAR DA BURGUESIA PELA FOR\u00c7A AS EXIG\u00caNCIAS DOS TRABALHADORES. Para isso, precisamos PRIORIZAR A LUTA DE MASSAS. Fortalecer os atos de rua, a luta dos trabalhadores, as greves, PARA CONSTRUIR UMA GREVE GERAL MASSIFICADA, para OCUPAR AS RUAS e DERROTAR Bolsonaro-Mour\u00e3o!<\/p>\n<p>A luta pela democracia \u00e9 um momento particular dentro da luta geral pela revolu\u00e7\u00e3o brasileira. N\u00e3o devemos nos iludir com uma promessa de \u201crepactua\u00e7\u00e3o democr\u00e1tica\u201d, uma nova promessa de \u201cconcilia\u00e7\u00e3o\u201d. Precisamos derrotar o projeto da burguesia em todas as suas vias: a fascista, a ultraliberal e a conciliat\u00f3ria social-liberal.<\/p>\n<p>A social-democracia brasileira, isto \u00e9, o reformismo, mostra seu verdadeiro car\u00e1ter de classe nesse momento. Enquanto a classe trabalhadora passa fome sem perspectiva de futuro, tais partidos preocupam-se primordialmente com as elei\u00e7\u00f5es do ano que vem depois de meses trabalhando ativamente para desmobilizar e frear os atos de rua.<\/p>\n<p>Em 2017, na jornada de lutas contra o presidente golpista Michel Temer, vimos as principais centrais sindicais esvaziar a greve geral e ent\u00e3o abrir m\u00e3o dessa pauta pela palavra de ordem de &#8220;elei\u00e7\u00f5es gerais j\u00e1\u201d. Em 2021, vimos o pa\u00eds ser tomado por atos de rua contra o governo federal durante meses e a social-democracia esvaziando gradualmente as ruas, espa\u00e7ando as datas entre atos, e at\u00e9 boicotando abertamente em algumas cidades, para ent\u00e3o abrir m\u00e3o da primordialidade da luta de massas para girar a discuss\u00e3o para o terreno das elei\u00e7\u00f5es de 2022.<\/p>\n<p>Seguindo o fio da hist\u00f3ria, o car\u00e1ter de classe da social-democracia fica claro: abrir m\u00e3o do protagonismo da classe trabalhadora na luta pol\u00edtica nacional, caminhar junto com a luta das massas exploradas at\u00e9 um limite seguro e ent\u00e3o frear as massas de sa\u00edrem dos limites da legalidade burguesa, RENUNCIAR \u00c0 HEGEMONIA PROLET\u00c1RIA EM PROL DA HEGEMONIA BURGUESA.<\/p>\n<p>Como disse L\u00eanin, n\u00e3o h\u00e1 revolu\u00e7\u00e3o verdadeira sem deslocamento de classes. A tarefa dos comunistas \u00e9 tirar o proletariado revolucion\u00e1rio detr\u00e1s da burguesia para construir, assim, o caminho de sua independ\u00eancia pol\u00edtica como vanguarda revolucion\u00e1ria das demais classes exploradas e oprimidas. Para isso, \u00e9 preciso demarcar claramente o car\u00e1ter de classe dos partidos e organiza\u00e7\u00f5es pol\u00edticas no Brasil. Denunciar a burguesia genocida e fascist\u00f3ide, alertar contra o reboquismo e oportunismo da social-democracia, afirmar e reafirmar o princ\u00edpio inalien\u00e1vel da hegemonia prolet\u00e1ria na constru\u00e7\u00e3o do Poder Popular.<\/p>\n<p>FONTES<\/p>\n<p>https:\/\/valor.globo.com\/politica\/noticia\/2021\/11\/15\/lula-confirma-aproximacao-para-ter-alckmin-como-vice-de-sua-chapa.ghtml<\/p>\n<p>https:\/\/valor.globo.com\/politica\/noticia\/2021\/11\/17\/disputa-retarda-solucao-para-19-milhoes-sem-auxilio.ghtml<\/p>\n<p>https:\/\/valor.globo.com\/brasil\/noticia\/2021\/11\/10\/trabalho-informal-bate-recorde-e-deve-continuar-a-crescer.ghtml<\/p>\n<p>https:\/\/valor.globo.com\/brasil\/noticia\/2021\/11\/03\/criacao-de-emprego-formal-em-2020-e-revisada-e-cai-quase-pela-metade.ghtml<\/p>\n<p>https:\/\/valor.globo.com\/brasil\/noticia\/2021\/10\/27\/mo-de-obra-desperdiada-no-pas-recua-para-311-milhes-de-pessoas-diz-ibge.ghtml<\/p>\n<p>https:\/\/valor.globo.com\/brasil\/noticia\/2021\/10\/27\/ibge-desemprego-cai-a-132percent-no-trimestre-ate-agosto-e-afeta-137-milhoes-de-brasileiros.ghtml<\/p>\n<p>https:\/\/agenciadenoticias.ibge.gov.br\/agencia-sala-de-imprensa\/2013-agencia-de-noticias\/releases\/28896-pof-2017-2018-proporcao-de-domicilios-com-seguranca-alimentar-fica-abaixo-do-resultado-de-2004<\/p>\n<p>https:\/\/agenciabrasil.ebc.com.br\/geral\/noticia\/2021-04\/pesquisa-revela-que-19-milhoes-passaram-fome-no-brasil-no-fim-de-2020<\/p>\n<blockquote class=\"wp-embedded-content\" data-secret=\"UPBLRRFnl2\"><p><a href=\"https:\/\/pt.org.br\/auxilio-brasil-e-bolsa-eleicao-improvisado-e-poe-em-risco-futuro-do-programa\/\">Aux\u00edlio Brasil \u00e9 Bolsa Elei\u00e7\u00e3o improvisado e p\u00f5e em risco futuro do programa<\/a><\/p><\/blockquote>\n<p><iframe loading=\"lazy\" class=\"wp-embedded-content\" sandbox=\"allow-scripts\" security=\"restricted\" style=\"position: absolute; clip: rect(1px, 1px, 1px, 1px);\" title=\"&#8220;Aux\u00edlio Brasil \u00e9 Bolsa Elei\u00e7\u00e3o improvisado e p\u00f5e em risco futuro do programa&#8221; &#8212; Partido dos Trabalhadores\" src=\"https:\/\/pt.org.br\/auxilio-brasil-e-bolsa-eleicao-improvisado-e-poe-em-risco-futuro-do-programa\/embed\/#?secret=UPBLRRFnl2\" data-secret=\"UPBLRRFnl2\" width=\"600\" height=\"338\" frameborder=\"0\" marginwidth=\"0\" marginheight=\"0\" scrolling=\"no\"><\/iframe><\/p>\n<blockquote class=\"wp-embedded-content\" data-secret=\"aM5vPMZjvm\"><p><a href=\"https:\/\/pt.org.br\/auxilio-brasil-de-bolsonaro-abandona-mais-de-20-milhoes-a-propria-sorte\/\">Aux\u00edlio Brasil de Bolsonaro abandona mais de 20 milh\u00f5es \u00e0 pr\u00f3pria sorte<\/a><\/p><\/blockquote>\n<p><iframe loading=\"lazy\" class=\"wp-embedded-content\" sandbox=\"allow-scripts\" security=\"restricted\" style=\"position: absolute; clip: rect(1px, 1px, 1px, 1px);\" title=\"&#8220;Aux\u00edlio Brasil de Bolsonaro abandona mais de 20 milh\u00f5es \u00e0 pr\u00f3pria sorte&#8221; &#8212; Partido dos Trabalhadores\" src=\"https:\/\/pt.org.br\/auxilio-brasil-de-bolsonaro-abandona-mais-de-20-milhoes-a-propria-sorte\/embed\/#?secret=aM5vPMZjvm\" data-secret=\"aM5vPMZjvm\" width=\"600\" height=\"338\" frameborder=\"0\" marginwidth=\"0\" marginheight=\"0\" scrolling=\"no\"><\/iframe><\/p>\n<blockquote class=\"wp-embedded-content\" data-secret=\"Xo48vVPGbS\"><p><a href=\"https:\/\/pt.org.br\/lula-nao-temos-outra-coisa-a-fazer-a-nao-ser-reconquistar-a-democracia\/\">Lula: &#8220;N\u00e3o temos outra coisa a fazer a n\u00e3o ser reconquistar a democracia\u201d<\/a><\/p><\/blockquote>\n<p><iframe loading=\"lazy\" class=\"wp-embedded-content\" sandbox=\"allow-scripts\" security=\"restricted\" style=\"position: absolute; clip: rect(1px, 1px, 1px, 1px);\" title=\"&#8220;Lula: &#8220;N\u00e3o temos outra coisa a fazer a n\u00e3o ser reconquistar a democracia\u201d&#8221; &#8212; Partido dos Trabalhadores\" src=\"https:\/\/pt.org.br\/lula-nao-temos-outra-coisa-a-fazer-a-nao-ser-reconquistar-a-democracia\/embed\/#?secret=Xo48vVPGbS\" data-secret=\"Xo48vVPGbS\" width=\"600\" height=\"338\" frameborder=\"0\" marginwidth=\"0\" marginheight=\"0\" scrolling=\"no\"><\/iframe><\/p>\n<blockquote class=\"wp-embedded-content\" data-secret=\"iayQFODiXj\"><p><a href=\"https:\/\/pt.org.br\/bolsa-familia-e-auxilio-emergencial-acabam-abandono-e-incerteza-assumem\/\">Bolsa Fam\u00edlia e aux\u00edlio emergencial acabam; abandono e incerteza assumem<\/a><\/p><\/blockquote>\n<p><iframe loading=\"lazy\" class=\"wp-embedded-content\" sandbox=\"allow-scripts\" security=\"restricted\" style=\"position: absolute; clip: rect(1px, 1px, 1px, 1px);\" title=\"&#8220;Bolsa Fam\u00edlia e aux\u00edlio emergencial acabam; abandono e incerteza assumem&#8221; &#8212; Partido dos Trabalhadores\" src=\"https:\/\/pt.org.br\/bolsa-familia-e-auxilio-emergencial-acabam-abandono-e-incerteza-assumem\/embed\/#?secret=iayQFODiXj\" data-secret=\"iayQFODiXj\" width=\"600\" height=\"338\" frameborder=\"0\" marginwidth=\"0\" marginheight=\"0\" scrolling=\"no\"><\/iframe><\/p>\n<blockquote class=\"wp-embedded-content\" data-secret=\"RIpo7qcINm\"><p><a href=\"https:\/\/pt.org.br\/fome-atingiu-15-dos-lares-brasileiros-no-fim-de-2020\/\">Fome atingiu 15% dos lares brasileiros no fim de 2020<\/a><\/p><\/blockquote>\n<p><iframe loading=\"lazy\" class=\"wp-embedded-content\" sandbox=\"allow-scripts\" security=\"restricted\" style=\"position: absolute; clip: rect(1px, 1px, 1px, 1px);\" title=\"&#8220;Fome atingiu 15% dos lares brasileiros no fim de 2020&#8221; &#8212; Partido dos Trabalhadores\" src=\"https:\/\/pt.org.br\/fome-atingiu-15-dos-lares-brasileiros-no-fim-de-2020\/embed\/#?secret=RIpo7qcINm\" data-secret=\"RIpo7qcINm\" width=\"600\" height=\"338\" frameborder=\"0\" marginwidth=\"0\" marginheight=\"0\" scrolling=\"no\"><\/iframe><\/p>\n<blockquote class=\"wp-embedded-content\" data-secret=\"2HSTEzdSkQ\"><p><a href=\"https:\/\/www.cartacapital.com.br\/sociedade\/fome-no-brasil-cresce-e-supera-taxa-de-quando-bolsa-familia-foi-criado\/\">Fome no Brasil cresce e supera taxa de quando Bolsa Fam\u00edlia foi criado<\/a><\/p><\/blockquote>\n<p><iframe loading=\"lazy\" class=\"wp-embedded-content\" sandbox=\"allow-scripts\" security=\"restricted\" style=\"position: absolute; clip: rect(1px, 1px, 1px, 1px);\" title=\"&#8220;Fome no Brasil cresce e supera taxa de quando Bolsa Fam\u00edlia foi criado&#8221; &#8212; CartaCapital\" src=\"https:\/\/www.cartacapital.com.br\/sociedade\/fome-no-brasil-cresce-e-supera-taxa-de-quando-bolsa-familia-foi-criado\/embed\/#?secret=2HSTEzdSkQ\" data-secret=\"2HSTEzdSkQ\" width=\"600\" height=\"338\" frameborder=\"0\" marginwidth=\"0\" marginheight=\"0\" scrolling=\"no\"><\/iframe><\/p>\n<blockquote class=\"wp-embedded-content\" data-secret=\"Oo1abHEWZc\"><p><a href=\"https:\/\/vermelho.org.br\/coluna\/no-brasil-o-pobre-passa-fome-e-o-rico-ri-a-toa\/\">No Brasil, o pobre passa fome e o rico ri \u00e0 toa<\/a><\/p><\/blockquote>\n<p><iframe loading=\"lazy\" class=\"wp-embedded-content\" sandbox=\"allow-scripts\" security=\"restricted\" style=\"position: absolute; clip: rect(1px, 1px, 1px, 1px);\" title=\"&#8220;No Brasil, o pobre passa fome e o rico ri \u00e0 toa&#8221; &#8212; Vermelho\" src=\"https:\/\/vermelho.org.br\/coluna\/no-brasil-o-pobre-passa-fome-e-o-rico-ri-a-toa\/embed\/#?secret=Oo1abHEWZc\" data-secret=\"Oo1abHEWZc\" width=\"600\" height=\"338\" frameborder=\"0\" marginwidth=\"0\" marginheight=\"0\" scrolling=\"no\"><\/iframe><\/p>\n<p>* Vin\u00edcius Okada \u00e9 militante do PCB e da UJC na cidade de S\u00e3o Paulo.<\/p>\n","protected":false},"excerpt":{"rendered":"<a class=\"moretag\" href=\"https:\/\/pcb.org.br\/portal2\/28064\"> <\/a>","protected":false},"author":1,"featured_media":0,"comment_status":"closed","ping_status":"closed","sticky":false,"template":"","format":"standard","meta":{"jetpack_post_was_ever_published":false,"_jetpack_newsletter_access":"","_jetpack_dont_email_post_to_subs":false,"_jetpack_newsletter_tier_id":0,"_jetpack_memberships_contains_paywalled_content":false,"_jetpack_memberships_contains_paid_content":false,"footnotes":"","jetpack_publicize_message":"","jetpack_publicize_feature_enabled":true,"jetpack_social_post_already_shared":true,"jetpack_social_options":{"image_generator_settings":{"template":"highway","default_image_id":0,"font":"","enabled":false},"version":2}},"categories":[7],"tags":[226],"class_list":["post-28064","post","type-post","status-publish","format-standard","hentry","category-s8-brasil","tag-4b"],"jetpack_publicize_connections":[],"jetpack_featured_media_url":"","jetpack_shortlink":"https:\/\/wp.me\/p659gw-7iE","jetpack-related-posts":[],"jetpack_likes_enabled":true,"jetpack_sharing_enabled":true,"_links":{"self":[{"href":"https:\/\/pcb.org.br\/portal2\/wp-json\/wp\/v2\/posts\/28064","targetHints":{"allow":["GET"]}}],"collection":[{"href":"https:\/\/pcb.org.br\/portal2\/wp-json\/wp\/v2\/posts"}],"about":[{"href":"https:\/\/pcb.org.br\/portal2\/wp-json\/wp\/v2\/types\/post"}],"author":[{"embeddable":true,"href":"https:\/\/pcb.org.br\/portal2\/wp-json\/wp\/v2\/users\/1"}],"replies":[{"embeddable":true,"href":"https:\/\/pcb.org.br\/portal2\/wp-json\/wp\/v2\/comments?post=28064"}],"version-history":[{"count":0,"href":"https:\/\/pcb.org.br\/portal2\/wp-json\/wp\/v2\/posts\/28064\/revisions"}],"wp:attachment":[{"href":"https:\/\/pcb.org.br\/portal2\/wp-json\/wp\/v2\/media?parent=28064"}],"wp:term":[{"taxonomy":"category","embeddable":true,"href":"https:\/\/pcb.org.br\/portal2\/wp-json\/wp\/v2\/categories?post=28064"},{"taxonomy":"post_tag","embeddable":true,"href":"https:\/\/pcb.org.br\/portal2\/wp-json\/wp\/v2\/tags?post=28064"}],"curies":[{"name":"wp","href":"https:\/\/api.w.org\/{rel}","templated":true}]}}