{"id":28084,"date":"2021-11-21T18:37:08","date_gmt":"2021-11-21T21:37:08","guid":{"rendered":"https:\/\/pcb.org.br\/portal2\/?p=28084"},"modified":"2021-11-21T18:37:08","modified_gmt":"2021-11-21T21:37:08","slug":"a-luta-antirracista-e-uma-luta-anticapitalista","status":"publish","type":"post","link":"https:\/\/pcb.org.br\/portal2\/28084","title":{"rendered":"A luta antirracista \u00e9 uma luta anticapitalista"},"content":{"rendered":"<p><img decoding=\"async\" class=\"imagem\" title=\"imagem\" src=\"https:\/\/i0.wp.com\/unidadeclassista.org.br\/wp-content\/uploads\/2021\/11\/photo4954163283682771276.jpg\" alt=\"imagem\" \/><!--more-->N\u00c3O \u00c9 POSS\u00cdVEL COMBATER O RACISMO SEM DESTRUIR O CAPITALISMO<\/p>\n<p>Antonio Alves<br \/>\nSecret\u00e1rio de Luta Antirracista da Unidade Classista<\/p>\n<p>A hist\u00f3ria da forma\u00e7\u00e3o social brasileira est\u00e1 diretamente ligada \u00e0 forma de explora\u00e7\u00e3o mais cruel da humanidade: o processo de sequestro, comercializa\u00e7\u00e3o e escraviza\u00e7\u00e3o de seres humanos com objetivo de obter lucro, utilizando-se de a\u00e7\u00f5es de desumaniza\u00e7\u00e3o de todo um povo (africanos) para garantir o lucro dos senhores de engenho e transferir suas riquezas para a metr\u00f3pole portuguesa.<\/p>\n<p>Ap\u00f3s o longo e doloroso processo hist\u00f3rico de resist\u00eancia e luta da popula\u00e7\u00e3o negra, o direito \u00e0 liberdade foi conquistado, por\u00e9m, ap\u00f3s 300 anos de escravid\u00e3o, n\u00e3o houve nenhuma possibilidade de inser\u00e7\u00e3o, assimila\u00e7\u00e3o ou adequa\u00e7\u00e3o da popula\u00e7\u00e3o negra \u00e0 sociedade burguesa em forma\u00e7\u00e3o no Brasil.<\/p>\n<p>O resultado pr\u00e1tico foi a marginaliza\u00e7\u00e3o de uma popula\u00e7\u00e3o que foi colocada como principal base da pir\u00e2mide social da desigualdade. Homens e mulheres negras ocuparam espa\u00e7os de trabalho precarizado, sem oportunidades para o seu desenvolvimento pleno como pessoas livres dentro da pr\u00f3pria concep\u00e7\u00e3o burguesa.<\/p>\n<p>Com o desenvolvimento e o avan\u00e7o das for\u00e7as de produ\u00e7\u00e3o capitalistas no Brasil e a necessidade da forma\u00e7\u00e3o da m\u00e3o de obra no processo de industrializa\u00e7\u00e3o, a classe trabalhadora foi sendo formada, tendo como parte significativa a popula\u00e7\u00e3o negra que foi ocupando os espa\u00e7os dentro das f\u00e1bricas, mesmo com uma desigualdade nos espa\u00e7os de comando e na remunera\u00e7\u00e3o desses empregados negros em diferen\u00e7a dos n\u00e3o negros.<\/p>\n<p>Com os ataques constantes \u00e0 classe trabalhadora nessa quadra hist\u00f3rica, percebemos que a popula\u00e7\u00e3o negra, principalmente as mulheres negras, s\u00e3o as que est\u00e3o nos piores trabalhos, como dom\u00e9sticas ou como base dos servi\u00e7os terceirizados.<\/p>\n<p>O Brasil \u00e9 o pa\u00eds no mundo com a maior popula\u00e7\u00e3o negra fora do continente africano (56,1%), com a maioria dessa popula\u00e7\u00e3o ocupando espa\u00e7o de subemprego, trabalhos precarizados, com baixos sal\u00e1rios ou jogados na informalidade ou no desemprego.<\/p>\n<p>No contexto da pandemia, acompanhamos na pr\u00e1tica o exterm\u00ednio da popula\u00e7\u00e3o negra, seja pelas balas da repress\u00e3o policial que persegue, criminaliza e mata essa parte significativa da popula\u00e7\u00e3o, ou pela neglig\u00eancia provocada politicamente contra as periferias, onde a morte por Covid-19 encerrou a vida de milhares de brasileiros e brasileiras durante essa pandemia.<\/p>\n<p>A Secretaria de Luta Antirracista da Unidade Classista conclama a classe trabalhadora, em sua maioria negra, a se levantar para al\u00e9m deste dia 20 de novembro de 2021 e a dizer n\u00e3o ao capitalismo, a derrotar o governo fascista de Jair Bolsonaro e derrubar o governo mais racista da hist\u00f3ria do pa\u00eds. S\u00f3 o processo de organiza\u00e7\u00e3o da popula\u00e7\u00e3o negra como classe, compreendendo o processo de luta e respeitando as suas especificidades \u00e9 que poderemos derrotar o racismo e destruir o capitalismo, pois como j\u00e1 falou Malcolm X: \u201cN\u00e3o existe capitalismo sem racismo\u201d.<\/p>\n","protected":false},"excerpt":{"rendered":"<a class=\"moretag\" href=\"https:\/\/pcb.org.br\/portal2\/28084\"> <\/a>","protected":false},"author":1,"featured_media":0,"comment_status":"closed","ping_status":"closed","sticky":false,"template":"","format":"standard","meta":{"jetpack_post_was_ever_published":false,"_jetpack_newsletter_access":"","_jetpack_dont_email_post_to_subs":false,"_jetpack_newsletter_tier_id":0,"_jetpack_memberships_contains_paywalled_content":false,"_jetpack_memberships_contains_paid_content":false,"footnotes":"","jetpack_publicize_message":"","jetpack_publicize_feature_enabled":true,"jetpack_social_post_already_shared":true,"jetpack_social_options":{"image_generator_settings":{"template":"highway","default_image_id":0,"font":"","enabled":false},"version":2}},"categories":[31],"tags":[219],"class_list":["post-28084","post","type-post","status-publish","format-standard","hentry","category-c31-unidade-classista","tag-manchete"],"jetpack_publicize_connections":[],"jetpack_featured_media_url":"","jetpack_shortlink":"https:\/\/wp.me\/p659gw-7iY","jetpack-related-posts":[],"jetpack_likes_enabled":true,"jetpack_sharing_enabled":true,"_links":{"self":[{"href":"https:\/\/pcb.org.br\/portal2\/wp-json\/wp\/v2\/posts\/28084","targetHints":{"allow":["GET"]}}],"collection":[{"href":"https:\/\/pcb.org.br\/portal2\/wp-json\/wp\/v2\/posts"}],"about":[{"href":"https:\/\/pcb.org.br\/portal2\/wp-json\/wp\/v2\/types\/post"}],"author":[{"embeddable":true,"href":"https:\/\/pcb.org.br\/portal2\/wp-json\/wp\/v2\/users\/1"}],"replies":[{"embeddable":true,"href":"https:\/\/pcb.org.br\/portal2\/wp-json\/wp\/v2\/comments?post=28084"}],"version-history":[{"count":0,"href":"https:\/\/pcb.org.br\/portal2\/wp-json\/wp\/v2\/posts\/28084\/revisions"}],"wp:attachment":[{"href":"https:\/\/pcb.org.br\/portal2\/wp-json\/wp\/v2\/media?parent=28084"}],"wp:term":[{"taxonomy":"category","embeddable":true,"href":"https:\/\/pcb.org.br\/portal2\/wp-json\/wp\/v2\/categories?post=28084"},{"taxonomy":"post_tag","embeddable":true,"href":"https:\/\/pcb.org.br\/portal2\/wp-json\/wp\/v2\/tags?post=28084"}],"curies":[{"name":"wp","href":"https:\/\/api.w.org\/{rel}","templated":true}]}}