{"id":28094,"date":"2021-11-25T14:29:35","date_gmt":"2021-11-25T17:29:35","guid":{"rendered":"https:\/\/pcb.org.br\/portal2\/?p=28094"},"modified":"2021-12-02T23:35:05","modified_gmt":"2021-12-03T02:35:05","slug":"todo-repudio-a-chacina-em-sao-goncalo-rj","status":"publish","type":"post","link":"https:\/\/pcb.org.br\/portal2\/28094","title":{"rendered":"Todo rep\u00fadio \u00e0 chacina em S\u00e3o Gon\u00e7alo-RJ!"},"content":{"rendered":"<p><img decoding=\"async\" class=\"imagem\" title=\"imagem\" src=\"https:\/\/i0.wp.com\/lh3.googleusercontent.com\/pw\/AM-JKLU7jrSrvuCUccGhJN2NtXGNsAcG9g8HpcoWL7Cv96myq2R5f4G5yTajO8t0cLyl1fQrgVkvc129abAJcaFDuK_WcWj_Ib0lzKuLQGfOLKw4Mqc0i_5ut0_H8-8GZwjQW6_0uGMq7yhZjNva4C-tBY6q=s526-no\" alt=\"imagem\" \/><!--more-->PCB de S\u00e3o Gon\u00e7alo<br \/>\nColetivo Negro Minervino de Oliveira<\/p>\n<p>No \u00faltimo final de semana, o 7\u00ba Batalh\u00e3o da Pol\u00edcia Militar do Estado do Rio de Janeiro promoveu uma b\u00e1rbara chacina, ap\u00f3s mais uma opera\u00e7\u00e3o no Complexo do Salgueiro em S\u00e3o Gon\u00e7alo, onde oficialmente, at\u00e9 o momento, 9 corpos de moradores, com sinais de tortura, foram retirados por seus familiares do manguezal da comunidade. Segundo os moradores, a conta do exterm\u00ednio \u00e9 muito maior: seriam algumas dezenas o n\u00famero de assassinados ap\u00f3s a \u201copera\u00e7\u00e3o de vingan\u00e7a\u201d da PM.<\/p>\n<p>No dia 20 de Novembro nos lembramos da luta de Zumbi e do Quilombo dos Palmares, a constru\u00e7\u00e3o do Poder Popular das negras e negros durante sua luta de vida ou morte pela liberta\u00e7\u00e3o e contra a escravid\u00e3o perpetrada pela elite e seus algozes.<\/p>\n<p>Hoje nos lembramos que essa luta continua. Apenas este ano foram 58 chacinas no Estado do Rio de Janeiro, com 242 mortos \u2013 n\u00famero que sabemos n\u00e3o representar toda a sua realidade. Apenas em S\u00e3o Gon\u00e7alo foram 10 chacinas neste ano.<br \/>\nTemos denunciado o crescimento da viol\u00eancia de Estado em nossa cidade, cujo n\u00famero de assassinatos por policiais cresceu 9 vezes entre 2011 e 2021 e que tem o batalh\u00e3o da PM apontado como o mais violento da regi\u00e3o metropolitana do Rio de Janeiro.<\/p>\n<p>N\u00e3o nos esquecemos do assassinato de Jo\u00e3o Pedro, com apenas 14 anos, no mesmo Salgueiro que v\u00ea hoje dezenas de trabalhadores assassinados pela mesma pol\u00edtica genocida. N\u00e3o esqueceremos e n\u00e3o perdoaremos o governador Cl\u00e1udio Castro, o prefeito Capit\u00e3o Nelson e a burguesia do Rio de Janeiro, cuja pol\u00edtica de guerra aos pobres tem deixado centenas de corpos em nossas comunidades.<\/p>\n<p>Nos solidarizamos com todas as fam\u00edlias e amigos que perderam seus entes queridos. Somente a luta e a organiza\u00e7\u00e3o popular podem frear esse genoc\u00eddio. Consci\u00eancia negra \u00e9 Consci\u00eancia de Classe.<\/p>\n<p>Por novos Palmares, pelo Poder Popular!<\/p>\n<p>#paratodosverem: ao fundo uma imagem de casas de uma favela, constru\u00e7\u00f5es de alvenaria coloridas em meio a \u00e1rvores. cont\u00e9m em destaque, acima e centralizado, as logos do PCB e do Coletivo Negro Minervino de Oliveira. Abaixo o enunciado: Nota do PCB e coletivos sobre a chacina em S\u00e3o Gon\u00e7alo.<\/p>\n","protected":false},"excerpt":{"rendered":"<a class=\"moretag\" href=\"https:\/\/pcb.org.br\/portal2\/28094\"> <\/a>","protected":false},"author":1,"featured_media":0,"comment_status":"closed","ping_status":"closed","sticky":false,"template":"","format":"standard","meta":{"jetpack_post_was_ever_published":false,"_jetpack_newsletter_access":"","_jetpack_dont_email_post_to_subs":false,"_jetpack_newsletter_tier_id":0,"_jetpack_memberships_contains_paywalled_content":false,"_jetpack_memberships_contains_paid_content":false,"footnotes":"","jetpack_publicize_message":"","jetpack_publicize_feature_enabled":true,"jetpack_social_post_already_shared":true,"jetpack_social_options":{"image_generator_settings":{"template":"highway","default_image_id":0,"font":"","enabled":false},"version":2}},"categories":[244],"tags":[224,246],"class_list":["post-28094","post","type-post","status-publish","format-standard","hentry","category-violencia","tag-3b","tag-np"],"jetpack_publicize_connections":[],"jetpack_featured_media_url":"","jetpack_shortlink":"https:\/\/wp.me\/p659gw-7j8","jetpack-related-posts":[],"jetpack_likes_enabled":true,"jetpack_sharing_enabled":true,"_links":{"self":[{"href":"https:\/\/pcb.org.br\/portal2\/wp-json\/wp\/v2\/posts\/28094","targetHints":{"allow":["GET"]}}],"collection":[{"href":"https:\/\/pcb.org.br\/portal2\/wp-json\/wp\/v2\/posts"}],"about":[{"href":"https:\/\/pcb.org.br\/portal2\/wp-json\/wp\/v2\/types\/post"}],"author":[{"embeddable":true,"href":"https:\/\/pcb.org.br\/portal2\/wp-json\/wp\/v2\/users\/1"}],"replies":[{"embeddable":true,"href":"https:\/\/pcb.org.br\/portal2\/wp-json\/wp\/v2\/comments?post=28094"}],"version-history":[{"count":0,"href":"https:\/\/pcb.org.br\/portal2\/wp-json\/wp\/v2\/posts\/28094\/revisions"}],"wp:attachment":[{"href":"https:\/\/pcb.org.br\/portal2\/wp-json\/wp\/v2\/media?parent=28094"}],"wp:term":[{"taxonomy":"category","embeddable":true,"href":"https:\/\/pcb.org.br\/portal2\/wp-json\/wp\/v2\/categories?post=28094"},{"taxonomy":"post_tag","embeddable":true,"href":"https:\/\/pcb.org.br\/portal2\/wp-json\/wp\/v2\/tags?post=28094"}],"curies":[{"name":"wp","href":"https:\/\/api.w.org\/{rel}","templated":true}]}}