{"id":28115,"date":"2021-12-02T23:32:48","date_gmt":"2021-12-03T02:32:48","guid":{"rendered":"https:\/\/pcb.org.br\/portal2\/?p=28115"},"modified":"2021-12-10T14:09:09","modified_gmt":"2021-12-10T17:09:09","slug":"os-comunistas-e-o-dia-nacional-do-samba","status":"publish","type":"post","link":"https:\/\/pcb.org.br\/portal2\/28115","title":{"rendered":"Os Comunistas e o Dia Nacional do Samba"},"content":{"rendered":"<p><img decoding=\"async\" class=\"imagem\" title=\"imagem\" src=\"https:\/\/i0.wp.com\/fuiobrigada.files.wordpress.com\/2012\/12\/edisoncarneiro.jpg\" alt=\"imagem\" \/><!--more-->Edison Carneiro redigiu a Carta do Samba, que instituiu o 2 de dezembro como Dia Nacional do Samba<\/p>\n<p>Heitor Cesar Oliveira<\/p>\n<p>Entre o final de novembro (28) e in\u00edcio de dezembro (02) de 1962 ocorreria o I Congresso Nacional do Samba. O evento foi organizado pela Confedera\u00e7\u00e3o Brasileira das Escolas de Samba, pela Associa\u00e7\u00e3o Brasileira das Escolas de Samba, pela Campanha em Defesa do Folclore Brasileiro, pelo Conselho Nacional de Cultura e pela Ordem dos M\u00fasicos do Brasil.<\/p>\n<p>A presid\u00eancia do Congresso coube ao pesquisador e escritor Edison Carneiro, considerado um dos maiores etn\u00f3logos brasileiros. Edison Carneiro, desde os anos 1930, era militante do PCB &#8211; Partido Comunista Brasileiro &#8211; e, desde sua juventude e \u00e9poca de estudo, na Bahia, havia se colocado n\u00e3o apenas como um estudioso, mas tamb\u00e9m como um defensor da cultura popular e nacional, com destaque na defesa, preserva\u00e7\u00e3o e divulga\u00e7\u00e3o da cultura negra e popular.<\/p>\n<p>Al\u00e9m de presidir o I Congresso Nacional do Samba, Edison Carneiro tamb\u00e9m foi o respons\u00e1vel pela reda\u00e7\u00e3o da Carta produzida pelo encontro, a Carta do Samba. A carta apresentava a proposta de instituir o dia 2 de dezembro como o Dia do Samba, uma data para ser marcada n\u00e3o apenas por festejos e celebra\u00e7\u00f5es, mas fundamentalmente pela defesa e divulga\u00e7\u00e3o da cultura popular e sua preserva\u00e7\u00e3o como um dos grandes patrim\u00f4nios do nosso povo trabalhador.<\/p>\n<p>O projeto de lei que institui o Dia do Samba foi apresentado e aprovado no plen\u00e1rio da Assembleia Legislativa, contudo, o projeto seria ainda vetado pelo ent\u00e3o governador do Estado da Guanabara, atual cidade do Rio de Janeiro, Carlos Lacerda, o mesmo que colaborou com o golpe militar de abril de 1964. Posteriormente, o veto do governador seria derrubado pelo plen\u00e1rio, e o dia 2 de dezembro passaria a ser oficialmente o Dia do Samba. Tanto aqui no Rio, como em Salvador e, posteriormente, em diversas cidades e Estados. Os projetos de lei tanto do Rio como de Salvador tiveram a Carta do Samba como documento base ou como inspirador de seus textos.<\/p>\n<p>No ano seguinte, em 1963, ocorreria o II Congresso Nacional do Samba, novamente no Estado da Guanabara. E mais uma vez, em seu texto final, fala da Carta do Samba e da data de 2 de Dezembro como Dia do Samba.<\/p>\n<p>Diz o texto do boletim de encerramento do II Congresso Nacional do Samba:<\/p>\n<p>\u201cNas escolas de samba da Guanabara e nos redutos principais do samba, nessa data, o samba ser\u00e1 festejado com o repicar de tamborins, com o \u2018roncar\u2019 das cu\u00edcas e com uma alvorada de 21 batidas no \u2018surdo\u2019. O t\u00e3o esperado Dia do Samba tamb\u00e9m ser\u00e1 comemorado pelas emissoras de r\u00e1dio que apresentar\u00e3o programas com grava\u00e7\u00f5es de nossa consagrada m\u00fasica popular\u201d.<\/p>\n<p>Coincidentemente, a data de 2 de dezembro, defendida na Carta do Samba como a data a ser celebrada como o Dia do Samba, seria, em 1972, a data da morte de Edison Carneiro, um dos grandes defensores do dia.<br \/>\nPortanto, no dia 2 de dezembro, festejamos o Samba e saudamos a mem\u00f3ria do bravo camarada Edison Carneiro.<\/p>\n<p>Heitor Cesar Oliveira \u00e9 fundador do Bloco Revolucion\u00e1rio Comuna que Pariu e membro do Comit\u00ea Central do PCB<\/p>\n","protected":false},"excerpt":{"rendered":"<a class=\"moretag\" href=\"https:\/\/pcb.org.br\/portal2\/28115\"> <\/a>","protected":false},"author":1,"featured_media":0,"comment_status":"closed","ping_status":"closed","sticky":false,"template":"","format":"standard","meta":{"jetpack_post_was_ever_published":false,"_jetpack_newsletter_access":"","_jetpack_dont_email_post_to_subs":false,"_jetpack_newsletter_tier_id":0,"_jetpack_memberships_contains_paywalled_content":false,"_jetpack_memberships_contains_paid_content":false,"footnotes":"","jetpack_publicize_message":"","jetpack_publicize_feature_enabled":true,"jetpack_social_post_already_shared":true,"jetpack_social_options":{"image_generator_settings":{"template":"highway","default_image_id":0,"font":"","enabled":false},"version":2}},"categories":[365,93,50,5],"tags":[226],"class_list":["post-28115","post","type-post","status-publish","format-standard","hentry","category-centenario-do-pcb","category-c106-comemoracoes","category-c61-cultura-revolucionaria","category-s4-pcb","tag-4b"],"jetpack_publicize_connections":[],"jetpack_featured_media_url":"","jetpack_shortlink":"https:\/\/wp.me\/p659gw-7jt","jetpack-related-posts":[],"jetpack_likes_enabled":true,"jetpack_sharing_enabled":true,"_links":{"self":[{"href":"https:\/\/pcb.org.br\/portal2\/wp-json\/wp\/v2\/posts\/28115","targetHints":{"allow":["GET"]}}],"collection":[{"href":"https:\/\/pcb.org.br\/portal2\/wp-json\/wp\/v2\/posts"}],"about":[{"href":"https:\/\/pcb.org.br\/portal2\/wp-json\/wp\/v2\/types\/post"}],"author":[{"embeddable":true,"href":"https:\/\/pcb.org.br\/portal2\/wp-json\/wp\/v2\/users\/1"}],"replies":[{"embeddable":true,"href":"https:\/\/pcb.org.br\/portal2\/wp-json\/wp\/v2\/comments?post=28115"}],"version-history":[{"count":0,"href":"https:\/\/pcb.org.br\/portal2\/wp-json\/wp\/v2\/posts\/28115\/revisions"}],"wp:attachment":[{"href":"https:\/\/pcb.org.br\/portal2\/wp-json\/wp\/v2\/media?parent=28115"}],"wp:term":[{"taxonomy":"category","embeddable":true,"href":"https:\/\/pcb.org.br\/portal2\/wp-json\/wp\/v2\/categories?post=28115"},{"taxonomy":"post_tag","embeddable":true,"href":"https:\/\/pcb.org.br\/portal2\/wp-json\/wp\/v2\/tags?post=28115"}],"curies":[{"name":"wp","href":"https:\/\/api.w.org\/{rel}","templated":true}]}}