{"id":28125,"date":"2021-12-07T00:48:36","date_gmt":"2021-12-07T03:48:36","guid":{"rendered":"https:\/\/pcb.org.br\/portal2\/?p=28125"},"modified":"2021-12-07T00:48:36","modified_gmt":"2021-12-07T03:48:36","slug":"o-folego-esgotado","status":"publish","type":"post","link":"https:\/\/pcb.org.br\/portal2\/28125","title":{"rendered":"O f\u00f4lego esgotado?"},"content":{"rendered":"<p><img decoding=\"async\" class=\"imagem\" title=\"imagem\" src=\"https:\/\/i0.wp.com\/lh3.googleusercontent.com\/pw\/AM-JKLXT5jZFtjood7iWe_AKV9qFL0JWANpHNrHHBzZLBOZnl8JgMGNU94tcneePrXNC2g2psnov2Xk235RHdVPoo2gO56kZL9Mw8YT0O5Fiu5tMv9gliydD-wbupbry4eOWDI21jWwY2zlCYJuVXwSb2nJC=w439-h585-no\" alt=\"imagem\" \/><!--more-->Foto: Centro Hist\u00f3rico de Porto Alegre vazio ao entardecer. H. Suricatto (12\/10\/2021)<\/p>\n<p>H. Suricato<\/p>\n<p>Em pol\u00edtica, tardar \u00e9 falhar.<\/p>\n<p>An\u00e1lises de conjuntura s\u00e3o como cartas de navega\u00e7\u00e3o. Precisam ser constantemente atualizadas para que n\u00e3o possam ficar datadas o suficiente para n\u00e3o guiar a rotas equivocadas. Da mesma forma que, no plano cartorial, mapas precisam ser atualizados \u00e0 medida que novas vias s\u00e3o criadas, edif\u00edcios s\u00e3o erguidos, bairros criados e as rotas de antigas vias s\u00e3o alteradas [1], diante de novos elementos conjunturais, a aproxima\u00e7\u00e3o de um evento marcado e as interven\u00e7\u00f5es dos agentes pol\u00edticos s\u00e3o atualizados, deve-se reinterpretar os fatos e, sem preju\u00edzo, rever antigas posi\u00e7\u00f5es.<\/p>\n<p>Para contribuir com um breve balan\u00e7o dos atos Fora Bolsonaro, \u00e9 necess\u00e1rio usar como par\u00e2metro n\u00e3o o que se conquistou at\u00e9 aqui, mas qual era o objetivo de fato proclamado [2]. Vale mais uma verdade inc\u00f4moda que uma mentira c\u00f4moda. O pr\u00f3prio nome da frente diz muito sobre o objetivo principal das mobiliza\u00e7\u00f5es [3]. Devemos ser francos e honestos com esta an\u00e1lise de conjuntura; procurar termos suaves para manipular a interpreta\u00e7\u00e3o da realidade e torn\u00e1-la mais aceit\u00e1vel pela consci\u00eancia m\u00e9dia das vanguardas de esquerda \u00e9 puro oportunismo e estar\u00edamos reproduzindo os eufemismos t\u00edpicos dos parlamentares burgueses em campanha eleitoral. Em suma, reproduzindo entre n\u00f3s mesmos o que mais condenamos em nossos advers\u00e1rios.<\/p>\n<p>Os atos s\u00e3o uma frente de batalha, e como toda frente de batalha, tem as suas campanhas, desde as batalhas em si (os atos) aos conflitos de menor intensidade empregados em outros locais de a\u00e7\u00e3o de base, seja no Congresso e nas casas legislativas estaduais e municipais, seja em fatores conjunturais pontuais, mas que configuram como conflitos operacionais a sustentar a t\u00e1tica, como os trabalhos de base. Quem de fato acabou conduzindo a campanha \u00e9 quem acaba por avaliar de fato quais s\u00e3o seus resultados, e \u00e9 a\u00ed que tanto as for\u00e7as democr\u00e1tico-populares lideradas por petistas [4] quanto os apologistas da 3\u00aa via entram em cena [5]. E por mais que de in\u00edcio a iniciativa e o protagonismo estivessem com os comunistas, a esquerda revolucion\u00e1ria ao longo da campanha entrou em ostracismo, por mais que essa possa celebrar as vit\u00f3rias pontuais, os ganhos de posi\u00e7\u00e3o, importantes, mas muito aqu\u00e9m do pr\u00f3prio potencial que esta veio a demonstrar nos atos e mais aqu\u00e9m ainda do principal objetivo.<\/p>\n<p>A greve geral que nunca sairia<\/p>\n<p>Uma importante constata\u00e7\u00e3o precisa ser feita: n\u00e3o se brinca de Greve Geral! N\u00e3o se pode vulgarizar as palavras de ordem, dar o nome de qualquer paralisa\u00e7\u00e3o parcial e sem vergonha de greve geral [6]. Propagar uma palavra de ordem sem medir de fato a perspectiva que ela imp\u00f5e e a expectativa que gera \u00e9 rebaixar a consci\u00eancia e a capacidade de organiza\u00e7\u00e3o da classe. Esses dias de paralisa\u00e7\u00e3o e de lutas t\u00edpicos de calend\u00e1rios dos sindicalistas burocratas e pelegos serviram bem para jogar a energia de mobiliza\u00e7\u00e3o em datas especificadas onde estes sindicalistas pudessem aparecer, fazer suas interven\u00e7\u00f5es de ret\u00f3rica combativa e posar para fotografias, enquanto a regra \u00e9 a aus\u00eancia real de qualquer mobiliza\u00e7\u00e3o direta nos locais de trabalho para fazer o m\u00ednimo: barrar os ataques gerais e pontuais que as mais variadas categorias de trabalhadores est\u00e3o sofrendo com a atual carestia da popula\u00e7\u00e3o brasileira, atrav\u00e9s da organiza\u00e7\u00e3o direta e permanente de nossa classe [7].<\/p>\n<p>Uma greve geral que nunca sai e t\u00e3o cedo n\u00e3o vai sair se o estado atual de mobiliza\u00e7\u00f5es persistir, a sabotagem proposital das dire\u00e7\u00f5es sindicais hegem\u00f4nicas em prol da candidatura petista e das candidaturas da 3\u00aa via. Enquanto n\u00e3o for confrontada de forma qualificada e sistem\u00e1tica em suas bases, ir\u00e1 sempre impor sua agenda de desarticula\u00e7\u00e3o e in\u00e9rcia a envergonhar as vanguardas e frustrar a radicalidade dos trabalhadores. Ao resgatar a experi\u00eancia da Greve Geral de Abril de 2017, a verdadeira greve geral que nossa gera\u00e7\u00e3o testemunhou e construiu, recorda-se que foi necess\u00e1rio um intenso trabalho geral de convencimento e organiza\u00e7\u00e3o da classe nos mais variados espa\u00e7os, promovidos por quase todas as for\u00e7as ditas de esquerda. Pois uma greve em qualquer lugar, uma greve s\u00e9ria, \u00e9 a escola do proletariado em luta, \u00e9 onde seus chefes legitimados precisam conduzi-la tal como se estivessem num conflito armado e as greves gerais s\u00e3o verdadeiros ensaios da insurrei\u00e7\u00e3o popular. Portanto, maior responsabilidade com as palavras de ordem, com as expectativas e compromissos que elas geram.<\/p>\n<p>Interesses eleitorais alheios<\/p>\n<p>Sabemos muito bem que as centrais sindicais hegem\u00f4nicas est\u00e3o comprometidas tanto no retorno de Lula \u00e0 presid\u00eancia, quanto de uma emerg\u00eancia de um candidato da 3\u00aa via a possibilitar a sa\u00edda de Bolsonaro da presid\u00eancia [8]. Nunca colocaram peso real na luta contra o impeachment, se tomarmos como par\u00e2metro de mobiliza\u00e7\u00e3o de luta o ano de 2017, e hoje, as condi\u00e7\u00f5es materiais da classe d\u00e3o muito mais legitimidade para mobilizar. Responsabilizar \u00fanica e exclusivamente a pr\u00f3pria classe, inserida num contexto de carestia geral, fome, infla\u00e7\u00e3o, desemprego, viol\u00eancia urbana, rural e dom\u00e9stica e informalidade por n\u00e3o estar armada da subjetividade necess\u00e1ria para ser colocada em luta \u00e9 o c\u00famulo da pregui\u00e7a e da desonestidade. A maior responsabilidade est\u00e1 em n\u00f3s enquanto vanguarda, que permitiu que as for\u00e7as hegem\u00f4nicas da classe continue sendo dos petistas, continuem sendo suas posi\u00e7\u00f5es recuadas, continuem sendo suas perspectivas de organiza\u00e7\u00e3o meramente eleitoral e abrindo m\u00e3o cada vez mais at\u00e9 de uma milit\u00e2ncia propriamente dita [9], e s\u00f3 cegos n\u00e3o veem isso. Somem-se a isso os sindicalistas amarelos de plant\u00e3o, que n\u00e3o chegam a ser uma for\u00e7a homog\u00eanea e unificada como a petista CUT, mas que juntas, se comportam perante a central sindical hegem\u00f4nica, como o Centr\u00e3o se comporta frente ao governo de ocasi\u00e3o na esfera institucional [10].<\/p>\n<p>Falando de maneira mais f\u00e1cil: nunca houve uma defesa s\u00e9ria do impeachment ou de qualquer mobiliza\u00e7\u00e3o para derrubar Bolsonaro de fato por parte deles. Ao esgotar o m\u00e9todo \u00fanico dos atos, atrav\u00e9s de sua pr\u00f3pria in\u00e9rcia proposital, colocaram sua massa organizada nas ruas e ditaram o atual estado de mobiliza\u00e7\u00e3o de 2021 [11]. Esse \u00e9 o \u201csocialismo nos dias de festa\u201d que a nossa gera\u00e7\u00e3o est\u00e1 conhecendo [12].<\/p>\n<p>Dentro desta rabeira de mobiliza\u00e7\u00f5es, for\u00e7as estranhas ao movimento popular come\u00e7aram a se colocar nas ruas novamente, abusando da mem\u00f3ria do povo. A intentona de 12 de Setembro da 3\u00aa via, protagonizada pelo MBL, Vem Pra Rua e por alguns partidos centristas e da esquerda foi um exerc\u00edcio curioso de uma suposta frente ampla contra Bolsonaro [13]. Se elas tinham capacidade de arrastar multid\u00f5es \u00e0s ruas tal como a esquerda revolucion\u00e1ria de in\u00edcio conseguiram fazer? Havia sim esta grande possibilidade, de sequestro da mobiliza\u00e7\u00e3o em si. Felizmente, estava errado. O car\u00e1ter da 3\u00aa via parecia \u00e0quela altura muito anacr\u00f4nico de uma conjuntura n\u00e3o t\u00e3o distante, mas que envelheceu r\u00e1pido e mal [14]. Era sua atmosfera lavajatista, de valores morais, dos setores da pequena burguesia arrependidos com o governo Bolsonaro e estavam desesperados para ter um l\u00edder a chamar de seu que n\u00e3o seja Lula, embora a maioria possa sim, votar no petista caso o prov\u00e1vel 2\u00ba turno de 2022 seja entre Bolsonaro e Lula (e como tanto um quanto o outro querem este segundo turno). O que se viu, para al\u00e9m da fraca mobiliza\u00e7\u00e3o, foi um bolsonarismo sem Bolsonaro e sem a sua repress\u00e3o e ret\u00f3rica vulgar, isto \u00e9, sua agenda econ\u00f4mica e social, aquela que fez a burguesia fazer a sua \u201cescolha dif\u00edcil\u201d [15], precisa ser tocada por m\u00e3os mais competentes, mais estadistas, que n\u00e3o inventem de dar um auto golpe como no 7 de Setembro, onde o f\u00f4lego m\u00e1ximo do que restou do bolsonarismo foi demonstrado mais fraco do que se imagina, mas forte o suficiente para se impor e marcar posi\u00e7\u00e3o [16]. As for\u00e7as da 3\u00aa via, a imprensa e tudo o mais, na altura do meio do ano, estavam de fato a bancar um impeachment, fizeram pesquisa de opini\u00e3o e tudo o mais, havia sim atmosfera geral para levar adiante a derrubada do governo, mesmo pela via institucional [17]. Mas tal comprometimento com a agenda econ\u00f4mica amarra as for\u00e7as de direita opositoras ao governo ao cinismo descarado.<\/p>\n<p>Vide D\u00f3ria Jr, atual governador do Estado de S\u00e3o Paulo, cuja agenda econ\u00f4mica n\u00e3o se diferencia em quase nada de Bolsonaro. Representante perfeito do PSDB atual, este partido social liberal hist\u00f3rico, cuja campanha antipetista em si em lugar de um programa pol\u00edtico (sim, partidos burgueses tamb\u00e9m precisam de \u201cprinc\u00edpios e programas\u201d) permitiu que seu eleitorado e grandes parcelas de seus quadros migrassem para o bolsonarismo, sem precisar sair da sigla [18]. Nossos tucanos, os queridos da grande imprensa, v\u00e3o se encontrar representados de fato em 2022 n\u00e3o em D\u00f3ria, mas em Moro, caso este venha a ser candidato a presidente. O PSDB est\u00e1 falido [19].<\/p>\n<p>A filia\u00e7\u00e3o de S\u00e9rgio Moro ao Podemos, mais um med\u00edocre partido fisiol\u00f3gico gerido pelo cacique paranaense \u00c1lvaro Dias \u2013 que n\u00e3o fazia outra coisa em 2018 em sua campanha eleitoral do que pedir para \u201cabrir o olho\u201d e pra \u201cjusti\u00e7a, S\u00e9rgio Moro!\u201d \u2013 causou furor entre os entusiastas da dita 3\u00aa via [20]. Parece que finalmente acharam o homem que pode retirar votos de Bolsonaro e ir ao segundo turno contra Lula. Veja que fissuras foram abertas nas alian\u00e7as eleitorais, o partido fardado encontrou a oportunidade de lavar as m\u00e3os, podendo permanecer caso venha a ser governo [21]. Os economistas s\u00e3o mais cautelosos, mas ao olhar bem a conjuntura de 2013 at\u00e9 2018 e pensar no tipo de pol\u00edtico que desejavam ser o substituto de Temer, Moro, investido de toda a moral de justi\u00e7a e combate \u00e0 corrup\u00e7\u00e3o, seria o sujeito ideal [22]. Mas as for\u00e7as invocadas do antipetismo tinham Bolsonaro como seu representante mais aut\u00eantico e, se existe coer\u00eancia entre os apoiadores mais fan\u00e1ticos de Bolsonaro em algo l\u00f3gico, o antipetismo \u00e9 esse elemento, n\u00e3o na capacidade do l\u00edder em si, mas contra quem ele se posiciona [23]. Assumiram o filho, Bolsonaro \u00e9 o bastardo enquanto Moro \u00e9 o primog\u00eanito, e o resto da 3\u00aa que lute daqui em diante [24].<\/p>\n<p>Enfim, o que temos ent\u00e3o?<\/p>\n<p>A tarefa de retirar o Bolsonaro do poder encontrou interesses estranhos aos da nossa classe. A sua derrubada imediata foi postergada pelos seus apoiadores de plant\u00e3o no Congresso em troca de verbas parlamentares, a moeda de troca dos pol\u00edticos fisiol\u00f3gicos para sustentar os governos da situa\u00e7\u00e3o [25]. Tais pol\u00edticos apenas se movimentam contra seus interesses e jogam o governo da situa\u00e7\u00e3o \u00e0 pr\u00f3pria sorte se h\u00e1 uma press\u00e3o externa forte o suficiente para o tirar o mais r\u00e1pido poss\u00edvel dali. Os impeachments de Collor e Dilma foram assim. No caso, a burguesia estava receosa de tirar Bolsonaro do poder por conta do risco de ver condenada, junto com ele, a agenda econ\u00f4mica de austeridade fiscal aplicada por Paulo Guedes e outros administradores do estado burgu\u00eas menos vulgares. Este mesmo projeto estava amea\u00e7ado nas m\u00e3os do pr\u00f3prio Bolsonaro em nome de seus arroubos golpistas, contidos at\u00e9 aqui depois do 7 de Setembro e da press\u00e3o interna do STF [26] e de quem manda de fato [27]. Agora, com uma 3\u00aa via promissora, capaz de lhe arrancar o segundo turno, e com a aproxima\u00e7\u00e3o do ano eleitoral, qualquer perspectiva de promover a pauta do impeachment por parte da intelligentsia burguesa supostamente cr\u00edtica ao governo est\u00e1 fora de cogita\u00e7\u00e3o.<\/p>\n<p>Mas, apesar de tudo isso, h\u00e1 a press\u00e3o popular das ruas, esta que n\u00e3o respeita calend\u00e1rios, que n\u00e3o respeita acordos de c\u00fapula ou agenda eleitoral de nenhum candidato quando explode a revolta. Quando em Maio, botamos centenas de milhares nas ruas, fomos justos com o esp\u00edrito do momento e dentro de nossos limites, levamos a pauta m\u00e1xima at\u00e9 onde nossos bra\u00e7os e pernas se estendem [28]. Mas isso \u00e9 insuficiente, est\u00e1 aqu\u00e9m do que o per\u00edodo exige, por isso convocamos as demais for\u00e7as revolucion\u00e1rias para se somar na luta. Mas sabemos que a hegemonia da dire\u00e7\u00e3o das for\u00e7as populares no Brasil ainda est\u00e1 sob a hegemonia dos petistas. Seus interesses de fato se revelam na sua pr\u00e1tica, seu interesse \u00e9 a vit\u00f3ria eleitoral de Lula em 2022, \u00e9 a reprodu\u00e7\u00e3o da mesma estrat\u00e9gia do seu primeiro governo, com novas concilia\u00e7\u00f5es e nenhum ataque para reverter [29]. A in\u00e9rcia \u00e9 a arma, n\u00e3o mobilize os sindicatos de fato, nada disso, n\u00e3o precisam, e assim s\u00e3o vis\u00edveis a arrog\u00e2ncia e prepot\u00eancia de seus quadros, de boa parte de seus militantes e de sua imprensa. Para aqueles belos socialistas como Val\u00e9rio Arcary e os roxos da resist\u00eancia do PSOL, acompanhados de alguns vulgares dentro do PSOL, n\u00e3o veem a realidade na sua frente, simples assim [30]. As especula\u00e7\u00f5es nada ocultas sobre a aproxima\u00e7\u00e3o de Lula com Alckmin [31] e a insist\u00eancia da tese de uma frente de esquerda com Lula, nos diz muito sobre quanta ingenuidade existe dentro da esquerda dita revolucion\u00e1ria, embora, \u00e9 dif\u00edcil acreditar que em pol\u00edtica exista ingenuidade de fato.<\/p>\n<p>O \u201cFora Bolsonaro\u201d vira \u201cEle N\u00e3o\u201d [32], ou melhor, j\u00e1 se tornaram \u201cBolsonaro Nunca Mais!\u201d [33]. Daqui em diante, as marchas ganham car\u00e1ter abertamente eleitorais. Como lidar com isso precisa ser melhor analisado, mas n\u00e3o esquecer de absolutamente nada de relevante que ocorreu nestes \u00faltimos 4 anos \u00e9 bem importante, pois o esquecimento \u00e9 a doutrina dos oportunistas. Parece que muitos trabalhadores que levam suas fam\u00edlias para ca\u00e7ar alimentos estragados nas lixeiras, aproveitar os restos de comida das feiras, pedir esmolas bem vestidos para manter o que restou da dignidade e aqueles que pelo menos encontraram empregos, aceitar qualquer condi\u00e7\u00e3o que lhe imp\u00f5em est\u00e3o muito preocupados com as elei\u00e7\u00f5es, parecem que n\u00e3o foram encorajados a lutar contra o governo pois estavam presos na sua realidade imediata de conseguir obter o m\u00ednimo para comer no dia seguinte.<\/p>\n<p>N\u00e3o foram convencidos o suficiente para lutar contra Bolsonaro e o derrubar aqui e agora pois muita gente de luta diz que deve esperar as elei\u00e7\u00f5es, que n\u00e3o se organizem, que n\u00e3o aprendam formas de lutar de acordo com a sua realidade imediata e saiam da passividade, que deixem com o nosso salvador da p\u00e1tria. Aprender com a frustra\u00e7\u00e3o, de ver todo aquele f\u00f4lego de luta represado pela pandemia ser solto, porque n\u00f3s demos esta oportunidade a milh\u00f5es de brasileiros, ser esgotado pelos mais variados interesses e imposi\u00e7\u00f5es totalmente estranhas \u00e0s suas reais necessidades. O faminto, o pobre e o trabalhador, sabe l\u00e1 no fundo que este governo e este estado \u00e9 que o faz passar por esta situa\u00e7\u00e3o, que o humilha diante dos patr\u00f5es para ter sal\u00e1rios de fome, mas n\u00e3o v\u00ea como consequentes aqueles que dizem que lutam, mas se importam mais em se auto convencer de que est\u00e3o de fato lutando por algu\u00e9m, andando e pregando apenas para os convertidos das vanguardas pol\u00edticas. Voc\u00eas n\u00e3o se sentem constrangidos em nenhum momento, de verem a nossa classe n\u00e3o mais ir aos atos conosco, por mais que as reivindica\u00e7\u00f5es lhes dizem respeito? Como comunistas, sim.<\/p>\n<p>Conclus\u00e3o n\u00e3o definitiva<\/p>\n<p>Os comunistas devem olhar para tal conjuntura e tirar as li\u00e7\u00f5es necess\u00e1rias para aprender com os erros, medir at\u00e9 onde vai a nossa parcela de responsabilidade e at\u00e9 onde ela compete \u00e0s demais for\u00e7as pol\u00edticas. E realizar a cr\u00edtica mais honesta, franca e impiedosa aos nossos advers\u00e1rios dentro de nosso movimento, sem nunca perder a refer\u00eancia no verdadeiro inimigo, \u00e0 custa de cair num sectarismo propagandista t\u00edpico dos esquerdistas.<\/p>\n<p>A partir disso, com base em nosso pr\u00f3prio tamanho, com base na nossa real inser\u00e7\u00e3o e dentro da vari\u00e1vel de expans\u00e3o pol\u00edtica e organizativa, possibilitada pela conjuntura e compet\u00eancia de nossa milit\u00e2ncia at\u00e9 aqui, devemos avan\u00e7ar por onde dentro desta campanha foi poss\u00edvel conquistar posi\u00e7\u00f5es, foi poss\u00edvel ganhar mais aliados, abrir mais canais de comunica\u00e7\u00e3o, receber e inserir mais trabalhos de base e dar conta de toda esta demanda \u00e9 consolidar tudo isso. Quando a nova oportunidade surgir, saber identific\u00e1-la e usar toda a nossa for\u00e7a dispon\u00edvel, sem auto proclama\u00e7\u00e3o, e usar as posi\u00e7\u00f5es consolidadas. N\u00f3s fomos consequentes com o real objetivo dos atos, lutamos de fato para derrubar Bolsonaro aqui e agora, mas foi justamente por perceber que isso n\u00e3o \u00e9 a verdadeira perspectiva da maioria das for\u00e7as dirigentes de nossa classe, \u00e9 que tomamos consci\u00eancia das grandes tarefas diante de n\u00f3s frente aos petistas, de super\u00e1-los, de estarmos mais inseridos que eles, de organizar a classe melhor que eles, de estar muito mais apto a levar a luta para verdadeiras vit\u00f3rias sem recuar em nenhum instante de nossos princ\u00edpios leninistas, n\u00e3o da boca pra fora, mas em atos.<\/p>\n<p>Mas, da mesma forma que a nossa classe n\u00e3o respeita calend\u00e1rios de luta e agendas eleitorais, a toupeira [34], que botou o nariz para fora mas logo se recolheu, pode se insurgir do ch\u00e3o e ser bem mais competente que todos os partidos de esquerda em derrubar Bolsonaro caso a tens\u00e3o permane\u00e7a, e todos os eventos objetivos d\u00e3o a entender que sim [35]. A pergunta que devemos fazer \u00e9: diante deste cen\u00e1rio, como devemos estar em 2022? Talvez o ano se decida bem antes das elei\u00e7\u00f5es. A Rosa e sua apologia ao espontane\u00edsmo* n\u00e3o est\u00e1 de todo errada como muitos fazem crer. A quest\u00e3o em si \u00e9 o que se faz n\u00e3o depois, mas durante a explos\u00e3o, quando a toupeira emerge, quem vai gui\u00e1-la? Que levemos em considera\u00e7\u00e3o tais fatos para agora e para 2022. Os elementos est\u00e3o dados.<\/p>\n<p>[1] &#8211; https:\/\/revistaopera.com.br\/2021\/10\/30\/mapas-guerra-e-poder\/<\/p>\n<p>[2] &#8211; https:\/\/pcb.org.br\/portal2\/27467\/manter-a-ofensiva-fora-bolsonaro-e-mourao\/ (27.6.2021)<\/p>\n<p>[3] &#8211; https:\/\/g1.globo.com\/politica\/noticia\/2021\/06\/30\/veja-a-lista-de-quem-assinou-o-superpedido-de-impeachment-de-bolsonaro.ghtml<\/p>\n<p>[4] &#8211; https:\/\/brasil.elpais.com\/brasil\/2021-10-03\/frente-contra-bolsonaro-se-fortalece-no-discurso-mas-esbarra-em-rusgas-e-nao-se-amplia-na-pratica.html<\/p>\n<p>[5] &#8211; https:\/\/www.gazetadopovo.com.br\/republica\/ato-fora-bolsonaro-12-setembro-manha\/<\/p>\n<p>[6] &#8211; https:\/\/www.cut.org.br\/noticias\/cut-convoca-para-o-dia-de-luta-em-18-de-agosto-em-defesa-do-servico-publico-f942<\/p>\n<p>[7] &#8211; https:\/\/pcb.org.br\/portal2\/27943\/o-caminho-das-pedras-2\/<\/p>\n<p>[8] &#8211; https:\/\/www.metropoles.com\/colunas\/guilherme-amado\/centrais-sindicais-dizem-a-alckmin-que-o-apoiam-como-vice-de-lula<\/p>\n<p>[9] -https:\/\/pcb.org.br\/portal2\/28064\/deixar-bolsonaro-sangrar-e-sangrar-em-dobro-a-classe-trabalhadora\/<\/p>\n<p>[10] &#8211; https:\/\/www1.folha.uol.com.br\/colunas\/painel\/2021\/04\/lula-pede-ajuda-a-forca-sindical-para-se-aproximar-de-politicos-de-centro.shtml<\/p>\n<p>[11] &#8211; https:\/\/pt.org.br\/na-avenida-paulista-a-certeza-de-que-bolsonaro-deve-sair-ja\/<\/p>\n<p>[12] \u2013 O programa de Transi\u00e7\u00e3o \u2013 L. Trotski<\/p>\n<p>[13] &#8211; https:\/\/www1.folha.uol.com.br\/poder\/2021\/09\/fracasso-previsivel-de-atos-contra-bolsonaro-escancara-impasse-brasileiro.shtml<\/p>\n<p>[14] \u2013 https:\/\/www.cartacapital.com.br\/opiniao\/esquerdas-erraram-ao-nao-se-antecipar-ao-ato-de-12-de-setembro-e-devem-corrigir-o-erro\/<\/p>\n<p>[15] \u2013 Esse c\u00e9lebre editorial merece sempre ser recordado https:\/\/opiniao.estadao.com.br\/noticias\/geral,uma-escolha-muito-dificil,70002538118 (2\u00ba turno de 2018)<\/p>\n<p>[16] \u2013 https:\/\/www1.folha.uol.com.br\/poder\/2021\/09\/o-que-foi-o-7-de-setembro-bolsonarista-cientistas-politicos-apontam-intencoes-do-ato-e-suas-consequencias.shtml<\/p>\n<p>[17] &#8211; https:\/\/istoe.com.br\/datafolha-para-76-bolsonaro-deve-sofrer-impeachment-se-desobedecer-justica\/ (julho de 2021)<\/p>\n<p>[18] &#8211; https:\/\/www.cnnbrasil.com.br\/politica\/waack-fiasco-das-previas-do-psdb-nao-e-tecnico-mas-politico\/<\/p>\n<p>[19] \u2013 https:\/\/oglobo.globo.com\/politica\/analise-pane-nas-previas-nao-foi-so-do-aplicativo-foi-do-proprio-psdb-1-25286315<\/p>\n<p>[20] &#8211; https:\/\/www.correiobraziliense.com.br\/politica\/2021\/11\/4966561-moro-desponta-como-nome-mais-competitivo-da-terceira-via.html<\/p>\n<p>[21] &#8211; https:\/\/politica.estadao.com.br\/noticias\/eleicoes,grupo-de-whatsapp-simboliza-apoio-de-cupula-militar-a-moro,70003910889<\/p>\n<p>[22] &#8211; https:\/\/www.correiobraziliense.com.br\/politica\/2021\/11\/4962274-moro-e-o-candidato-da-centro-direita-frustrada-com-bolsonaro.html<\/p>\n<p>[23] &#8211; https:\/\/www.correiobraziliense.com.br\/politica\/2021\/11\/4966561-moro-desponta-como-nome-mais-competitivo-da-terceira-via.html<\/p>\n<p>[24] &#8211; https:\/\/pcb.org.br\/portal2\/28098\/sobre-a-irresponsabilidade\/<\/p>\n<p>[25] &#8211; https:\/\/theintercept.com\/2021\/09\/12\/um-presidente-fraco-centrao-arthur-lira\/<\/p>\n<p>[26] &#8211; https:\/\/www.poder360.com.br\/justica\/apos-recuo-de-bolsonaro-ministro-da-justica-encontra-moraes-em-sao-paulo\/<\/p>\n<p>[27] \u2013 Um exemplo did\u00e1tico, Andr\u00e9 Esteves, da BTG Pactual, mostra como influencia diversas instancias do estado brasileiro. Como ele, sabemos que tem muitos. https:\/\/www.brasil247.com\/economia\/exclusivo-vaza-audio-do-banqueiro-andre-esteves-que-revela-como-ele-influi-na-camara-e-no-banco-central-assista<\/p>\n<p>[28] &#8211; https:\/\/pcb.org.br\/portal2\/27367\/nunca-saimos-das-ruas\/ (Maio de 2021)<\/p>\n<p>[29] &#8211; https:\/\/lavrapalavra.com\/2021\/09\/29\/o-lula-mistico\/<\/p>\n<p>[30] &#8211; https:\/\/jacobin.com.br\/2021\/04\/por-uma-frente-unica-com-um-programa-anticapitalista\/ (nunca Lenin e Trotski foram t\u00e3o citados fora de contexto em um artigo neste 2021, n\u00e3o deve em nada para del\u00edrios nada s\u00e9rios de militantes b\u00eabados nas mesas de bar da Santa Cecilia ou da Lapa!)<\/p>\n<p>[31] &#8211; https:\/\/valor.globo.com\/politica\/noticia\/2021\/11\/30\/eleicoes-2022-quero-construir-uma-chapa-para-ganhar-as-eleicoes-diz-lula-sobre-alckmin.ghtml<\/p>\n<p>[32] &#8211; https:\/\/politica.estadao.com.br\/blogs\/coluna-do-estadao\/fora-bolsonaro-pode-dar-espaco-ao-ele-nao-em-protestos-de-rua-em-2022\/<\/p>\n<p>[33] \u2013 Em Porto Alegre, onde moro atualmente, o ato de 4 de Dezembro j\u00e1 \u00e9 chamado desta forma.<\/p>\n<p>[34] &#8211; \u201cA Europa saltar\u00e1 do seu assento e exclamar\u00e1: Belo buraco, velha toupeira!\u201d &#8211; K. Marx pesca essa cita\u00e7\u00e3o de shakespeare<\/p>\n<p>[35] &#8211; https:\/\/www.correiobraziliense.com.br\/economia\/2021\/10\/4959482-cenario-economico-para-2022-deve-ser-ainda-pior-e-analistas-alertam-para-riscos.htm<\/p>\n<p>*Levantes populares nem sempre d\u00e3o avisos pr\u00e9vios, como Junho de 2013 nos demonstrou muito bem, mas estar preparado para uma quando as condi\u00e7\u00f5es est\u00e3o bem mais dadas e os elementos subjetivos come\u00e7am a ser desenhados, \u00e9 a forma correta de se apropriar da teoria luxemburguista do protagonismo das massas, sem cair no desvio dogm\u00e1tico da revolu\u00e7\u00e3o iminente que muitos acham que \u00e9 igual a Revolu\u00e7\u00e3o Permanente. O Partido Comunista que se pretende e coloca para si a tarefa de protagonizar e dirigir uma luta de tal envergadura deve calcular estas vari\u00e1veis numa an\u00e1lise dial\u00e9tica do movimento como um todo, sem ocultar ou relativizar nenhum fato importante. Coisa \u00f3bvia de ser dita: levantes n\u00e3o s\u00e3o insurrei\u00e7\u00f5es.<\/p>\n","protected":false},"excerpt":{"rendered":"<a class=\"moretag\" href=\"https:\/\/pcb.org.br\/portal2\/28125\"> <\/a>","protected":false},"author":1,"featured_media":0,"comment_status":"closed","ping_status":"closed","sticky":false,"template":"","format":"standard","meta":{"jetpack_post_was_ever_published":false,"_jetpack_newsletter_access":"","_jetpack_dont_email_post_to_subs":false,"_jetpack_newsletter_tier_id":0,"_jetpack_memberships_contains_paywalled_content":false,"_jetpack_memberships_contains_paid_content":false,"footnotes":"","jetpack_publicize_message":"","jetpack_publicize_feature_enabled":true,"jetpack_social_post_already_shared":true,"jetpack_social_options":{"image_generator_settings":{"template":"highway","default_image_id":0,"font":"","enabled":false},"version":2}},"categories":[7],"tags":[223],"class_list":["post-28125","post","type-post","status-publish","format-standard","hentry","category-s8-brasil","tag-3a"],"jetpack_publicize_connections":[],"jetpack_featured_media_url":"","jetpack_shortlink":"https:\/\/wp.me\/p659gw-7jD","jetpack-related-posts":[],"jetpack_likes_enabled":true,"jetpack_sharing_enabled":true,"_links":{"self":[{"href":"https:\/\/pcb.org.br\/portal2\/wp-json\/wp\/v2\/posts\/28125","targetHints":{"allow":["GET"]}}],"collection":[{"href":"https:\/\/pcb.org.br\/portal2\/wp-json\/wp\/v2\/posts"}],"about":[{"href":"https:\/\/pcb.org.br\/portal2\/wp-json\/wp\/v2\/types\/post"}],"author":[{"embeddable":true,"href":"https:\/\/pcb.org.br\/portal2\/wp-json\/wp\/v2\/users\/1"}],"replies":[{"embeddable":true,"href":"https:\/\/pcb.org.br\/portal2\/wp-json\/wp\/v2\/comments?post=28125"}],"version-history":[{"count":0,"href":"https:\/\/pcb.org.br\/portal2\/wp-json\/wp\/v2\/posts\/28125\/revisions"}],"wp:attachment":[{"href":"https:\/\/pcb.org.br\/portal2\/wp-json\/wp\/v2\/media?parent=28125"}],"wp:term":[{"taxonomy":"category","embeddable":true,"href":"https:\/\/pcb.org.br\/portal2\/wp-json\/wp\/v2\/categories?post=28125"},{"taxonomy":"post_tag","embeddable":true,"href":"https:\/\/pcb.org.br\/portal2\/wp-json\/wp\/v2\/tags?post=28125"}],"curies":[{"name":"wp","href":"https:\/\/api.w.org\/{rel}","templated":true}]}}