{"id":28158,"date":"2021-11-13T09:44:25","date_gmt":"2021-11-13T12:44:25","guid":{"rendered":"https:\/\/pcb.org.br\/portal2\/?p=28158"},"modified":"2021-12-16T09:07:57","modified_gmt":"2021-12-16T12:07:57","slug":"liberdade-para-julian-assange-contra-a-extradicao-criminosa","status":"publish","type":"post","link":"https:\/\/pcb.org.br\/portal2\/28158","title":{"rendered":"Liberdade para Julian Assange! Contra a extradi\u00e7\u00e3o criminosa!"},"content":{"rendered":"<p><img decoding=\"async\" class=\"imagem\" title=\"imagem\" src=\" https:\/\/pbs.twimg.com\/media\/FGPQjeOWYAAEAIs?format=jpg&amp;name=large\" alt=\"imagem\" \/><!--more--><\/p>\n<p><strong>Nota Pol\u00edtica do PCB (Partido Comunista Brasileiro)<\/strong><\/p>\n<p>Na \u00faltima sexta-feira (10\/12\/2021) um tribunal brit\u00e2nico acatou recurso solicitado pelos Estados Unidos e deu seguimento \u00e0 extradi\u00e7\u00e3o do jornalista e ativista dos direitos humanos Julian Assange, fundador do portal &#8220;WikiLeaks&#8221;. Assange foi respons\u00e1vel por organizar uma rede de not\u00edcias que exp\u00f4s diversos dos crimes de guerra estadunidenses, bem como as chamadas &#8220;Guerras Humanit\u00e1rias&#8221; lan\u00e7adas contra a L\u00edbia e S\u00edria, dentre outros pa\u00edses. O pedido agora ser\u00e1 enviado para a Secretaria do Interior do governo do Reino Unido, que dar\u00e1 a palavra final nessa etapa do processo, mas os advogados e familiares de Assange devem recorrer ainda \u00e0 Suprema Corte brit\u00e2nica.<\/p>\n<p>O jornalista vem sendo duramente perseguido e foi obrigado a viver exilado na embaixada equatoriana por sete anos, at\u00e9 ser entregue, a mando do Governo do ent\u00e3o Presidente do Equador, Lenin Moreno, subserviente aos interesses imperialistas. O sistema judici\u00e1rio do Reino Unido aprovou a apela\u00e7\u00e3o do dia 10\/12 principalmente por conta de &#8220;garantias&#8221; de que o governo norte-americano trataria corretamente Assange e n\u00e3o o enviaria para o pres\u00eddio de seguran\u00e7a m\u00e1xima conhecido como ADX Florence, no Colorado. Essas &#8220;garantias&#8221;, vindas de um governo que mant\u00e9m complexos penitenci\u00e1rios em que se realizam torturas, como o complexo localizado na Ba\u00eda de Guant\u00e1namo, em Cuba, s\u00e3o apenas mais um dos exemplos das farsas desse processo.<\/p>\n<p>A ca\u00e7ada a Assange representa mais um epis\u00f3dio da batalha ideol\u00f3gica travada cotidianamente para enganar a classe trabalhadora e acobertar as guerras, bem como sua rela\u00e7\u00e3o \u00edntima com os grandes conglomerados capitalistas, que realizam enormes lucros decorrentes do sofrimento da popula\u00e7\u00e3o trabalhadora em diversos pa\u00edses da periferia. A extradi\u00e7\u00e3o de Assange representa um risco de morte ou encarceramento em pris\u00e3o perp\u00e9tua para o jornalista e abre precedentes para a coopera\u00e7\u00e3o internacional entre governos capitalistas para o aumento da repress\u00e3o a jornalistas. \u00c9 t\u00edpico da burguesia e dos governos capitalistas, apesar de qualquer apar\u00eancia de democracia e de direitos de express\u00e3o e liberdade de imprensa, reprimir e prender aqueles que exp\u00f5em os verdadeiros interesses econ\u00f4micos e pol\u00edticos por tr\u00e1s dessa apar\u00eancia.<\/p>\n<p>O PCB presta solidariedade incondicional \u00e0 luta de Julian Assange pela revoga\u00e7\u00e3o de quaisquer medidas de extradi\u00e7\u00e3o e por sua liberdade imediata. Lutar contra a persegui\u00e7\u00e3o pol\u00edtica a Assange, refor\u00e7ando campanhas de apoio e solidariedade, \u00e9 tamb\u00e9m lutar contra os ataques \u00e0s liberdades democr\u00e1ticas que a classe trabalhadora brasileira vem sofrendo, al\u00e9m de contribuir no esclarecimento dos interesses da burguesia internacional no que diz respeito a invas\u00f5es territoriais e guerras de rapina que, juntamente com a exporta\u00e7\u00e3o de capitais, s\u00e3o marcas da fase imperialista do capitalismo em que vivemos.<\/p>\n<p><strong>Comit\u00ea Central do Partido Comunista Brasileiro (PCB)<\/strong><\/p>\n<p>[foto de Julian Assange por Stella Moris, via Twitter]<\/p>\n","protected":false},"excerpt":{"rendered":"<a class=\"moretag\" href=\"https:\/\/pcb.org.br\/portal2\/28158\"> <\/a>","protected":false},"author":1,"featured_media":0,"comment_status":"closed","ping_status":"closed","sticky":false,"template":"","format":"standard","meta":{"jetpack_post_was_ever_published":false,"_jetpack_newsletter_access":"","_jetpack_dont_email_post_to_subs":false,"_jetpack_newsletter_tier_id":0,"_jetpack_memberships_contains_paywalled_content":false,"_jetpack_memberships_contains_paid_content":false,"footnotes":"","jetpack_publicize_message":"","jetpack_publicize_feature_enabled":true,"jetpack_social_post_already_shared":true,"jetpack_social_options":{"image_generator_settings":{"template":"highway","default_image_id":0,"font":"","enabled":false},"version":2}},"categories":[245,38,75,146,26,71],"tags":[234,246],"class_list":["post-28158","post","type-post","status-publish","format-standard","hentry","category-direitos-humanos","category-c43-imperialismo","category-c88-internacionalismo","category-internacionalismo","category-c25-notas-politicas-do-pcb","category-c84-solidariedade","tag-6b","tag-np"],"jetpack_publicize_connections":[],"jetpack_featured_media_url":"","jetpack_shortlink":"https:\/\/wp.me\/p659gw-7ka","jetpack-related-posts":[],"jetpack_likes_enabled":true,"jetpack_sharing_enabled":true,"_links":{"self":[{"href":"https:\/\/pcb.org.br\/portal2\/wp-json\/wp\/v2\/posts\/28158","targetHints":{"allow":["GET"]}}],"collection":[{"href":"https:\/\/pcb.org.br\/portal2\/wp-json\/wp\/v2\/posts"}],"about":[{"href":"https:\/\/pcb.org.br\/portal2\/wp-json\/wp\/v2\/types\/post"}],"author":[{"embeddable":true,"href":"https:\/\/pcb.org.br\/portal2\/wp-json\/wp\/v2\/users\/1"}],"replies":[{"embeddable":true,"href":"https:\/\/pcb.org.br\/portal2\/wp-json\/wp\/v2\/comments?post=28158"}],"version-history":[{"count":0,"href":"https:\/\/pcb.org.br\/portal2\/wp-json\/wp\/v2\/posts\/28158\/revisions"}],"wp:attachment":[{"href":"https:\/\/pcb.org.br\/portal2\/wp-json\/wp\/v2\/media?parent=28158"}],"wp:term":[{"taxonomy":"category","embeddable":true,"href":"https:\/\/pcb.org.br\/portal2\/wp-json\/wp\/v2\/categories?post=28158"},{"taxonomy":"post_tag","embeddable":true,"href":"https:\/\/pcb.org.br\/portal2\/wp-json\/wp\/v2\/tags?post=28158"}],"curies":[{"name":"wp","href":"https:\/\/api.w.org\/{rel}","templated":true}]}}