{"id":28207,"date":"2021-12-22T18:16:56","date_gmt":"2021-12-22T21:16:56","guid":{"rendered":"https:\/\/pcb.org.br\/portal2\/?p=28207"},"modified":"2021-12-22T18:18:58","modified_gmt":"2021-12-22T21:18:58","slug":"a-que-vem-o-presidente-eleito-do-chile","status":"publish","type":"post","link":"https:\/\/pcb.org.br\/portal2\/28207","title":{"rendered":"A que vem o presidente eleito do Chile?"},"content":{"rendered":"<p><img data-recalc-dims=\"1\" decoding=\"async\" class=\"imagem\" title=\"imagem\" src=\"https:\/\/i0.wp.com\/conteudo.imguol.com.br\/c\/entretenimento\/9b\/2021\/12\/20\/santiago-chile---december-19-gabriel-boric-eleito-presidente-do-chile-1640013198675_v2_450x337.jpg.webp?w=747&#038;ssl=1\" alt=\"imagem\" \/><!--more--><\/p>\n<p>A que vem o presidente eleito do Chile? Gabriel Boric e o discurso de sua elei\u00e7\u00e3o<\/p>\n<p>Por Gabriel Lazzari<\/p>\n<p>Na noite desse domingo, 19 de dezembro, foram contabilizados os votos do segundo turno das elei\u00e7\u00f5es presidenciais chilenas. A disputa foi entre Jos\u00e9 Antonio Kast, do Partido Republicano e defensor e legat\u00e1rio do pinochetismo, e Gabriel Boric, da Converg\u00eancia Social, membro da coliga\u00e7\u00e3o <em>Apruebo Dignidad<\/em>, ex-l\u00edder estudantil que teve grande express\u00e3o pol\u00edtica nacional a partir das revoltas de estudantes de 2011. A campanha, realizada com mobiliza\u00e7\u00e3o de diversos setores e grande participa\u00e7\u00e3o do Partido Comunista do Chile, chegou a seu final com a elei\u00e7\u00e3o de Boric por 55,87% dos votos v\u00e1lidos. Boric aparece, assim, como o ponto de chegada de um longo processo de lutas e mobiliza\u00e7\u00f5es massivas no Chile, iniciado em 2019, que teve como causa a indigna\u00e7\u00e3o popular com condi\u00e7\u00f5es de vida e direitos sociais absolutamente precarizados. Essa situa\u00e7\u00e3o, por sua vez fruto da Constitui\u00e7\u00e3o de 1980 (realizada pela ditadura encabe\u00e7ada por Pinochet) e de seu arranjo institucional neoliberal, atingiu patamares de calamidade p\u00fablica, tendo como exemplos dram\u00e1ticos os n\u00fameros recordes de suic\u00eddio entre idosos, incapazes de sustento pelo regime previdenci\u00e1rio privado, das AFPs.<\/p>\n<p>No entanto, esse processo de lutas, que ainda ter\u00e1 de se concretizar com a promulga\u00e7\u00e3o de uma nova Constitui\u00e7\u00e3o, est\u00e1 longe de apresentar uma alternativa de sociedade para o pa\u00eds, como foi a marca da famosa experi\u00eancia do governo de Salvador Allende e da Unidad Popular no come\u00e7o dos anos 1970. Apesar de v\u00e1rios analistas apontarem essas semelhan\u00e7as, o pr\u00f3prio presidente eleito, Gabriel Boric, n\u00e3o fez refer\u00eancias diretas ao presidente Allende, eleito democraticamente em 1970 e assassinado no ataque ao Pal\u00e1cio La Moneda no dia do golpe militar, 11 de setembro de 1973. A experi\u00eancia dos anos 1970, com todas os seus erros, acertos e contradi\u00e7\u00f5es, buscava construir uma \u201cvia chilena ao socialismo\u201d. Boric, pelo que disse em seu discurso na noite de domingo, j\u00e1 matematicamente eleito, n\u00e3o aponta para o mesmo objetivo.<\/p>\n<p>Em um discurso breve, de cerca de meia hora, Boric demonstrou pouqu\u00edssimo v\u00ednculo com as lutas oper\u00e1rias e com o movimento dos trabalhadores propriamente dito. Em vez de abertamente reivindicar para si um governo de apoio \u00e0 classe trabalhadora, diz que ser\u00e1 o \u201cpresidente de todos os chilenos e chilenas\u201d. Se essa tentativa de fingir que n\u00e3o h\u00e1 classes na sociedade chilena e que \u00e9 poss\u00edvel governar conciliando esses interesses j\u00e1 seria estranha \u2013 al\u00e9m de uma prova de sua posi\u00e7\u00e3o social-democrata \u2013, os acenos aos setores da direita pinochetista s\u00e3o os mais preocupantes.<\/p>\n<p>Entre os agradecimentos, em vez de nomear todos os partidos da sua coliga\u00e7\u00e3o (talvez para n\u00e3o mencionar a presen\u00e7a do Partido Comunista do Chile), fez quest\u00e3o de nomear todos os demais candidatos das elei\u00e7\u00f5es \u2013 inclusive Jos\u00e9 Antonio Kast, \u201cSim, Jos\u00e9 Antonio Kast\u201d como repetiu empolgado o presidente eleito. Sem citar o legado da ditadura operada por Augusto Pinochet ou repetir a famosa palavra de ordem de \u201centerrar o legado da ditadura\u201d, Boric afirmou que o \u201cfuturo do Chile necessita de todos ao lado do povo e espero que tenhamos a maturidade para contar com suas ideias e propostas para come\u00e7ar meu governo. Sei que, para al\u00e9m das diferen\u00e7as que temos, em particular, com Jos\u00e9 Antonio Kast, saberemos construir pontes para que nossos compatriotas possamos viver melhor\u201d. Quais pontes seria poss\u00edvel construir com um representante do que h\u00e1 de pior na pol\u00edtica chilena, o filho de imigrantes nazistas que deseja aplicar no Chile a mesma pol\u00edtica que Bolsonaro tem aplicado no Brasil, isso Boric n\u00e3o comentou. Afinal, \u201cavan\u00e7os substantivos, para ser s\u00f3lidos, v\u00e3o requerer acordos amplos\u201d e aparentemente excluir Kast desses acordos amplos est\u00e1 fora de cogita\u00e7\u00e3o.<\/p>\n<p>Poderia ser que, mesmo confuso em rela\u00e7\u00e3o ao futuro, Boric estivesse ao menos reconhecendo o passado e o presente como pontos de apoio, analisando experi\u00eancias de governos \u201cde esquerda\u201d e reivindicando uma continuidade cr\u00edtica em rela\u00e7\u00e3o a elas. Ele mesmo afirma que a \u201chist\u00f3ria n\u00e3o come\u00e7a conosco. Me sinto herdeiro, e sinto que nosso projeto \u00e9 herdeiro, de uma longa trajet\u00f3ria hist\u00f3rica\u201d, o que, para qualquer analista pol\u00edtico, s\u00f3 pode significar, no caso chileno, uma recupera\u00e7\u00e3o do legado de Allende, de sua batalha contra o golpismo da burguesia chilena e do imperialismo, infelizmente perdida por diversos fatores internos e externos. Mas sobre Allende e a Unidad Popular, nem uma palavra: nem sua elei\u00e7\u00e3o, nem seu governo, nem seu assassinato e subsequente golpe que mergulhou o Chile em quase 17 anos de uma sangrenta ditadura (que foi laborat\u00f3rio do neoliberalismo contra o qual Boric se coloca) s\u00e3o mencionados no discurso.<\/p>\n<p>Nem mesmo o presente \u00e9 modelo para Boric. N\u00e3o em seu discurso de presidente eleito, mas no passado, suas refer\u00eancias ao socialismo cubano, para citar um exemplo, foram em geral de \u201cden\u00fancia\u201d \u00e0s \u201cviola\u00e7\u00f5es dos direitos humanos\u201d. Esse tema, que foi pauta de um debate das pr\u00e9vias entre ele e o pr\u00e9-candidato do PC Chileno, Daniel Jadue, gerou grande repercuss\u00e3o pela defesa de Boric da linha hegem\u00f4nica nas m\u00eddias burguesas, que acusava o governo cubano de perseguir e violentar os protestos influenciados claramente pelos Estados Unidos. A realidade, bastante diversa, era a de um presidente cubano indo \u00e0s ruas junto com centenas de milhares de apoiadores da Revolu\u00e7\u00e3o Cubana.<\/p>\n<p>J\u00e1 fica dif\u00edcil demonstrar qual \u201ctrajet\u00f3ria hist\u00f3rica\u201d Boric referencia ao calar sobre as principais experi\u00eancias da esquerda latino-americana. No entanto, a defesa program\u00e1tica (aquela que ele pretende p\u00f4r em pr\u00e1tica por meio das pontes com Kast) que faz em seu discurso \u00e9 ainda mais vaga. Defende um \u201cEstado [\u2026] eficaz, imparcial e justo\u201d em vez de um Estado claramente comprometido com a classe trabalhadora, <em>parcial<\/em> em seus m\u00e9todos e na forma de poder. Defende uma \u201cimprensa livre\u201d, n\u00e3o o controle social e a democratiza\u00e7\u00e3o da m\u00eddia e das comunica\u00e7\u00f5es. Defende uma \u201csa\u00fade que seja oportuna e n\u00e3o discrimine entre ricos e pobres\u201d, mas n\u00e3o aponta que ela deva ser 100% p\u00fablica. Defende um \u201ccrescimento e distribui\u00e7\u00e3o justa da riqueza\u201d, e n\u00e3o uma altera\u00e7\u00e3o substancial da estrutura produtiva, com amplo peso do Estado e controle oper\u00e1rio e popular das riquezas. Tudo isso para ir \u201cconstruindo a p\u00e1tria justa\u201d \u2013 nem mesmo uma via chilena para o socialismo, mas apenas para a \u201cjusti\u00e7a\u201d em abstrato. \u00c9 preciso ir a seu programa eleitoral por escrito para compreender como nem sequer a nacionaliza\u00e7\u00e3o do setor de cobre \u2013 uma das primeiras medidas do governo Allende, em 1971 \u2013 figura entre suas medidas econ\u00f4micas. A tentativa de Boric, consciente ou n\u00e3o, \u00e9 a de traduzir diversas demandas populares leg\u00edtimas \u2013 como a previd\u00eancia, a sa\u00fade, a educa\u00e7\u00e3o, que ele menciona diretamente \u2013 na linguagem da viabilidade institucional, isso \u00e9, na possibilidade de um pacto de concilia\u00e7\u00e3o de classes que, com maior ou menor press\u00e3o popular, opere na l\u00f3gica do Estado, sem questionar seu car\u00e1ter de classe.<\/p>\n<p>Boric diz a que veio, nas suas palavras e nas suas omiss\u00f5es. Veio, sem d\u00favida, para vencer o fascista Kast, colocar uma pedra sobre o legado de Pinochet e aprovar uma nova Constitui\u00e7\u00e3o certamente melhor nos direitos sociais do que a Constitui\u00e7\u00e3o fraudulenta da ditadura. O quanto ele ser\u00e1 capaz de operacionalizar essas medidas sem se apoiar diretamente na classe trabalhadora e sem um programa de mudan\u00e7a radical do planejamento econ\u00f4mico \u2013 e assim, <em>expor<\/em> as diferen\u00e7as de classes que existem na sociedade chilena \u2013, o tempo nos dir\u00e1. Afinal, Boric acha que \u201cs\u00f3 com coes\u00e3o social, reencontrando e compartilhando um solo comum\u201d poder\u00e1 ter sucessos. Mas ser\u00e1 poss\u00edvel achar um solo comum entre, de um lado, o clamor das ruas e da classe trabalhadora chilena e, de outro, a burguesia chilena e o imperialismo?<\/p>\n<p>Gabriel Lazzari \u00e9 Secret\u00e1rio Pol\u00edtico Nacional da UJC e membro do CC do PCB<\/p>\n","protected":false},"excerpt":{"rendered":"<a class=\"moretag\" href=\"https:\/\/pcb.org.br\/portal2\/28207\"> <\/a>","protected":false},"author":1,"featured_media":0,"comment_status":"closed","ping_status":"closed","sticky":false,"template":"","format":"standard","meta":{"jetpack_post_was_ever_published":false,"_jetpack_newsletter_access":"","_jetpack_dont_email_post_to_subs":false,"_jetpack_newsletter_tier_id":0,"_jetpack_memberships_contains_paywalled_content":false,"_jetpack_memberships_contains_paid_content":false,"footnotes":"","jetpack_publicize_message":"A que vem o presidente eleito do Chile? Gabriel Boric e o discurso de sua elei\u00e7\u00e3o","jetpack_publicize_feature_enabled":true,"jetpack_social_post_already_shared":true,"jetpack_social_options":{"image_generator_settings":{"template":"highway","default_image_id":0,"font":"","enabled":false},"version":2}},"categories":[87,65],"tags":[228],"class_list":["post-28207","post","type-post","status-publish","format-standard","hentry","category-c100-chile","category-c78-internacional","tag-5b"],"jetpack_publicize_connections":[],"jetpack_featured_media_url":"","jetpack_shortlink":"https:\/\/wp.me\/p659gw-7kX","jetpack-related-posts":[],"jetpack_likes_enabled":true,"jetpack_sharing_enabled":true,"_links":{"self":[{"href":"https:\/\/pcb.org.br\/portal2\/wp-json\/wp\/v2\/posts\/28207","targetHints":{"allow":["GET"]}}],"collection":[{"href":"https:\/\/pcb.org.br\/portal2\/wp-json\/wp\/v2\/posts"}],"about":[{"href":"https:\/\/pcb.org.br\/portal2\/wp-json\/wp\/v2\/types\/post"}],"author":[{"embeddable":true,"href":"https:\/\/pcb.org.br\/portal2\/wp-json\/wp\/v2\/users\/1"}],"replies":[{"embeddable":true,"href":"https:\/\/pcb.org.br\/portal2\/wp-json\/wp\/v2\/comments?post=28207"}],"version-history":[{"count":0,"href":"https:\/\/pcb.org.br\/portal2\/wp-json\/wp\/v2\/posts\/28207\/revisions"}],"wp:attachment":[{"href":"https:\/\/pcb.org.br\/portal2\/wp-json\/wp\/v2\/media?parent=28207"}],"wp:term":[{"taxonomy":"category","embeddable":true,"href":"https:\/\/pcb.org.br\/portal2\/wp-json\/wp\/v2\/categories?post=28207"},{"taxonomy":"post_tag","embeddable":true,"href":"https:\/\/pcb.org.br\/portal2\/wp-json\/wp\/v2\/tags?post=28207"}],"curies":[{"name":"wp","href":"https:\/\/api.w.org\/{rel}","templated":true}]}}