{"id":28285,"date":"2022-01-12T16:59:34","date_gmt":"2022-01-12T19:59:34","guid":{"rendered":"https:\/\/pcb.org.br\/portal2\/?p=28285"},"modified":"2022-01-23T17:09:38","modified_gmt":"2022-01-23T20:09:38","slug":"vacine-seus-filhos-derrube-o-presidente-e-lute-pelo-sus","status":"publish","type":"post","link":"https:\/\/pcb.org.br\/portal2\/28285","title":{"rendered":"Vacine seus filhos, derrube o presidente e lute pelo SUS"},"content":{"rendered":"<p><img decoding=\"async\" class=\"imagem\" title=\"imagem\" src=\"https:\/\/encrypted-tbn0.gstatic.com\/images?q=tbn:ANd9GcSTW914p06g3xZUeyYqLxDgm9DUO6NtBh7j8w&amp;usqp=CAU\" \/><!--more--><\/p>\n<p>Por Ana Karen Oliveira<\/p>\n<p>Nos \u00faltimos dias, o novo embate entre o campo cient\u00edfico e pol\u00edtico com os setores negacionistas e genocidas do governo de Bolsonaro est\u00e1 relacionado \u00e0 vacina\u00e7\u00e3o de crian\u00e7as de 5 a 11 anos contra a COVID &#8211; 19. As afirma\u00e7\u00f5es do presidente de que a mortalidade de crian\u00e7as \u00e9 quase zero n\u00e3o \u00e9 real. O Brasil j\u00e1 tem 311 crian\u00e7as de 5 a 11 anos mortas por Covid-19 desde o in\u00edcio da pandemia, n\u00famero elevado em compara\u00e7\u00e3o a par\u00e2metros internacionais, uma carga de doen\u00e7as relevante entre essa popula\u00e7\u00e3o e milhares de interna\u00e7\u00f5es. Al\u00e9m disso, as crian\u00e7as muitas vezes s\u00e3o assintom\u00e1ticas e est\u00e3o transmitindo para adultos e idosos; podem ter sequelas neurol\u00f3gicas, renais e card\u00edacas da doen\u00e7a e est\u00e3o sujeitas a quadros de potencial gravidade, como a COVID-19 longa e a s\u00edndrome inflamat\u00f3ria multissist\u00eamica pedi\u00e1trica (SIM-P).<\/p>\n<p>O aumento da transmissibilidade da doen\u00e7a gerado pela variante \u00d4micron est\u00e1 diretamente relacionado com as novas ondas nos EUA e na Europa. Mesmo pa\u00edses com uma alta vacina\u00e7\u00e3o, como a Inglaterra, com 70% de sua popula\u00e7\u00e3o vacinada, est\u00e3o com um n\u00famero alarmante de novos casos. A vacina\u00e7\u00e3o auxilia a diminuir a transmiss\u00e3o e os casos graves e provavelmente estar\u00edamos em um estado muito pior se alguns pa\u00edses n\u00e3o tivessem vacinado amplamente suas popula\u00e7\u00f5es. Essas novas ondas nos mostram a necessidade de vacinarmos nossas crian\u00e7as, bem como lutarmos para que a vacina\u00e7\u00e3o seja um direito de toda a popula\u00e7\u00e3o mundial e n\u00e3o um produto para conferir lucros bilion\u00e1rios para as grandes ind\u00fastrias farmac\u00eauticas. Por outro lado, \u00e9 necess\u00e1rio ressaltar que a vacina\u00e7\u00e3o n\u00e3o \u00e9 uma atividade individual, mas sim uma a\u00e7\u00e3o pela coletividade. Quando nos vacinamos estamos realizando uma medida de prote\u00e7\u00e3o populacional.<\/p>\n<p>A obrigatoriedade da vacina\u00e7\u00e3o para crian\u00e7as no Brasil e a aprova\u00e7\u00e3o da Anvisa das vacinas contra a Covid &#8211; 19 nessa faixa et\u00e1ria refor\u00e7am os apontamentos anteriores. V\u00e1rios estudos internacionais demonstraram a efic\u00e1cia e efetividade da vacina\u00e7\u00e3o neste grupo. Mais de cinco milh\u00f5es de doses da Comirnaty foram aplicadas em crian\u00e7as de 5-11 anos nos Estados Unidos da Am\u00e9rica (EUA) e em outros pa\u00edses, com dados de farmacovigil\u00e2ncia n\u00e3o revelando eventos adversos de preocupa\u00e7\u00e3o. No Brasil, as sociedades brasileiras de Pediatria, Imunologia, Infectologia e Medicina de Fam\u00edlia e Comunidade emitiram notas se posicionando favor\u00e1veis \u00e0 vacina\u00e7\u00e3o.<\/p>\n<p>J\u00e1 temos visto o aumento da demanda por leitos hospitalares nos \u00faltimos dias. A variante Delta ainda est\u00e1 em circula\u00e7\u00e3o e temos uma epidemia gripal relacionada ao v\u00edrus H3N2 no Brasil. As emerg\u00eancias est\u00e3o lotadas, os profissionais de sa\u00fade exaustos e adoecidos. N\u00e3o sa\u00edmos da pandemia e h\u00e1 diversas medidas que precisam ser tomadas em n\u00edvel populacional para diminuir os n\u00edveis de adoecimento, como acabar com a fome no pa\u00eds, que leva a uma baixa imunidade e mais adoecimentos, aumentar as frotas de \u00f4nibus, a fim de diminuir as aglomera\u00e7\u00f5es nos transportes, garantir congelamento e redu\u00e7\u00e3o de tarifas de \u00e1gua, luz, transporte para a popula\u00e7\u00e3o, aumentar o n\u00famero de empregos, garantir a amplia\u00e7\u00e3o do sistema de sa\u00fade e a oferta de vacinas e testes diagn\u00f3sticos.<\/p>\n<p>Garantir a vacina\u00e7\u00e3o ampla de nossa popula\u00e7\u00e3o, ir contra o teto dos gastos e por mais or\u00e7amentos para o SUS e lutar pela quebra das patentes em n\u00edvel internacional s\u00e3o algumas das tantas batalhas obrigat\u00f3rias para o pr\u00f3ximo per\u00edodo. Claro que isso deve estar aliado a uma pauta ampla de mobiliza\u00e7\u00f5es no pa\u00eds que v\u00e1 contra todas as medidas de destrui\u00e7\u00e3o dos servi\u00e7os p\u00fablicos, contra as privatiza\u00e7\u00f5es, principalmente dos recursos estrat\u00e9gicos, como o petr\u00f3leo, combate \u00e0 fome e \u00e0 carestia, pela revoga\u00e7\u00e3o das reformas trabalhistas e da previd\u00eancia, pela extin\u00e7\u00e3o da reforma administrativa e por uma pol\u00edtica de pleno emprego.<\/p>\n<p>Essas lutas devem estar totalmente conectadas \u00e0 derrota de Bolsonaro, do bolsonarismo, do sistema capitalista que lucra com a destrui\u00e7\u00e3o de nossas vidas e em prol da Revolu\u00e7\u00e3o Socialista.<\/p>\n<p>Ana Karen Oliveira \u00e9 M\u00e9dica de Fam\u00edlia e Comunidade, Professora da Universidade Estadual de Feira de Santana, Secret\u00e1ria Pol\u00edtica Nacional do CFCAM e membra do Comit\u00ea Central do PCB<\/p>\n","protected":false},"excerpt":{"rendered":"<a class=\"moretag\" href=\"https:\/\/pcb.org.br\/portal2\/28285\"> <\/a>","protected":false},"author":1,"featured_media":0,"comment_status":"closed","ping_status":"closed","sticky":false,"template":"","format":"standard","meta":{"jetpack_post_was_ever_published":false,"_jetpack_newsletter_access":"","_jetpack_dont_email_post_to_subs":false,"_jetpack_newsletter_tier_id":0,"_jetpack_memberships_contains_paywalled_content":false,"_jetpack_memberships_contains_paid_content":false,"footnotes":"","jetpack_publicize_message":"\"Essas lutas devem estar totalmente conectadas \u00e0 derrota de Bolsonaro, do bolsonarismo, do sistema capitalista que lucra com a destrui\u00e7\u00e3o de nossas vidas e em prol da revolu\u00e7\u00e3o socialista.\"","jetpack_publicize_feature_enabled":true,"jetpack_social_post_already_shared":true,"jetpack_social_options":{"image_generator_settings":{"template":"highway","default_image_id":0,"font":"","enabled":false},"version":2}},"categories":[1,70,71],"tags":[226],"class_list":["post-28285","post","type-post","status-publish","format-standard","hentry","category-geral","category-c83-solidariedade","category-c84-solidariedade","tag-4b"],"jetpack_publicize_connections":[],"jetpack_featured_media_url":"","jetpack_shortlink":"https:\/\/wp.me\/p659gw-7md","jetpack-related-posts":[],"jetpack_likes_enabled":true,"jetpack_sharing_enabled":true,"_links":{"self":[{"href":"https:\/\/pcb.org.br\/portal2\/wp-json\/wp\/v2\/posts\/28285","targetHints":{"allow":["GET"]}}],"collection":[{"href":"https:\/\/pcb.org.br\/portal2\/wp-json\/wp\/v2\/posts"}],"about":[{"href":"https:\/\/pcb.org.br\/portal2\/wp-json\/wp\/v2\/types\/post"}],"author":[{"embeddable":true,"href":"https:\/\/pcb.org.br\/portal2\/wp-json\/wp\/v2\/users\/1"}],"replies":[{"embeddable":true,"href":"https:\/\/pcb.org.br\/portal2\/wp-json\/wp\/v2\/comments?post=28285"}],"version-history":[{"count":0,"href":"https:\/\/pcb.org.br\/portal2\/wp-json\/wp\/v2\/posts\/28285\/revisions"}],"wp:attachment":[{"href":"https:\/\/pcb.org.br\/portal2\/wp-json\/wp\/v2\/media?parent=28285"}],"wp:term":[{"taxonomy":"category","embeddable":true,"href":"https:\/\/pcb.org.br\/portal2\/wp-json\/wp\/v2\/categories?post=28285"},{"taxonomy":"post_tag","embeddable":true,"href":"https:\/\/pcb.org.br\/portal2\/wp-json\/wp\/v2\/tags?post=28285"}],"curies":[{"name":"wp","href":"https:\/\/api.w.org\/{rel}","templated":true}]}}