{"id":28310,"date":"2022-01-20T11:58:15","date_gmt":"2022-01-20T14:58:15","guid":{"rendered":"https:\/\/pcb.org.br\/portal2\/?p=28310"},"modified":"2022-02-02T08:39:52","modified_gmt":"2022-02-02T11:39:52","slug":"apos-41-anos-campanha-colaborativa-retoma-classicos-de-ana-montenegro","status":"publish","type":"post","link":"https:\/\/pcb.org.br\/portal2\/28310","title":{"rendered":"Ap\u00f3s 41 anos, campanha colaborativa retoma cl\u00e1ssicos de Ana Montenegro"},"content":{"rendered":"<p><img data-recalc-dims=\"1\" decoding=\"async\" class=\"imagem\" title=\"imagem\" src=\"https:\/\/i0.wp.com\/lavrapalavra.com\/wp-content\/uploads\/2015\/08\/WhatsApp-Image-2022-01-18-at-21.15.02.jpeg?w=747&#038;ssl=1\" alt=\"imagem\" \/><!--more--><\/p>\n<p><a href=\"https:\/\/www.catarse.me\/anamontenegro\">Campanha colaborativa &#8211; &#8220;Ser ou n\u00e3o ser feminista&#8221; e outras obras escolhidas<\/a><\/p>\n<p>A primeira mulher a ser exilada no per\u00edodo da ditadura militar no Brasil devido \u00e0s importantes tarefas que cumpria na agita\u00e7\u00e3o e propaganda e nas rela\u00e7\u00f5es internacionais do Partido Comunista Brasileiro (PCB), Ana Montenegro foi uma dessas militantes, como escreveu Brecht, imprescind\u00edveis. Na Bahia, quando as bandeiras com seu nome balan\u00e7am no ar em manifesta\u00e7\u00f5es, sempre encontramos algu\u00e9m para falar de suas hist\u00f3rias e seu vigor para a luta. Como muitos contam, mesmo quando idosa, ela pegava um \u00f4nibus e ia para o Sub\u00farbio Ferrovi\u00e1rio de Salvador ou para qualquer lugar que a convidasse, prestar assist\u00eancia jur\u00eddica \u00e0 classe trabalhadora mais pauperizada ou fazer falas p\u00fablicas sobre as lutas comunistas.<\/p>\n<p>Agora, por ocasi\u00e3o do centen\u00e1rio do Partido Comunista Brasileiro, o Coletivo Feminista Classista Ana Montenegro e a Funda\u00e7\u00e3o Dinarco Reis compilaram nessa edi\u00e7\u00e3o as tr\u00eas mais importantes obras dessa intelectual, poetisa e dirigente comunista.<\/p>\n<p>As obras que comp\u00f5em essa edi\u00e7\u00e3o especial s\u00e3o extremamente atuais e mostram como Ana Montenegro reuniu elementos fundamentais de uma dirigente comunista, como formuladora, agitadora, propagandista e organizadora. Em \u201cSer ou n\u00e3o ser feminista\u201d, de 1981, onde ela trava um debate com feministas como Simone de Beauvoir, Betty Friedan, Alice Schwazer e Shulamit Firestone sobre os limites te\u00f3ricos e pr\u00e1ticos da luta centrada na quest\u00e3o sexual, ela tanto demonstra o profundo conhecimento e capacidade de operar com o m\u00e9todo marxista, quanto faz debates t\u00eanues, pol\u00eamicos e centrais para os movimentos feministas e para as lutas das mulheres trabalhadoras ainda hoje.<\/p>\n<p>\u201cMulheres &#8211; participa\u00e7\u00e3o nas lutas populares\u201d (1985) \u00e9 um riqu\u00edssimo e instigante material historiogr\u00e1fico sobre a atua\u00e7\u00e3o das mulheres durante diferentes \u00e9pocas no Brasil. Nesse livro, a autora est\u00e1 preocupada em registrar dados concretos da hist\u00f3ria, tanto para auxiliar nas lutas que travavam, quanto para deixa \u2013 los para a posterioridade. Como Ana aponta, ela tentou tirar do limbo ou resgatar da n\u00e3o mem\u00f3ria, lutas que tem sido escondidas por serem consideradas \u201c n\u00e3o espec\u00edficas\u201d das mulheres. Nessas pedras e tijolos que ela busca para pavimentar os novos caminhos por onde andavam, h\u00e1 registros de v\u00e1rias greves de tessel\u00e1rias, da Ala Feminina da Alian\u00e7a Nacional Libertadora, da cria\u00e7\u00e3o e organiza\u00e7\u00e3o das Uni\u00f5es Femininas e da Federa\u00e7\u00e3o de Mulheres do Brasil, das lutas contra a Guerra da Cor\u00e9ia, do jornal \u201c O Momento Feminino\u201d e da vida de diversas lutadoras que constru\u00edram essa estrada.<\/p>\n<p>Em \u201cTempos de Ex\u00edlio\u201d (1988), a autora retoma as mem\u00f3rias do dia de sua sa\u00edda do Brasil, a trajet\u00f3ria at\u00e9 chegar \u00e0 Alemanha Oriental, onde viveu durante 15 anos, e algumas das tarefas que cumpriu internacionalmente durante o ex\u00edlio. Nem de longe a escrita \u00e9 discricion\u00e1ria ou simplesmente autobiogr\u00e1fica. Pelo contr\u00e1rio, todas as suas mem\u00f3rias est\u00e3o ligadas a uma an\u00e1lise do capitalismo, das repercuss\u00f5es do imperialismo e das lutas da classe trabalhadora no mundo. Temas como a Unidade Latino Americana, a Revolu\u00e7\u00e3o Mexicana e Cubana, o governo de Allende no Chile, as lutas anticoloniais na \u00c1frica, o papel dos quilombos no Brasil, a resist\u00eancia palestina contra o sionismo, a vida na Rep\u00fablica Democr\u00e1tica Alem\u00e3 s\u00e3o discutidos, entrela\u00e7ados \u00e0s recorda\u00e7\u00f5es de in\u00fameros poetas e amigos que passaram por sua vida. Mereceu um cap\u00edtulo especial sua rela\u00e7\u00e3o de profunda amizade com Carlos Marighella, que foi determinante na sua vida pol\u00edtica e na decis\u00e3o de sua sa\u00edda do Brasil. Al\u00e9m disso, o livro fala de suas tarefas na Federa\u00e7\u00e3o Democr\u00e1tica Internacional de Mulheres (FDIM) e aponta sua rela\u00e7\u00e3o com dirigentes africanos das lutas de liberta\u00e7\u00e3o nacional.<\/p>\n<p>Consideramos extremamente significativa a reedi\u00e7\u00e3o dessas obras, t\u00e3o pouco conhecidas, mas de grande relev\u00e2ncia te\u00f3rica e historiogr\u00e1fica para comunistas, feministas e lutadoras\/es sociais. Especialmente por seu lan\u00e7amento acontecer no ano do centen\u00e1rio do PCB, organiza\u00e7\u00e3o que Ana Montenegro militou desde o in\u00edcio da sua vida pol\u00edtica, onde desenvolveu sua escrita e vida revolucion\u00e1rias e na qual protagonizou, junto com outros militantes, a important\u00edssima luta antiliquidacionista de 1992, que tamb\u00e9m completa 30 anos.<\/p>\n<p><a href=\"https:\/\/www.catarse.me\/anamontenegro\">Contribua e obtenha seu exemplar!<\/a><\/p>\n<p>https:\/\/www.catarse.me\/anamontenegro<\/p>\n","protected":false},"excerpt":{"rendered":"<a class=\"moretag\" href=\"https:\/\/pcb.org.br\/portal2\/28310\"> <\/a>","protected":false},"author":1,"featured_media":0,"comment_status":"closed","ping_status":"closed","sticky":false,"template":"","format":"standard","meta":{"jetpack_post_was_ever_published":false,"_jetpack_newsletter_access":"","_jetpack_dont_email_post_to_subs":false,"_jetpack_newsletter_tier_id":0,"_jetpack_memberships_contains_paywalled_content":false,"_jetpack_memberships_contains_paid_content":false,"footnotes":"","jetpack_publicize_message":"Por ocasi\u00e3o do centen\u00e1rio do PCB, nossas camaradas compilaram nessa edi\u00e7\u00e3o as tr\u00eas mais importantes obras dessa intelectual, poetisa e dirigente comunista - a primeira mulher a ser exilada no per\u00edodo da ditadura militar no Brasil.","jetpack_publicize_feature_enabled":true,"jetpack_social_post_already_shared":true,"jetpack_social_options":{"image_generator_settings":{"template":"highway","default_image_id":0,"font":"","enabled":false},"version":2}},"categories":[365,22],"tags":[221],"class_list":["post-28310","post","type-post","status-publish","format-standard","hentry","category-centenario-do-pcb","category-c3-coletivo-ana-montenegro","tag-2a"],"jetpack_publicize_connections":[],"jetpack_featured_media_url":"","jetpack_shortlink":"https:\/\/wp.me\/p659gw-7mC","jetpack-related-posts":[],"jetpack_likes_enabled":true,"jetpack_sharing_enabled":true,"_links":{"self":[{"href":"https:\/\/pcb.org.br\/portal2\/wp-json\/wp\/v2\/posts\/28310","targetHints":{"allow":["GET"]}}],"collection":[{"href":"https:\/\/pcb.org.br\/portal2\/wp-json\/wp\/v2\/posts"}],"about":[{"href":"https:\/\/pcb.org.br\/portal2\/wp-json\/wp\/v2\/types\/post"}],"author":[{"embeddable":true,"href":"https:\/\/pcb.org.br\/portal2\/wp-json\/wp\/v2\/users\/1"}],"replies":[{"embeddable":true,"href":"https:\/\/pcb.org.br\/portal2\/wp-json\/wp\/v2\/comments?post=28310"}],"version-history":[{"count":0,"href":"https:\/\/pcb.org.br\/portal2\/wp-json\/wp\/v2\/posts\/28310\/revisions"}],"wp:attachment":[{"href":"https:\/\/pcb.org.br\/portal2\/wp-json\/wp\/v2\/media?parent=28310"}],"wp:term":[{"taxonomy":"category","embeddable":true,"href":"https:\/\/pcb.org.br\/portal2\/wp-json\/wp\/v2\/categories?post=28310"},{"taxonomy":"post_tag","embeddable":true,"href":"https:\/\/pcb.org.br\/portal2\/wp-json\/wp\/v2\/tags?post=28310"}],"curies":[{"name":"wp","href":"https:\/\/api.w.org\/{rel}","templated":true}]}}