{"id":28318,"date":"2022-01-21T10:34:53","date_gmt":"2022-01-21T13:34:53","guid":{"rendered":"https:\/\/pcb.org.br\/portal2\/?p=28318"},"modified":"2022-01-21T10:34:53","modified_gmt":"2022-01-21T13:34:53","slug":"justica-para-o-comunista-venezuelano-jose-urbina","status":"publish","type":"post","link":"https:\/\/pcb.org.br\/portal2\/28318","title":{"rendered":"Justi\u00e7a para o comunista venezuelano Jos\u00e9 Urbina!"},"content":{"rendered":"<p><img data-recalc-dims=\"1\" decoding=\"async\" class=\"imagem\" title=\"imagem\" src=\"https:\/\/i0.wp.com\/superviralisimo.com\/wp-content\/uploads\/2022\/01\/FI3hX8uX0AMdD8M.jpg?w=747&#038;ssl=1\" alt=\"imagem\" \/><!--more--><\/p>\n<p>No \u00faltimo dia 10 de janeiro, o l\u00edder comunit\u00e1rio e comunicador popular comunista Jos\u00e9 Urbina foi assassinado em sua casa localizada em Puerto P\u00e1ez, estado de Apure.<\/p>\n<p>Este crime abalou a sociedade venezuelana e foi objeto de m\u00faltiplas manifesta\u00e7\u00f5es de solidariedade internacional. No entanto, o pr\u00f3prio Estado venezuelano permanece em sil\u00eancio sobre este evento.<\/p>\n<p>Urbina havia alertado, em novembro de 2021, que havia sido amea\u00e7ado publicamente de morte por membros da Guarda Nacional Bolivariana estacionada na cidade de Apure\u00f1a. Al\u00e9m disso, denunciou uma pol\u00edtica de &#8220;falso positivo&#8221; realizada pelo GNB na \u00e1rea.<\/p>\n<p>Uma delega\u00e7\u00e3o do Bir\u00f4 Pol\u00edtico do Comit\u00ea Central do Partido Comunista da Venezuela (PCV) expediu nesta sexta-feira, 14 de janeiro, um comunicado dirigido ao Procurador-Geral da Rep\u00fablica Bolivariana da Venezuela, Dr. Tareck William Saab, para denunciar o assassinato do comunista Jos\u00e9 Urbina.<\/p>\n<p>Na carta, o PCV exigiu:<\/p>\n<p>&#8220;1. Que se acelere a respectiva investiga\u00e7\u00e3o dos fatos at\u00e9 \u00e0 identifica\u00e7\u00e3o, captura e puni\u00e7\u00e3o dos culpados intelectuais, materiais e c\u00famplices de t\u00e3o horrendo crime.<\/p>\n<p>2. A nomea\u00e7\u00e3o de um Procurador Especial com jurisdi\u00e7\u00e3o nacional para investigar a execu\u00e7\u00e3o do camarada Jos\u00e9 Gregorio Urbina.<\/p>\n<p>3. Reiteramos o pedido de reuni\u00e3o com o procurador-geral da Rep\u00fablica para tratar dos casos de homic\u00eddio de militantes comunistas nos \u00faltimos seis anos, todos os quais permanecem impunes. Note-se que todos estes casos foram formalmente apresentados, oportunamente, perante a Procuradoria-Geral da Rep\u00fablica.&#8221;<\/p>\n<p>O Partido Comunista Brasileiro manifestou, por meio de um comunicado da Secretaria de Rela\u00e7\u00f5es Internacionais do Comit\u00ea Central do PCB, sua solidariedade aos camaradas venezuelanos na luta por justi\u00e7a:<\/p>\n<p>&#8220;Aos dirigentes, militantes e amigos do Partido Comunista da Venezuela<\/p>\n<p>O Partido Comunista Brasileiro \u2013 PCB \u2013 manifesta sua solidariedade militante ao Partido Comunista da Venezuela diante do assassinato do camarada Jos\u00e9 Urbina, em Puerto Paz, Apure.<\/p>\n<p>O PCB endossa a dor da fam\u00edlia, dos militantes do PCV e de todos aqueles que lutam pela justi\u00e7a social na Venezuela e se une a todos os que exigem a investiga\u00e7\u00e3o do crime e a pris\u00e3o dos culpados.&#8221;<\/p>\n<p>Para mais informa\u00e7\u00f5es:<\/p>\n<p><a href=\"https:\/\/prensapcv.wordpress.com\/2022\/01\/20\/partido-comunista-brasileno-exige-justicia-para-jose-urbina\/\">Partido Comunista Brasile\u00f1o exige justicia para Jos\u00e9&nbsp;Urbina<\/a><\/p>\n<p><a href=\"https:\/\/prensapcv.wordpress.com\/2022\/01\/11\/honor-y-gloria-a-la-memoria-del-querido-y-combativo-camarada-jose-urbina\/\">\u00ab\u00a1HONOR Y GLORIA A LA MEMORIA DEL QUERIDO Y COMBATIVO CAMARADA JOS\u00c9&nbsp;URBINA!<\/a><\/p>\n<p><a href=\"https:\/\/prensapcv.wordpress.com\/2022\/01\/14\/pcv-exige-al-fiscal-general-investigar-el-asesinato-del-militante-comunista-jose-urbina\/\">PCV exige al Fiscal General investigar el asesinato del militante comunista Jos\u00e9&nbsp;Urbina<\/a><\/p>\n<p><a href=\"https:\/\/prensapcv.wordpress.com\/2022\/01\/13\/el-kke-condena-el-nuevo-asesinato-de-un-militante-del-pcv\/\">El KKE condena el nuevo asesinato de un militante del&nbsp;PCV<\/a><\/p>\n<p><a href=\"https:\/\/prensapcv.wordpress.com\/2022\/01\/12\/18541\/\">Solidaridad del Partido Comunista de M\u00e9xico por el asesinato de Jos\u00e9 Urbina en&nbsp;Apure<\/a><\/p>\n<p><a href=\"https:\/\/prensapcv.wordpress.com\/2022\/01\/12\/mensaje-de-solidaridad-del-partido-comunista-de-uruguay-ante-el-asesinato-de-jose-urbina\/\">Mensaje de Solidaridad del Partido Comunista de Uruguay ante el asesinato de Jos\u00e9&nbsp;Urbina<\/a><\/p>\n","protected":false},"excerpt":{"rendered":"<a class=\"moretag\" href=\"https:\/\/pcb.org.br\/portal2\/28318\"> <\/a>","protected":false},"author":1,"featured_media":0,"comment_status":"closed","ping_status":"closed","sticky":false,"template":"","format":"standard","meta":{"jetpack_post_was_ever_published":false,"_jetpack_newsletter_access":"","_jetpack_dont_email_post_to_subs":false,"_jetpack_newsletter_tier_id":0,"_jetpack_memberships_contains_paywalled_content":false,"_jetpack_memberships_contains_paid_content":false,"footnotes":"","jetpack_publicize_message":"\"Urbina havia alertado, em novembro de 2021, que havia sido amea\u00e7ado publicamente de morte por membros da Guarda Nacional Bolivariana estacionada na cidade de Apure\u00f1a. O PCB manifestou sua solidariedade aos camaradas venezuelanos na luta por justi\u00e7a.\"","jetpack_publicize_feature_enabled":true,"jetpack_social_post_already_shared":true,"jetpack_social_options":{"image_generator_settings":{"template":"highway","default_image_id":0,"font":"","enabled":false},"version":2}},"categories":[73,1,45],"tags":[233],"class_list":["post-28318","post","type-post","status-publish","format-standard","hentry","category-c86-anti-imperialismo","category-geral","category-c54-venezuela","tag-6a"],"jetpack_publicize_connections":[],"jetpack_featured_media_url":"","jetpack_shortlink":"https:\/\/wp.me\/p659gw-7mK","jetpack-related-posts":[],"jetpack_likes_enabled":true,"jetpack_sharing_enabled":true,"_links":{"self":[{"href":"https:\/\/pcb.org.br\/portal2\/wp-json\/wp\/v2\/posts\/28318","targetHints":{"allow":["GET"]}}],"collection":[{"href":"https:\/\/pcb.org.br\/portal2\/wp-json\/wp\/v2\/posts"}],"about":[{"href":"https:\/\/pcb.org.br\/portal2\/wp-json\/wp\/v2\/types\/post"}],"author":[{"embeddable":true,"href":"https:\/\/pcb.org.br\/portal2\/wp-json\/wp\/v2\/users\/1"}],"replies":[{"embeddable":true,"href":"https:\/\/pcb.org.br\/portal2\/wp-json\/wp\/v2\/comments?post=28318"}],"version-history":[{"count":0,"href":"https:\/\/pcb.org.br\/portal2\/wp-json\/wp\/v2\/posts\/28318\/revisions"}],"wp:attachment":[{"href":"https:\/\/pcb.org.br\/portal2\/wp-json\/wp\/v2\/media?parent=28318"}],"wp:term":[{"taxonomy":"category","embeddable":true,"href":"https:\/\/pcb.org.br\/portal2\/wp-json\/wp\/v2\/categories?post=28318"},{"taxonomy":"post_tag","embeddable":true,"href":"https:\/\/pcb.org.br\/portal2\/wp-json\/wp\/v2\/tags?post=28318"}],"curies":[{"name":"wp","href":"https:\/\/api.w.org\/{rel}","templated":true}]}}