{"id":28351,"date":"2022-01-29T09:00:34","date_gmt":"2022-01-29T12:00:34","guid":{"rendered":"https:\/\/pcb.org.br\/portal2\/?p=28351"},"modified":"2022-01-28T15:40:19","modified_gmt":"2022-01-28T18:40:19","slug":"por-um-projeto-que-preserve-a-independencia-de-classe","status":"publish","type":"post","link":"https:\/\/pcb.org.br\/portal2\/28351","title":{"rendered":"&#8220;Por um projeto que preserve a independ\u00eancia de classe&#8221;."},"content":{"rendered":"<p><img data-recalc-dims=\"1\" decoding=\"async\" class=\"imagem\" title=\"imagem\" src=\"https:\/\/i0.wp.com\/lavrapalavra.com\/wp-content\/uploads\/2015\/08\/sofia.png?w=747&#038;ssl=1\" alt=\"imagem\" \/><!--more--><\/p>\n<p>Via Jornal Combate Socialista<\/p>\n<p>Entrevista com Sofia Manzano, membra do Comit\u00ea Central do PCB, economista, mestre em Economia pela UNICAMP, doutora em Hist\u00f3ria Econ\u00f4mica pela USP, professora de economia da UESB (Universidade Estadual do Sudoeste da Bahia).<\/p>\n<p>Combate Socialista: Qual a sua opini\u00e3o sobre a frente ampla liderada por Lula\/PT?<\/p>\n<p>Sofia Manzano: Ainda n\u00e3o sabemos ao certo qual ser\u00e1 a amplitude das alian\u00e7as eleitorais do PT, uma vez que ainda n\u00e3o oficializaram nem a pr\u00e9 candidatura. No entanto, pelas conversas dos principais dirigentes do partido e do pr\u00f3prio Lula, \u00e9 uma frente que reedita de forma inoportuna o princ\u00edpio da concilia\u00e7\u00e3o de classes e rebaixa ainda mais as possibilidades de construir um governo que realmente interesse aos trabalhadores e ao desenvolvimento do pa\u00eds. O PT abandonou a perspectiva da centralidade do trabalho no seu horizonte de governo. Diante das alian\u00e7as que est\u00e3o sendo procuradas pelo Lula, pode-se ter, em caso de vit\u00f3ria eleitoral da alian\u00e7a petista, um governo centrado, do ponto de vista do discurso, na defesa de uma cidadania difusa, cuja ideia central talvez seja, novamente, reeditar pol\u00edticas sociais focalizadas. Contudo, a crise brasileira \u00e9 enorme e sem precedente na nossa hist\u00f3ria recente, isso de mandar\u00e1 medidas radicais de reestrutura\u00e7\u00e3o do papel do Estado na resolu\u00e7\u00e3o da crise econ\u00f4mica e social.<\/p>\n<p>CS: Qual o impacto dessa linha de colabora\u00e7\u00e3o de classes nas lutas sociais contra Bolsonaro?<\/p>\n<p>SM: Nesses tr\u00eas anos de governo Bolsonaro as maio res manifesta\u00e7\u00f5es e embates que ocorreram nas ruas n\u00e3o tiveram a participa\u00e7\u00e3o decisiva dos segmentos que hoje consideram mais importante articular as alian\u00e7as eleitorais. Um dado importante dessa postura conciliat\u00f3ria \u00e9 que a campanha pelo impedimento de Bolsonaro n\u00e3o teve a repercuss\u00e3o que esper\u00e1vamos. A concilia\u00e7\u00e3o pol\u00edtica tem impedido, inclusive, que as lutas contra as contrarreformas consigam ter maior impacto social e de massas. Quando a centralidade pol\u00edtica de um partido importante como o PT est\u00e1 volta da para o processo eleitoral, balizas que precisam ser orientadas nas lutas de classes perdem o seu significado t\u00e1 tico, ou seja, imediato.<\/p>\n<p>CS: O que a esquerda deve fazer?<\/p>\n<p>SM: As tarefas da esquerda n\u00e3o s\u00e3o poucas. Desde o trabalho de organiza\u00e7\u00e3o aut\u00f4noma da classe trabalhadora, at\u00e9 o debate s\u00e9rio de um projeto para o Brasil que seja pautado pela independ\u00eancia de classe, n\u00f3s temos um enorme campo de trabalho pela frente. Ao colocar esses eixos, n\u00e3o estou deixando de ressaltar a import\u00e2ncia do momento pol\u00edtico eleitoral. Existe, sempre, nesse momento de disputa de projetos pol\u00edticos um maior envolvimento do conjunto da popula\u00e7\u00e3o e da classe trabalhadora. Portanto, \u00e9 importante abrir, atrav\u00e9s de formas concretas de di\u00e1logos, o debate com a sociedade. Existe, hoje, uma tend\u00eancia de polariza\u00e7\u00e3o despolitizada que tem pautado o cen\u00e1rio pol\u00edtico brasileiro. Essa forma de objetivar a pol\u00edtica \u00e9 funcional ao projeto da ordem burguesa. Presenciamos nas \u00faltimas disputas uma perigosa alie na\u00e7\u00e3o pol\u00edtica que n\u00e3o tem permitido aprofundar as quest\u00f5es fundamentais do pa\u00eds. A popula\u00e7\u00e3o n\u00e3o est\u00e1 votando em projetos, est\u00e1 votando em pessoas que se apresentam de forma mistificadora e, \u00e0s vezes, de forma mentirosa no debate e na disputa. Esse \u00e9 um risco muito s\u00e9rio, pois, levou inclusive \u00e0 elei\u00e7\u00e3o do Bolsonaro. A esquerda deve construir um projeto para o Brasil em que independ\u00eancia de classe seja sempre preservada. Isso \u00e9 poss\u00edvel e vi\u00e1vel. Uma pena que uma par te da esquerda n\u00e3o consiga enxergar essa possibilidade, ou seja, n\u00e3o perceber que n\u00e3o d\u00e1 para contar com a burguesia interna para na da, uma vez que ela j\u00e1 demonstrou in\u00fameras vezes que seu projeto \u00e9 mesmo predat\u00f3rio. Precisamos de um governo que, pautado num projeto de poder popular, ajude a construir um amplo movimento de massas pela revoga\u00e7\u00e3o das medidas predat\u00f3rias aprovadas nos \u00faltimos anos. Precisamos recuperar o poder do Estado na condu\u00e7\u00e3o da pol\u00edtica econ\u00f4mica e social. Precisamos reestatizar setores estrat\u00e9gicos para o desenvolvimento, ter um Banco Central que opere no senti do dos interesses da popula\u00e7\u00e3o e n\u00e3o do chamado \u201cmercado\u201d. Revogar uma s\u00e9rie de medidas, a exemplo da lei do teto de gastos e das contrarreformas trabalhistas e previdenci\u00e1rias, que organize um conjunto de defesas do trabalho e da prote\u00e7\u00e3o social, que desenvolva o SUS, que invista na ci\u00eancia e tecnologia com fun\u00e7\u00e3o social e que tenha a universidade como instrumento de transforma\u00e7\u00e3o da realidade, entre outras a\u00e7\u00f5es.<\/p>\n<p>CS: Qual a sua opini\u00e3o sobre a busca de um bloco ou frente das esquerdas socialistas e comunistas do PSOL, UP, PCB e PSTU?<\/p>\n<p>SM: Esses partidos, al\u00e9m das Frentes Povo Sem Medo, F\u00f3rum Sindical e Popular, e dos movimentos populares e sociais, foram os principais protagonistas das lutas concretas contra o governo Bolsonaro. N\u00f3s estivemos nas ruas, em amplas manifesta\u00e7\u00f5es durante os \u00faltimos anos. Combatemos nas periferias contra a viol\u00eancia policial, estivemos nas lutas contra as opress\u00f5es da sociabilidade capitalista (racismo, machismo, lgbtfobia), nos organizamos para prestar solidariedade de classe contra a fome, lutamos pela vacina contra a Covid-19, etc. Esse campo pol\u00edtico esteve atuante no confronto ao obscurantismo e ao negacionismo das hordas bolsonaristas. Apesar de algumas diferen\u00e7as importantes, nossa luta deve ser construir uma forte unidade de a\u00e7\u00e3o e organizar a frente anticapitalista e anti-imperialista. N\u00f3s do PCB estamos fortemente comprometidos com esse projeto de poder popular e procuraremos sempre a unidade pol\u00edtica da nossa classe.<\/p>\n","protected":false},"excerpt":{"rendered":"<a class=\"moretag\" href=\"https:\/\/pcb.org.br\/portal2\/28351\"> <\/a>","protected":false},"author":1,"featured_media":0,"comment_status":"closed","ping_status":"closed","sticky":false,"template":"","format":"standard","meta":{"jetpack_post_was_ever_published":false,"_jetpack_newsletter_access":"","_jetpack_dont_email_post_to_subs":false,"_jetpack_newsletter_tier_id":0,"_jetpack_memberships_contains_paywalled_content":false,"_jetpack_memberships_contains_paid_content":false,"footnotes":"","jetpack_publicize_message":"\"Desde o trabalho de organiza\u00e7\u00e3o aut\u00f4noma da classe trabalhadora, at\u00e9 o debate s\u00e9rio de um projeto para o Brasil que seja pautado pela independ\u00eancia de classe, n\u00f3s temos um enorme campo de trabalho pela frente.\"","jetpack_publicize_feature_enabled":true,"jetpack_social_post_already_shared":true,"jetpack_social_options":{"image_generator_settings":{"template":"highway","default_image_id":0,"font":"","enabled":false},"version":2}},"categories":[1],"tags":[219],"class_list":["post-28351","post","type-post","status-publish","format-standard","hentry","category-geral","tag-manchete"],"jetpack_publicize_connections":[],"jetpack_featured_media_url":"","jetpack_shortlink":"https:\/\/wp.me\/p659gw-7nh","jetpack-related-posts":[],"jetpack_likes_enabled":true,"jetpack_sharing_enabled":true,"_links":{"self":[{"href":"https:\/\/pcb.org.br\/portal2\/wp-json\/wp\/v2\/posts\/28351","targetHints":{"allow":["GET"]}}],"collection":[{"href":"https:\/\/pcb.org.br\/portal2\/wp-json\/wp\/v2\/posts"}],"about":[{"href":"https:\/\/pcb.org.br\/portal2\/wp-json\/wp\/v2\/types\/post"}],"author":[{"embeddable":true,"href":"https:\/\/pcb.org.br\/portal2\/wp-json\/wp\/v2\/users\/1"}],"replies":[{"embeddable":true,"href":"https:\/\/pcb.org.br\/portal2\/wp-json\/wp\/v2\/comments?post=28351"}],"version-history":[{"count":0,"href":"https:\/\/pcb.org.br\/portal2\/wp-json\/wp\/v2\/posts\/28351\/revisions"}],"wp:attachment":[{"href":"https:\/\/pcb.org.br\/portal2\/wp-json\/wp\/v2\/media?parent=28351"}],"wp:term":[{"taxonomy":"category","embeddable":true,"href":"https:\/\/pcb.org.br\/portal2\/wp-json\/wp\/v2\/categories?post=28351"},{"taxonomy":"post_tag","embeddable":true,"href":"https:\/\/pcb.org.br\/portal2\/wp-json\/wp\/v2\/tags?post=28351"}],"curies":[{"name":"wp","href":"https:\/\/api.w.org\/{rel}","templated":true}]}}