{"id":28369,"date":"2022-02-02T13:47:56","date_gmt":"2022-02-02T16:47:56","guid":{"rendered":"https:\/\/pcb.org.br\/portal2\/?p=28369"},"modified":"2022-02-02T13:51:07","modified_gmt":"2022-02-02T16:51:07","slug":"contra-o-racismo-a-xenofobia-e-o-capitalismo-moise-kabamgabe-presente","status":"publish","type":"post","link":"https:\/\/pcb.org.br\/portal2\/28369","title":{"rendered":"Contra o racismo, a xenofobia e o capitalismo: Mo\u00efse Kabamgabe, presente!"},"content":{"rendered":"<p><img decoding=\"async\" class=\"imagem\" title=\"imagem\" src=\"https:\/\/i2.wp.com\/rapgol.com.br\/wp-content\/uploads\/2022\/02\/glo_arte-moise.jpg?resize=1024%2C615&amp;ssl=1\" alt=\"imagem\" \/><!--more--><\/p>\n<p><strong>Nota Pol\u00edtica do Comit\u00ea Central do PCB<\/strong><\/p>\n<div>\n<p>O Partido Comunista Brasileiro vem a p\u00fablico expressar seu mais amplo e profundo rep\u00fadio ao assassinato do trabalhador congol\u00eas\u00a0Mo\u00efse Kabamgabe, bem como expressar profundas condol\u00eancias e solidariedade de classe a sua fam\u00edlia.<\/p>\n<p>Mo\u00efse foi espancado e morto por cinco homens na segunda-feira (24\/01), no Posto 8 (RJ) ap\u00f3s cobrar pagamentos devidos pelo quiosque de praia em que trabalhava. Como se a situa\u00e7\u00e3o toda j\u00e1 n\u00e3o fosse um absurdo, a fam\u00edlia afirma que encontrou o corpo de Mo\u00efse sem os \u00f3rg\u00e3os, dado como indigente em menos de 72h, ao ir ao IML para reconhecimento.<\/p>\n<p>Situa\u00e7\u00f5es como essa n\u00e3o s\u00e3o casos isolados. O Brasil desponta, dia ap\u00f3s dia, como um dos pa\u00edses em que cresce a viol\u00eancia contra negros e imigrantes, fomentada por figuras como Bolsonaro. Esse tipo de a\u00e7\u00e3o s\u00f3 revela o car\u00e1ter antiprolet\u00e1rio e xenof\u00f3bico da pr\u00f3pria sociedade capitalista, na qual o Estado, apesar de sua apar\u00eancia de neutralidade, cumpre o papel de violar corpos e n\u00e3o oferecer condi\u00e7\u00f5es de trabalho para trabalhadores vindos de outros pa\u00edses, tra\u00e7os t\u00edpicos do capitalismo. Al\u00e9m disso, j\u00e1 come\u00e7am a se levantar suspeitas do envolvimento das mil\u00edcias no assassinato de Mo\u00efse.<\/p>\n<p>O Partido Comunista Brasileiro reafirma que nenhum tipo de viol\u00eancia contra a classe trabalhadora dever\u00e1 ser tolerada, em especial a viol\u00eancia perpetrada contra os setores mais oprimidos de nossa classe, dentre os quais est\u00e3o a popula\u00e7\u00e3o negra e imigrante. Qualquer tentativa de justificar, com discursos xenof\u00f3bicos, essa viol\u00eancia (ou a situa\u00e7\u00e3o de emprego prec\u00e1rio em que vivia\u00a0Mo\u00efse e outros milhares de imigrantes que buscam o Brasil por melhores condi\u00e7\u00f5es de vida) nada mais \u00e9 do que um subproduto ideol\u00f3gico do capitalismo, uma narrativa que divide a classe trabalhadora por ra\u00e7a, por nacionalidade etc. e prejudica nossa luta unificada contra a burguesia e o Estado.<\/p>\n<p>Reafirmamos uma vez mais nossas condol\u00eancias e solidariedade \u00e0 fam\u00edlia de Mo\u00efse Kabamgabe, bem como levantamos suspeitas sobre o papel do IML e conclamamos \u00e0 mais r\u00e1pida investiga\u00e7\u00e3o sobre o caso. Assim, convocamos a todos os trabalhadores e trabalhadoras, assim como toda a nossa milit\u00e2ncia e a milit\u00e2ncia organizada, a cerrar fileiras conosco no s\u00e1bado, dia 05\/02, \u00e0s 10h, no Posto 8, em frente ao Quiosque Tropic\u00e1lia, no Rio de Janeiro; em S\u00e3o Paulo, \u00e0s 10h, no V\u00e3o Livre do MASP; e em todas demais manifesta\u00e7\u00f5es a serem definidas nos pr\u00f3ximos dias.<\/p>\n<p><strong>CONTRA O RACISMO E A XENOFOBIA DE ESTADO!<\/strong><\/p>\n<p><strong>MO\u00cfSE KABAMGABE PRESENTE!<\/strong><\/p>\n<p><strong>Comit\u00ea Central do PCB<\/strong><\/p>\n<\/div>\n","protected":false},"excerpt":{"rendered":"<a class=\"moretag\" href=\"https:\/\/pcb.org.br\/portal2\/28369\"> <\/a>","protected":false},"author":1,"featured_media":0,"comment_status":"closed","ping_status":"closed","sticky":false,"template":"","format":"standard","meta":{"jetpack_post_was_ever_published":false,"_jetpack_newsletter_access":"","_jetpack_dont_email_post_to_subs":false,"_jetpack_newsletter_tier_id":0,"_jetpack_memberships_contains_paywalled_content":false,"_jetpack_memberships_contains_paid_content":false,"footnotes":"","jetpack_publicize_message":"Convocamos todas e todos a cerrar fileiras conosco no s\u00e1bado, dia 05\/02, \u00e0s 10h, no Posto 8, em frente ao Quiosque Tropic\u00e1lia, no RJ; em SP, \u00e0s 10h, no V\u00e3o Livre do MASP; e em todas demais manifesta\u00e7\u00f5es a serem definidas nos pr\u00f3ximos dias.\"","jetpack_publicize_feature_enabled":true,"jetpack_social_post_already_shared":true,"jetpack_social_options":{"image_generator_settings":{"template":"highway","default_image_id":0,"font":"","enabled":false},"version":2}},"categories":[1],"tags":[222,246],"class_list":["post-28369","post","type-post","status-publish","format-standard","hentry","category-geral","tag-2b","tag-np"],"jetpack_publicize_connections":[],"jetpack_featured_media_url":"","jetpack_shortlink":"https:\/\/wp.me\/p659gw-7nz","jetpack-related-posts":[],"jetpack_likes_enabled":true,"jetpack_sharing_enabled":true,"_links":{"self":[{"href":"https:\/\/pcb.org.br\/portal2\/wp-json\/wp\/v2\/posts\/28369","targetHints":{"allow":["GET"]}}],"collection":[{"href":"https:\/\/pcb.org.br\/portal2\/wp-json\/wp\/v2\/posts"}],"about":[{"href":"https:\/\/pcb.org.br\/portal2\/wp-json\/wp\/v2\/types\/post"}],"author":[{"embeddable":true,"href":"https:\/\/pcb.org.br\/portal2\/wp-json\/wp\/v2\/users\/1"}],"replies":[{"embeddable":true,"href":"https:\/\/pcb.org.br\/portal2\/wp-json\/wp\/v2\/comments?post=28369"}],"version-history":[{"count":0,"href":"https:\/\/pcb.org.br\/portal2\/wp-json\/wp\/v2\/posts\/28369\/revisions"}],"wp:attachment":[{"href":"https:\/\/pcb.org.br\/portal2\/wp-json\/wp\/v2\/media?parent=28369"}],"wp:term":[{"taxonomy":"category","embeddable":true,"href":"https:\/\/pcb.org.br\/portal2\/wp-json\/wp\/v2\/categories?post=28369"},{"taxonomy":"post_tag","embeddable":true,"href":"https:\/\/pcb.org.br\/portal2\/wp-json\/wp\/v2\/tags?post=28369"}],"curies":[{"name":"wp","href":"https:\/\/api.w.org\/{rel}","templated":true}]}}