{"id":28393,"date":"2022-02-07T11:30:33","date_gmt":"2022-02-07T14:30:33","guid":{"rendered":"https:\/\/pcb.org.br\/portal2\/?p=28393"},"modified":"2022-02-06T19:25:17","modified_gmt":"2022-02-06T22:25:17","slug":"pedro-eusse-pcv-nem-a-venezuela-nem-seu-governo-sao-socialistas","status":"publish","type":"post","link":"https:\/\/pcb.org.br\/portal2\/28393","title":{"rendered":"Pedro Eusse (PCV): &#8220;Nem a Venezuela nem seu governo s\u00e3o socialistas&#8221;."},"content":{"rendered":"<p><img data-recalc-dims=\"1\" decoding=\"async\" class=\"imagem\" title=\"imagem\" src=\"https:\/\/i0.wp.com\/sfo2.digitaloceanspaces.com\/estaticos\/var\/www\/html\/wp-content\/uploads\/2022\/01\/RBS_PC-8961-180707-25-1.jpg?w=747&#038;ssl=1\" alt=\"imagem\" \/><!--more--><\/p>\n<p><strong>Por Arnaldo Fern\u00e1ndez para <a href=\"https:\/\/contrapunto.com\/especiales\/entrevistas-ctp\/pedro-eusse-este-gobierno-no-es-socialista-y-en-nuestro-pais-el-socialismo-jamas-ha-sido-alcanzado\/\">Contrapunto<\/a><\/strong><\/p>\n<p>Para o dirigente do PCV, a Venezuela necessita de um verdadeiro governo revolucion\u00e1rio para poder enfrentar a atual crise.<\/p>\n<p>Dentro da pol\u00edtica Venezuela existem muitos desafios que os partidos devem enfrentar, especialmente os da esquerda cr\u00edtica ao atual sistema de governo. Entre esses partidos se encontra o Partido Comunista, com uma voz cr\u00edtica, e que atualmente enfrenta as contradi\u00e7\u00f5es pr\u00f3prias de um cen\u00e1rio nacional que pode ser lido a partir de v\u00e1rias realidades.<\/p>\n<p>Para analisar o contexto do partido do galo vermelho, Contrapunto entrevistou Pedro Eusse, membro do Bir\u00f4 Pol\u00edtico do Comit\u00ea Central do PCV e secret\u00e1rio nacional para o Movimento Oper\u00e1rio e Sindical.<\/p>\n<p><strong>Desafios do Partido Comunista<\/strong><\/p>\n<p>Questionado sobre os desafios do PCV neste 2022 e na atualidade na Venezuela, Eusse assegurou que muitas das contradi\u00e7\u00f5es devem ser discutidas no XVI Congresso do partido.<\/p>\n<p>\u201cEste \u00e9 o ano do XVI Congresso do PCV, que realizaremos em meio a uma crescente agudiza\u00e7\u00e3o das contradi\u00e7\u00f5es de classe no mundo e na Venezuela, resultado \u2013 em termos gerais \u2013 de uma profunda crise do capitalismo global em sua fase imperialista, agravada pela prolongada pandemia e pelas reivindica\u00e7\u00f5es dos capitais monopolistas transnacionais para impor uma ordem mundial absolutamente sob seu controle, o que leva ao acirramento das contradi\u00e7\u00f5es intercapitalistas e interimperialistas no mundo\u201d, destacou.<\/p>\n<p><strong>PCV enfrentando a crise<\/strong><\/p>\n<p>Da mesma forma, o secret\u00e1rio nacional para o Movimento Oper\u00e1rio e Sindical, afirmou que o principal desafio de seus companheiros de partido, dire\u00e7\u00e3o e milit\u00e2ncia, \u00e9 enfrentar a crise em que a Venezuela est\u00e1 submersa.<\/p>\n<p>\u201cNa Venezuela, n\u00f3s comunistas temos o grande desafio de enfrentar a grave crise nacional, apontando o fortalecimento do PCV como um instrumento revolucion\u00e1rio da classe trabalhadora e do povo trabalhador, superando as fragilidades ideol\u00f3gico-pol\u00edticas e organizacionais, para avan\u00e7ar efetivamente na constru\u00e7\u00e3o de uma alternativa popular revolucion\u00e1ria, capaz de enfrentar tanto a ofensiva do imperialismo estadunidense (e seus lacaios da oposi\u00e7\u00e3o de extrema-direita), quanto a dire\u00e7\u00e3o do PSUV-Governo, que imp\u00f5e pol\u00edticas contr\u00e1rias aos interesses da classe trabalhadora e das massas populares. Pol\u00edticas que servem apenas ao capital e \u00e0s elites da burocracia corrupta, implementadas atrav\u00e9s de um novo pacto olig\u00e1rquico\u201d.<\/p>\n<p><strong>Capacidade pol\u00edtica<\/strong><\/p>\n<p>Pedro Eusse destacou que um dos desafios mais importantes do PCV e sua milit\u00e2ncia \u00e9 ter capacidade pol\u00edtica, organizacional e log\u00edstica para atuar com absoluta independ\u00eancia de classe diante dos poderes econ\u00f4micos e pol\u00edticos. Da mesma forma, considera vital &#8220;travar as batalhas que forem necess\u00e1rias, em qualquer terreno\u201d, para reivindicar o que considera como interesse da classe trabalhadora e dos trabalhadores da cidade e do campo, acumulando for\u00e7as para conquistar uma sa\u00edda revolucion\u00e1ria para a crise.<\/p>\n<p>Para ele, s\u00e3o tempos em que o Partido Comunista deve exigir uma grande for\u00e7a org\u00e2nica e uma milit\u00e2ncia com uma s\u00f3lida forma\u00e7\u00e3o te\u00f3rica e pol\u00edtica, com uma clara consci\u00eancia de classe \u2013 patri\u00f3tica e internacionalista \u2013 com uma disciplina consciente e f\u00e9rrea, intimamente ligada aos trabalhadores, camponeses e \u00e0s massas populares em geral, em condi\u00e7\u00f5es de atuar como uma aut\u00eantica vanguarda revolucion\u00e1ria da classe trabalhadora e do povo trabalhador.<\/p>\n<p><strong>Onde estava o socialismo neste governo?<\/strong><\/p>\n<p>\u201cEm nenhum lugar, porque este governo n\u00e3o \u00e9 socialista e em nosso pa\u00eds o socialismo nunca foi alcan\u00e7ado, sua constru\u00e7\u00e3o nem come\u00e7ou. \u00c9 verdade que na propaganda oficial se utilizam os clich\u00eas de \u201csocialismo\u201d, \u201crevolu\u00e7\u00e3o\u201d, \u201cgoverno oper\u00e1rio\u201d, mas na realidade as pol\u00edticas econ\u00f4micas e trabalhistas, sobretudo a partir de 2018, t\u00eam uma orienta\u00e7\u00e3o claramente neoliberal, ou seja, imp\u00f5em a tirania do \u201clivre mercado\u201d e criam condi\u00e7\u00f5es para o lucro capitalista m\u00e1ximo, tendendo a reduzir o papel regulador do Estado na economia. Ao mesmo tempo, sacrifica os trabalhadores com a destrui\u00e7\u00e3o dos sal\u00e1rios, o desmantelamento dos acordos coletivos e a extrema precariza\u00e7\u00e3o do emprego, impondo uma desregulamenta\u00e7\u00e3o selvagem e flexibilidade laboral\u201d.<\/p>\n<p>\u201cDesta forma, o governo presidido por Nicol\u00e1s Maduro administra a crise e as \u201csan\u00e7\u00f5es\u201d criminosas imperialistas, apresentando como \u201cvantagens comparativas\u201d o capital estrangeiro e a burguesia parasit\u00e1ria local (erroneamente chamada de \u201cburguesia revolucion\u00e1ria\u201d), a isen\u00e7\u00e3o de impostos e a m\u00e3o de obra mais barata do continente e talvez do mundo. Para isso, conceberam a mal chamada &#8220;lei antibloqueio&#8221; e a lei das zonas econ\u00f4micas especiais, entre outros instrumentos legais, que conferem facilidades e privil\u00e9gios ao capital estrangeiro.<\/p>\n<p><strong>Socialismo n\u00e3o realizado<\/strong><\/p>\n<p>Ele garante que o socialismo n\u00e3o se cumpriu desde que o falecido Hugo Ch\u00e1vez chegou ao poder. &#8220;Embora em honra da verdade, a prega\u00e7\u00e3o de um falso socialismo n\u00e3o come\u00e7ou com este governo, mas sim com o presidente Ch\u00e1vez, propondo a falaciosa tese do &#8220;socialismo do s\u00e9culo 21&#8221; que cont\u00e9m uma concep\u00e7\u00e3o reformista (n\u00e3o revolucion\u00e1ria) e isso se baseia n\u00e3o na luta de classes, t\u00edpica da teoria marxista, mas na concilia\u00e7\u00e3o de classes, t\u00edpica da social-democracia burguesa\u201d.<\/p>\n<p>Da mesma forma, destacou o que, para ele, significou um processo de reformas progressistas: \u201cDurante o per\u00edodo de Ch\u00e1vez, com suas limita\u00e7\u00f5es, o povo venezuelano experimentou um processo de reformas progressistas, redistribui\u00e7\u00e3o de renda e fortalecimento da soberania nacional; enquanto, com o atual governo, em meio a acordos de c\u00fapula com a direita opositora, quase tudo que era progressista foi desmantelado para dar lugar a implementa\u00e7\u00e3o um processo de reformas neoliberais regressivas, com sua reprivatiza\u00e7\u00e3o, desregulamenta\u00e7\u00e3o, superexplora\u00e7\u00e3o, autoritarismo estatal, viol\u00eancia contra os trabalhadores, camponeses e militantes revolucion\u00e1rios, antidemocracia, maior elitismo e corrup\u00e7\u00e3o desenfreada\u201d.<\/p>\n<p><strong>Ideologia e verdadeira concep\u00e7\u00e3o revolucion\u00e1ria<\/strong><\/p>\n<p>\u201cO PCV contribui, fundamentalmente, com sua concep\u00e7\u00e3o revolucion\u00e1ria do mundo, a aplica\u00e7\u00e3o de uma teoria cient\u00edfica a servi\u00e7o da classe trabalhadora e do povo trabalhador, para o conhecimento integral e dial\u00e9tico da realidade e para nos guiar para uma verdadeira transforma\u00e7\u00e3o revolucion\u00e1ria da sociedade. O marxismo-leninismo, teoria do socialismo cient\u00edfico que se op\u00f5e \u00e0s teses idealistas e enganosas que se propagam a partir do reformismo pseudo-progressista, aquele suposto &#8220;socialismo&#8221; desprovido de respaldo cient\u00edfico, que desarma a classe trabalhadora para que n\u00e3o possa cumprir seu papel revolucion\u00e1rio, subordinando-a \u00e0s elites que, a partir do Estado, administram os interesses da burguesia\u201d, afirmou Eusse.<\/p>\n<p>Na sua opini\u00e3o, com base na aplica\u00e7\u00e3o dos princ\u00edpios do socialismo cient\u00edfico, ser\u00e1 poss\u00edvel tra\u00e7ar uma estrat\u00e9gia para o desenvolvimento planejado das for\u00e7as produtivas com soberania nacional e progresso social, respondendo \u00e0s necessidades da industrializa\u00e7\u00e3o em larga escala sob a lideran\u00e7a da classe trabalhadora, em alian\u00e7a com o campesinato, o movimento de comunidades e o movimento popular. Utilizando nossos recursos naturais e todo potencial produtivo n\u00e3o em benef\u00edcio das elites capitalistas estrangeiras e nacionais, mas para a satisfa\u00e7\u00e3o das necessidades materiais e imateriais de nosso povo .<\/p>\n<p><strong>\u201cA Venezuela na deriva neoliberal\u201d<\/strong><\/p>\n<p>Na opini\u00e3o do militante do Partido Comunista, a Venezuela est\u00e1 em uma &#8220;deriva neoliberal&#8221;. Tese que combina a profunda crise do capitalismo dependente e o colapso do rentismo do petr\u00f3leo, sob o brutal cerco e ass\u00e9dio do imperialismo estadunidense.<\/p>\n<p>\u201cOs trabalhadores venezuelanos est\u00e3o no meio de um fogo cruzado: por um lado, temos a crise estrutural do modo de acumula\u00e7\u00e3o rentista dependente, por outro lado, as agress\u00f5es imperialistas que nos atingem duramente, por outro, um governo comprometido com a burguesia e os novos ricos (que n\u00e3o v\u00ea outra sa\u00edda sen\u00e3o entregar o pa\u00eds ao capital estrangeiro e submeter os trabalhadores a sacrif\u00edcios cru\u00e9is) e, por outro lado, a pandemia est\u00e1 causando estragos em meio \u00e0 hiperinfla\u00e7\u00e3o e ao colapso quase total dos servi\u00e7os p\u00fablicos em Sa\u00fade&#8221;.<\/p>\n<p>\u201cNunca foi assumida uma estrat\u00e9gia de industrializa\u00e7\u00e3o soberana, nem nos tempos do puntofijismo, nem nas duas d\u00e9cadas do chamado processo bolivariano, apesar das tentativas iniciais. As receitas do petr\u00f3leo, em grande medida, e atrav\u00e9s de diversas vias, acabaram nos cofres do grande capital internacional e nas contas das m\u00e1fias do com\u00e9rcio importador\u201d, sublinhou.<\/p>\n<p>\u201cEnt\u00e3o temos os saques criminosos e cru\u00e9is cometidos pelos Estados Unidos e seus parceiros, empregando mercen\u00e1rios da pol\u00edtica criolla que agem com total impunidade. O resultado de tudo isso: agora a classe trabalhadora venezuelana vive a pior situa\u00e7\u00e3o econ\u00f4mica e social que ela conheceu em muitos anos. Enquanto isso, acentua-se o car\u00e1ter desp\u00f3tico, antidemocr\u00e1tico, antitrabalhador e anticomunista da c\u00fapula governante, o pior \u00e9 que, no auge do cinismo, o fazem em nome do \u201csocialismo\u201d.<\/p>\n<p><strong>O que \u00e9 necess\u00e1rio para liderar o pa\u00eds?<\/strong><\/p>\n<p>Para Eusse, \u00e9 necess\u00e1rio um verdadeiro governo revolucion\u00e1rio. \u201cPrecisamos de um verdadeiro Governo Revolucion\u00e1rio. Um governo exercido pelas bases oper\u00e1rias, camponesas, comunit\u00e1rias e populares. Para conquist\u00e1-la precisamos de uma correla\u00e7\u00e3o de for\u00e7as favor\u00e1vel \u00e0 classe trabalhadora e aos trabalhadores da cidade e do campo\u201d.<\/p>\n<p>Com base nisso, assegura que \u00e9 preciso organizar e unificar as lutas dos trabalhadores, dos camponeses, das comunidades organizadas e do povo em geral, para resgatar e defender nossos direitos, mas na perspectiva de assumir o poder pol\u00edtico com um Programa a servi\u00e7o dos trabalhadores, que considere resgatar as conquistas alcan\u00e7adas durante o governo Ch\u00e1vez, mas que transcenda os limites reformistas do processo bolivariano, avan\u00e7ando para o triunfo de uma aut\u00eantica Revolu\u00e7\u00e3o Socialista.<\/p>\n<p>\u201cMas imediatamente, como uma abordagem t\u00e1tica, estamos convocando a classe trabalhadora e o povo em geral a se levantarem na luta pelo resgate dos sal\u00e1rios, pens\u00f5es e benef\u00edcios sociais, promovendo por iniciativa legislativa popular e com mobiliza\u00e7\u00e3o oper\u00e1ria e popular, dois projetos de lei: a lei de escala m\u00f3vel de sal\u00e1rios indexados \u00e0 cesta b\u00e1sica familiar e a lei do resgate e revaloriza\u00e7\u00e3o dos benef\u00edcios sociais\u201d.<\/p>\n<p>Da mesma forma, destaca ser necess\u00e1rio fortalecer a luta contra a criminaliza\u00e7\u00e3o e judicializa\u00e7\u00e3o das lutas oper\u00e1rias e populares, a fim de alcan\u00e7ar imediatamente a plena liberdade para dezenas de trabalhadores, incluindo combativas lideran\u00e7as do movimento de trabalhadores, que permanecem injustamente presos e processados, bem como garantir que haja justi\u00e7a nos casos de desaparecimentos e assassinatos de lutadores populares e militantes revolucion\u00e1rios (incluindo tr\u00eas comunistas).<\/p>\n<p>\u201cTudo isso, na din\u00e2mica de um processo sustentado na acumula\u00e7\u00e3o de for\u00e7as quantitativas e qualitativas, em favor do proletariado e do povo trabalhador venezuelano\u201d, concluiu.<\/p>\n<p><em>Traduzido por L\u00edgia Orlandin.<\/em><\/p>\n<blockquote class=\"wp-embedded-content\" data-secret=\"q01VZEHxDO\"><p><a href=\"https:\/\/contrapunto.com\/especiales\/entrevistas-ctp\/pedro-eusse-este-gobierno-no-es-socialista-y-en-nuestro-pais-el-socialismo-jamas-ha-sido-alcanzado\/\">Pedro Eusse: &#8220;Este gobierno no es socialista y en nuestro pa\u00eds el Socialismo jam\u00e1s ha sido alcanzado&#8221;<\/a><\/p><\/blockquote>\n<p><iframe loading=\"lazy\" class=\"wp-embedded-content\" sandbox=\"allow-scripts\" security=\"restricted\" style=\"position: absolute; clip: rect(1px, 1px, 1px, 1px);\" title=\"&#8220;Pedro Eusse: &#8220;Este gobierno no es socialista y en nuestro pa\u00eds el Socialismo jam\u00e1s ha sido alcanzado&#8221;&#8221; &#8212; Contrapunto.com\" src=\"https:\/\/contrapunto.com\/especiales\/entrevistas-ctp\/pedro-eusse-este-gobierno-no-es-socialista-y-en-nuestro-pais-el-socialismo-jamas-ha-sido-alcanzado\/embed\/#?secret=q01VZEHxDO\" data-secret=\"q01VZEHxDO\" width=\"600\" height=\"338\" frameborder=\"0\" marginwidth=\"0\" marginheight=\"0\" scrolling=\"no\"><\/iframe><\/p>\n<p>&nbsp;<\/p>\n","protected":false},"excerpt":{"rendered":"<a class=\"moretag\" href=\"https:\/\/pcb.org.br\/portal2\/28393\"> <\/a>","protected":false},"author":1,"featured_media":0,"comment_status":"closed","ping_status":"closed","sticky":false,"template":"","format":"standard","meta":{"jetpack_post_was_ever_published":false,"_jetpack_newsletter_access":"","_jetpack_dont_email_post_to_subs":false,"_jetpack_newsletter_tier_id":0,"_jetpack_memberships_contains_paywalled_content":false,"_jetpack_memberships_contains_paid_content":false,"footnotes":"","jetpack_publicize_message":"\"Aa propaganda oficial se utiliza dos clich\u00eas de \u201csocialismo\u201d, \u201crevolu\u00e7\u00e3o\u201d, \u201cgoverno oper\u00e1rio\u201d, mas na realidade as pol\u00edticas econ\u00f4micas e trabalhistas, sobretudo a partir de 2018, t\u00eam uma orienta\u00e7\u00e3o claramente neoliberal.\"","jetpack_publicize_feature_enabled":true,"jetpack_social_post_already_shared":true,"jetpack_social_options":{"image_generator_settings":{"template":"highway","default_image_id":0,"font":"","enabled":false},"version":2}},"categories":[45],"tags":[224],"class_list":["post-28393","post","type-post","status-publish","format-standard","hentry","category-c54-venezuela","tag-3b"],"jetpack_publicize_connections":[],"jetpack_featured_media_url":"","jetpack_shortlink":"https:\/\/wp.me\/p659gw-7nX","jetpack-related-posts":[],"jetpack_likes_enabled":true,"jetpack_sharing_enabled":true,"_links":{"self":[{"href":"https:\/\/pcb.org.br\/portal2\/wp-json\/wp\/v2\/posts\/28393","targetHints":{"allow":["GET"]}}],"collection":[{"href":"https:\/\/pcb.org.br\/portal2\/wp-json\/wp\/v2\/posts"}],"about":[{"href":"https:\/\/pcb.org.br\/portal2\/wp-json\/wp\/v2\/types\/post"}],"author":[{"embeddable":true,"href":"https:\/\/pcb.org.br\/portal2\/wp-json\/wp\/v2\/users\/1"}],"replies":[{"embeddable":true,"href":"https:\/\/pcb.org.br\/portal2\/wp-json\/wp\/v2\/comments?post=28393"}],"version-history":[{"count":0,"href":"https:\/\/pcb.org.br\/portal2\/wp-json\/wp\/v2\/posts\/28393\/revisions"}],"wp:attachment":[{"href":"https:\/\/pcb.org.br\/portal2\/wp-json\/wp\/v2\/media?parent=28393"}],"wp:term":[{"taxonomy":"category","embeddable":true,"href":"https:\/\/pcb.org.br\/portal2\/wp-json\/wp\/v2\/categories?post=28393"},{"taxonomy":"post_tag","embeddable":true,"href":"https:\/\/pcb.org.br\/portal2\/wp-json\/wp\/v2\/tags?post=28393"}],"curies":[{"name":"wp","href":"https:\/\/api.w.org\/{rel}","templated":true}]}}